{"id":693519,"date":"2026-08-04T09:17:12","date_gmt":"2026-08-04T09:17:12","guid":{"rendered":"https:\/\/www.europesays.com\/es\/693519\/"},"modified":"2026-08-04T09:17:12","modified_gmt":"2026-08-04T09:17:12","slug":"el-mal-tiempo-en-cuba-frena-la-reconexion-electrica-tras-el-apagon-nacional","status":"publish","type":"post","link":"https:\/\/www.europesays.com\/es\/693519\/","title":{"rendered":"El mal tiempo en Cuba frena la reconexi\u00f3n el\u00e9ctrica tras el apag\u00f3n nacional"},"content":{"rendered":"<p>    <img src=\"https:\/\/www.europesays.com\/es\/wp-content\/uploads\/2026\/08\/1785835032_744_2026-08-03T153A063A22Z-91840195.jpg\" width=\"1024\" height=\"682\" alt=\"\" loading=\"eager\" decoding=\"sync\" fetchpriority=\"high\"\/><\/p>\n<p>            afp_tickers        <\/p>\n<p>        Este contenido fue publicado en    <\/p>\n<p>        04 agosto 2026 &#8211; 10:30\n<\/p>\n<p>Cuba comenz\u00f3 este lunes a restablecer el servicio el\u00e9ctrico tras un nuevo apag\u00f3n nacional la noche anterior, el sexto en lo que va de a\u00f1o, pero el mal tiempo por lluvias provoc\u00f3 nuevas \u00abafectaciones sobre la red\u00bb.<\/p>\n<p>En consecuencia, amplias zonas del pa\u00eds siguen sin suministro desde el domingo, en medio de una severa crisis energ\u00e9tica y el bloqueo petrolero impuesto por Estados Unidos.<\/p>\n<p>Los cubanos manifiestan su cansancio e impotencia ante los apagones que durante las \u00faltimas semanas han superado las 30 horas consecutivas en la capital. En el interior del pa\u00eds pueden prolongarse por varias jornadas.<\/p>\n<p>\u00abDesde el viernes solo he tenido una hora y media de electricidad, no hay agua, no hay nada, lo que estamos viviendo los cubanos no es vida\u00bb, dijo a la AFP Mayra Rodr\u00edguez, una contable de 43 a\u00f1os.<\/p>\n<p>Con sus dos hijos peque\u00f1os, duerme en el balc\u00f3n de su apartamento para sobrellevar el calor de las noches de verano.<\/p>\n<p>La isla de 9,4 millones de habitantes sufre constantes cortes de electricidad de varias horas por d\u00eda debido al estado obsoleto de sus plantas termoel\u00e9ctricas. La situaci\u00f3n se ha agravado desde enero con las restricciones al suministro petrolero por parte de Estados Unidos.<\/p>\n<p>Seg\u00fan la estatal Uni\u00f3n El\u00e9ctrica de Cuba (UNE), \u00abuna oscilaci\u00f3n de frecuencia\u00bb o cambios descontrolados de la red sacaron de servicio una termoel\u00e9ctrica en el oriente del pa\u00eds.<\/p>\n<p>\u00abEl sistema colaps\u00f3 en su totalidad\u00bb la noche del domingo, a\u00f1adi\u00f3.\u00a0<\/p>\n<p>Se trata del sexto apag\u00f3n generalizado en lo que va del a\u00f1o y el und\u00e9cimo desde finales de 2024. Apenas 24 horas antes de este \u00faltimo corte total, cinco de las 15 provincias del pa\u00eds, incluida la capital, se hab\u00edan quedado a oscuras por un fallo en la red.<\/p>\n<p>Al mediod\u00eda de este lunes, siete provincias del occidente y centro de Cuba hab\u00edan sido reconectadas al Sistema El\u00e9ctrico Nacional, mientras que el 50% de La Habana contaba con servicio.<\/p>\n<p>Sin embargo, horas m\u00e1s tarde, la UNE inform\u00f3 que \u00abeventos meteorol\u00f3gicos existentes provocaron afectaciones sobre la red, incidiendo directamente en las unidades generadoras que se encontraban en l\u00ednea\u00bb, lo que interrumpi\u00f3 el proceso de recuperaci\u00f3n.\u00a0<\/p>\n<p>En la capital se registraron fuertes lluvias y tormentas el\u00e9ctricas al momento de las afectaciones. La UNE no precis\u00f3 el alcance de los da\u00f1os ni cu\u00e1ntas zonas resultaron afectadas.<\/p>\n<p>\u2013 \u00abInsostenible\u00bb \u2013<\/p>\n<p>Los habitantes de las zonas m\u00e1s afectadas expresan su rabia prendiendo fuego a la basura o golpeando cacerolas.<\/p>\n<p>Carlos Due\u00f1as, un mec\u00e1nico de 62 a\u00f1os, dijo sentirse agotado por una coyuntura \u00abinsostenible\u00bb.<\/p>\n<p>\u00abNadie dice cu\u00e1ndo podr\u00eda mejorar la situaci\u00f3n. Mientras tanto nos toca resistir, todo el mundo no tiene el dinero para comprar paneles\u00bb, dijo.\u00a0<\/p>\n<p>La Habana acusa a Washington de ser responsable de la cr\u00edtica situaci\u00f3n del sistema el\u00e9ctrico, mientras que Estados Unidos considera que se debe a una mala gesti\u00f3n econ\u00f3mica interna.<\/p>\n<p>Las siete plantas termoel\u00e9ctricas que constituyen la columna vertebral de la red nacional cubana tienen m\u00e1s de cuatro d\u00e9cadas de explotaci\u00f3n y sufren aver\u00edas frecuentemente.<\/p>\n<p>El bloqueo petrolero impuesto por Washington dificulta el suministro de combustible a estas plantas y a los generadores de respaldo, que suelen funcionar con di\u00e9sel importado.<\/p>\n<p>Seg\u00fan el gobierno cubano, en los \u00faltimos siete meses Washington solo ha permitido la llegada de un tanquero ruso con 100.000 toneladas de crudo.<\/p>\n<p>Adem\u00e1s, la administraci\u00f3n de Donald Trump ha intensificado las sanciones contra empresas estatales cubanas, lo que ha llevado a muchas compa\u00f1\u00edas extranjeras a suspender sus operaciones en el pa\u00eds, lo cual reduce la entrada de divisas.<\/p>\n<p>A finales de junio, el canciller cubano Bruno Rodr\u00edguez afirm\u00f3 que las conversaciones con Estados Unidos \u00abno muestran progresos\u00bb.\u00a0<\/p>\n<p>Mientras tanto, La Habana puso en marcha en junio una serie de reformas de libre mercado para darle un impulso a la econom\u00eda.<\/p>\n<p>lis\/vel<\/p>\n","protected":false},"excerpt":{"rendered":"afp_tickers Este contenido fue publicado en 04 agosto 2026 &#8211; 10:30 Cuba comenz\u00f3 este lunes a restablecer el&hellip;\n","protected":false},"author":2,"featured_media":693520,"comment_status":"","ping_status":"","sticky":false,"template":"","format":"standard","meta":{"footnotes":""},"categories":[42],"tags":[17,18,82,83,30394,84,77154,14686,13,14,8861,11,61,62,63,86,64,19,20,9,10,15,16,88,90,12,21,22,65,66,67],"class_list":["post-693519","post","type-post","status-publish","format-standard","has-post-thumbnail","category-internacional","tag-breaking-news","tag-breakingnews","tag-business","tag-diplomacy","tag-economic-sanction","tag-economy-general","tag-electricity-production-and-distribution","tag-energy-and-resource","tag-featured-news","tag-featurednews","tag-foreign-aid","tag-headlines","tag-internacional","tag-international","tag-international-news","tag-international-relations","tag-internationalnews","tag-latest-news","tag-latestnews","tag-news","tag-noticias","tag-noticias-destacadas","tag-noticiasdestacadas","tag-politics","tag-ticker","tag-titulares","tag-ultimas-noticias","tag-ultimasnoticias","tag-world","tag-world-news","tag-worldnews"],"share_on_mastodon":{"url":"","error":"Validation failed: Text character limit of 500 exceeded"},"_links":{"self":[{"href":"https:\/\/www.europesays.com\/es\/wp-json\/wp\/v2\/posts\/693519","targetHints":{"allow":["GET"]}}],"collection":[{"href":"https:\/\/www.europesays.com\/es\/wp-json\/wp\/v2\/posts"}],"about":[{"href":"https:\/\/www.europesays.com\/es\/wp-json\/wp\/v2\/types\/post"}],"author":[{"embeddable":true,"href":"https:\/\/www.europesays.com\/es\/wp-json\/wp\/v2\/users\/2"}],"replies":[{"embeddable":true,"href":"https:\/\/www.europesays.com\/es\/wp-json\/wp\/v2\/comments?post=693519"}],"version-history":[{"count":0,"href":"https:\/\/www.europesays.com\/es\/wp-json\/wp\/v2\/posts\/693519\/revisions"}],"wp:featuredmedia":[{"embeddable":true,"href":"https:\/\/www.europesays.com\/es\/wp-json\/wp\/v2\/media\/693520"}],"wp:attachment":[{"href":"https:\/\/www.europesays.com\/es\/wp-json\/wp\/v2\/media?parent=693519"}],"wp:term":[{"taxonomy":"category","embeddable":true,"href":"https:\/\/www.europesays.com\/es\/wp-json\/wp\/v2\/categories?post=693519"},{"taxonomy":"post_tag","embeddable":true,"href":"https:\/\/www.europesays.com\/es\/wp-json\/wp\/v2\/tags?post=693519"}],"curies":[{"name":"wp","href":"https:\/\/api.w.org\/{rel}","templated":true}]}}