{"id":69354,"date":"2025-08-24T16:56:14","date_gmt":"2025-08-24T16:56:14","guid":{"rendered":"https:\/\/www.europesays.com\/es\/69354\/"},"modified":"2025-08-24T16:56:14","modified_gmt":"2025-08-24T16:56:14","slug":"sedekerskis-confirmado-para-el-europeo","status":"publish","type":"post","link":"https:\/\/www.europesays.com\/es\/69354\/","title":{"rendered":"Sedekerskis, confirmado para el Europeo"},"content":{"rendered":"<p>\n        Todo el mundo lo daba por hecho pero, por si hab\u00eda alguna duda, <strong>Tadas Sedekerskis formar\u00e1 parte del <\/strong><strong>roster<\/strong><strong> definitivo de Lituania<\/strong> en el Europeo de selecciones que arranca este pr\u00f3ximo mi\u00e9rcoles.\n<\/p>\n<p class=\"article-body__text \">\n        <strong>El ala-p\u00edvot del Baskonia ha gozado de la confianza plena de Rimas Kurtinaitis,<\/strong> el t\u00e9cnico del combinado b\u00e1ltico que jugar\u00e1 sus partidos en Tempere (Finlandia) junto a la anfitriona, Alemania, Montenegro, Islandia y Suecia.\n<\/p>\n<p>            <a href=\"https:\/\/www.noticiasdealava.eus\/baskonia\/2025\/08\/17\/tlc-lista-definitiva-francia-europeo-9987029.html\" title=\"TLC, en la lista definitiva de Francia para el Europeo\" class=\"new__media\" rel=\"nofollow noopener\" target=\"_blank\"><\/p>\n<p>                <img alt=\"TLC, en la lista definitiva de Francia para el Europeo\" data-src=\"https:\/\/www.europesays.com\/es\/wp-content\/uploads\/2025\/08\/9757aa10-0a2f-462f-8e71-cdc06a4c2e0a_16-9-aspect-ratio_default_0_x1418y849.jpg\" class=\"lozad\"\/><\/p>\n<p>        <\/a><\/p>\n<p>        <a href=\"https:\/\/www.noticiasdealava.eus\/baskonia\/2025\/08\/17\/tlc-lista-definitiva-francia-europeo-9987029.html\" title=\"TLC, en la lista definitiva de Francia para el Europeo\" class=\"new__headline\" rel=\"nofollow noopener\" target=\"_blank\"><br \/>\n            TLC, en la lista definitiva de Francia para el Europeo<br \/>\n        <\/a><\/p>\n<p class=\"article-body__text \">\n        Lituania estar\u00e1 liderada por el p\u00edvot Jonas Valanciunas y <strong>contar\u00e1 entre sus filas con otro viejo conocido de la afici\u00f3n baskonista como Rokas Giedraitis<\/strong>, flamante fichaje del Tenerife.\n<\/p>\n<p class=\"article-body__text \">\n        El equipo se completa con Arnas Veli\u010dka, \u0104\u017euolas Tubelis, Deividas Sirvydis, Gytis Radzevi\u010dius, Ignas Sargi\u016bnas, Laurynas Birutis, Marek Blazevic, Margiris Normantas y Rokas Jokubaitis.\n<\/p>\n<p>            <a href=\"https:\/\/www.noticiasdealava.eus\/baskonia\/2025\/08\/21\/rodions-kurucs-sera-operado-talon-baskonia-9999959.html\" title=\"Rodions Kurucs ser\u00e1 operado del tal\u00f3n y dice adi\u00f3s al Eurobasket\" class=\"new__media\" rel=\"nofollow noopener\" target=\"_blank\"><\/p>\n<p>                <img alt=\"Rodions Kurucs ser\u00e1 operado del tal\u00f3n y dice adi\u00f3s al Eurobasket\" data-src=\"https:\/\/www.europesays.com\/es\/wp-content\/uploads\/2025\/08\/a2d16bf1-1b84-482f-bbaf-9ecb7a0e0267_16-9-aspect-ratio_default_0.jpg\" class=\"lozad\"\/><\/p>\n<p>        <\/a><\/p>\n<p>        <a href=\"https:\/\/www.noticiasdealava.eus\/baskonia\/2025\/08\/21\/rodions-kurucs-sera-operado-talon-baskonia-9999959.html\" title=\"Rodions Kurucs ser\u00e1 operado del tal\u00f3n y dice adi\u00f3s al Eurobasket\" class=\"new__headline\" rel=\"nofollow noopener\" target=\"_blank\"><br \/>\n            Rodions Kurucs ser\u00e1 operado del tal\u00f3n y dice adi\u00f3s al Eurobasket<br \/>\n        <\/a><\/p>\n<p class=\"article-body__text \">\n        <strong>Lituania ha ganado seis de los siete partidos de preparaci\u00f3n que ha disputado<\/strong> ante Estonia, Turqu\u00eda, Georgia, Letonia, Eslovenia e Islandia. Su \u00fanica derrota ha tenido lugar ante Turqu\u00eda.\n<\/p>\n<p class=\"article-body__text \">\n        Tadas ser\u00e1 uno de los tres baskonistas que dispute el Europeo <strong>junto a Tim Luwawu-Cabarrot (Francia) y Matteo Spagnolo (Italia)<\/strong>. En el \u00faltimo momento, Rodions Kurucs ha causado baja con Letonia tras sufrir una lesi\u00f3n en el tal\u00f3n que le obligar\u00e1 a operarse este lunes en Madrid.\n<\/p>\n<p class=\"article-body__text \">\n        El ex del Murcia arrastraba desde hace tiempo una fascitis plantar y, aunque no se conoce con exactitud el tiempo de baja, <strong>se perder\u00e1 en principio el tramo inicial de la temporada 2025-26<\/strong>.<\/p>\n","protected":false},"excerpt":{"rendered":"Todo el mundo lo daba por hecho pero, por si hab\u00eda alguna duda, Tadas Sedekerskis formar\u00e1 parte del&hellip;\n","protected":false},"author":2,"featured_media":69355,"comment_status":"","ping_status":"","sticky":false,"template":"","format":"standard","meta":{"footnotes":""},"categories":[269],"tags":[299,298,8723,168,25,24,5824,27806,23,167],"class_list":{"0":"post-69354","1":"post","2":"type-post","3":"status-publish","4":"format-standard","5":"has-post-thumbnail","7":"category-baloncesto","8":"tag-baloncesto","9":"tag-basketball","10":"tag-confirmado","11":"tag-deportes","12":"tag-es","13":"tag-espana","14":"tag-europeo","15":"tag-sedekerskis","16":"tag-spain","17":"tag-sports"},"share_on_mastodon":{"url":"","error":""},"_links":{"self":[{"href":"https:\/\/www.europesays.com\/es\/wp-json\/wp\/v2\/posts\/69354","targetHints":{"allow":["GET"]}}],"collection":[{"href":"https:\/\/www.europesays.com\/es\/wp-json\/wp\/v2\/posts"}],"about":[{"href":"https:\/\/www.europesays.com\/es\/wp-json\/wp\/v2\/types\/post"}],"author":[{"embeddable":true,"href":"https:\/\/www.europesays.com\/es\/wp-json\/wp\/v2\/users\/2"}],"replies":[{"embeddable":true,"href":"https:\/\/www.europesays.com\/es\/wp-json\/wp\/v2\/comments?post=69354"}],"version-history":[{"count":0,"href":"https:\/\/www.europesays.com\/es\/wp-json\/wp\/v2\/posts\/69354\/revisions"}],"wp:featuredmedia":[{"embeddable":true,"href":"https:\/\/www.europesays.com\/es\/wp-json\/wp\/v2\/media\/69355"}],"wp:attachment":[{"href":"https:\/\/www.europesays.com\/es\/wp-json\/wp\/v2\/media?parent=69354"}],"wp:term":[{"taxonomy":"category","embeddable":true,"href":"https:\/\/www.europesays.com\/es\/wp-json\/wp\/v2\/categories?post=69354"},{"taxonomy":"post_tag","embeddable":true,"href":"https:\/\/www.europesays.com\/es\/wp-json\/wp\/v2\/tags?post=69354"}],"curies":[{"name":"wp","href":"https:\/\/api.w.org\/{rel}","templated":true}]}}