{"id":693633,"date":"2026-08-04T10:51:13","date_gmt":"2026-08-04T10:51:13","guid":{"rendered":"https:\/\/www.europesays.com\/es\/693633\/"},"modified":"2026-08-04T10:51:13","modified_gmt":"2026-08-04T10:51:13","slug":"dinamarca-inicia-el-nuevo-servicio-militar-de-11-meses-de-duracion","status":"publish","type":"post","link":"https:\/\/www.europesays.com\/es\/693633\/","title":{"rendered":"Dinamarca inicia el nuevo servicio militar, de 11 meses de duraci\u00f3n"},"content":{"rendered":"<p>    <img src=\"https:\/\/www.europesays.com\/es\/wp-content\/uploads\/2026\/08\/2026-08-04T083A413A27Z-91843108.jpg\" width=\"1024\" height=\"682\" alt=\"\" loading=\"eager\" decoding=\"sync\" fetchpriority=\"high\"\/><\/p>\n<p>            afp_tickers        <\/p>\n<p>        Este contenido fue publicado en    <\/p>\n<p>        04 agosto 2026 &#8211; 10:41\n<\/p>\n<p>Unos 1.600 j\u00f3venes daneses iniciaron este lunes su servicio militar, que ahora dura 11 meses -frente a cuatro meses anteriormente- para poder hacer frente a la amenaza que representa Rusia.<\/p>\n<p>Como consecuencia de la invasi\u00f3n rusa de Ucrania, iniciada en 2022, Dinamarca decidi\u00f3 en 2024 ampliar la duraci\u00f3n de su servicio militar y extenderlo a las mujeres.<\/p>\n<p>\u00abMiren hacia el este. \u00bfTengo que decir algo m\u00e1s? Se trata, por supuesto, de la situaci\u00f3n en materia de seguridad relacionada con Rusia y de lo que esta podr\u00eda llegar a hacer si la OTAN no reacciona\u00bb, dijo el coronel Michael Villumsen a la AFP durante una visita a la base militar de Oksb\u00f8l, en el oeste del pa\u00eds.<\/p>\n<p>\u00abEn la actualidad la OTAN act\u00faa, y nuestra contribuci\u00f3n consiste precisamente en reforzar muy r\u00e1pidamente nuestro estado de preparaci\u00f3n para el combate gracias al servicio militar obligatorio\u00bb, agreg\u00f3.<\/p>\n<p>En Dinamarca, la conscripci\u00f3n se basa en gran medida en el voluntariado: los j\u00f3venes considerados aptos se presentan primero como voluntarios y, en los casos en que faltan reclutas, el resto se selecciona por sorteo.<\/p>\n<p>Este a\u00f1o, alrededor del 20% de los reclutas son mujeres, seg\u00fan las fuerzas armadas.<\/p>\n<p>En su nueva modalidad, el servicio militar implica tambi\u00e9n una ampliaci\u00f3n de las misiones que los reclutas est\u00e1n llamados a desempe\u00f1ar.<\/p>\n<p>Los tres a cinco primeros meses se dedican al aprendizaje de competencias militares b\u00e1sicas (tiro, primeros auxilios, entrenamiento f\u00edsico\u2026), luego los reclutas son asignados a misiones operativas (vigilancia, pilotaje de drones\u2026).<\/p>\n<p>Un joven conscripto, Mikkel Gintberg Hansen, de 20 a\u00f1os, se muestra \u00abentusiasmado con los pr\u00f3ximos 11 meses\u00bb.<\/p>\n<p>\u00abBuscaba algo que hacer. Acabo de pasar un a\u00f1o entero sin hacer gran cosa y prefer\u00eda esto a un trabajo cl\u00e1sico\u00bb, conf\u00eda a la AFP.<\/p>\n<p>\u00abY no me disgustar\u00eda ir a Groenlandia [territorio aut\u00f3nomo dan\u00e9s] o ser destinado fuera de Dinamarca (\u2026) Solo espero que no estalle una guerra mientras est\u00e9 all\u00ed\u00bb, coment\u00f3.<\/p>\n<p>str-nzg\/phy\/thm\/ahg\/hgs<\/p>\n","protected":false},"excerpt":{"rendered":"afp_tickers Este contenido fue publicado en 04 agosto 2026 &#8211; 10:41 Unos 1.600 j\u00f3venes daneses iniciaron este lunes&hellip;\n","protected":false},"author":2,"featured_media":693634,"comment_status":"","ping_status":"","sticky":false,"template":"","format":"standard","meta":{"footnotes":""},"categories":[42],"tags":[11642,17,18,11643,13,14,4437,11,61,62,63,64,19,20,9,10,15,16,88,5799,2005,90,12,21,22,65,66,67],"class_list":["post-693633","post","type-post","status-publish","format-standard","has-post-thumbnail","category-internacional","tag-armed-forces","tag-breaking-news","tag-breakingnews","tag-defence","tag-featured-news","tag-featurednews","tag-government","tag-headlines","tag-internacional","tag-international","tag-international-news","tag-internationalnews","tag-latest-news","tag-latestnews","tag-news","tag-noticias","tag-noticias-destacadas","tag-noticiasdestacadas","tag-politics","tag-social-issues-general","tag-society","tag-ticker","tag-titulares","tag-ultimas-noticias","tag-ultimasnoticias","tag-world","tag-world-news","tag-worldnews"],"share_on_mastodon":{"url":"https:\/\/pubeurope.com\/@es\/117036862688790928","error":""},"_links":{"self":[{"href":"https:\/\/www.europesays.com\/es\/wp-json\/wp\/v2\/posts\/693633","targetHints":{"allow":["GET"]}}],"collection":[{"href":"https:\/\/www.europesays.com\/es\/wp-json\/wp\/v2\/posts"}],"about":[{"href":"https:\/\/www.europesays.com\/es\/wp-json\/wp\/v2\/types\/post"}],"author":[{"embeddable":true,"href":"https:\/\/www.europesays.com\/es\/wp-json\/wp\/v2\/users\/2"}],"replies":[{"embeddable":true,"href":"https:\/\/www.europesays.com\/es\/wp-json\/wp\/v2\/comments?post=693633"}],"version-history":[{"count":0,"href":"https:\/\/www.europesays.com\/es\/wp-json\/wp\/v2\/posts\/693633\/revisions"}],"wp:featuredmedia":[{"embeddable":true,"href":"https:\/\/www.europesays.com\/es\/wp-json\/wp\/v2\/media\/693634"}],"wp:attachment":[{"href":"https:\/\/www.europesays.com\/es\/wp-json\/wp\/v2\/media?parent=693633"}],"wp:term":[{"taxonomy":"category","embeddable":true,"href":"https:\/\/www.europesays.com\/es\/wp-json\/wp\/v2\/categories?post=693633"},{"taxonomy":"post_tag","embeddable":true,"href":"https:\/\/www.europesays.com\/es\/wp-json\/wp\/v2\/tags?post=693633"}],"curies":[{"name":"wp","href":"https:\/\/api.w.org\/{rel}","templated":true}]}}