{"id":693685,"date":"2026-08-04T11:32:21","date_gmt":"2026-08-04T11:32:21","guid":{"rendered":"https:\/\/www.europesays.com\/es\/693685\/"},"modified":"2026-08-04T11:32:21","modified_gmt":"2026-08-04T11:32:21","slug":"iris-tio-conquista-la-medalla-de-oro-en-el-solo-tecnico-de-los-campeonatos-de-europa-de-natacion-sincronizada-deportes","status":"publish","type":"post","link":"https:\/\/www.europesays.com\/es\/693685\/","title":{"rendered":"Iris Ti\u00f3 conquista la medalla de oro en el solo t\u00e9cnico de los campeonatos de Europa de nataci\u00f3n sincronizada | Deportes"},"content":{"rendered":"<p class=\"\"><a href=\"https:\/\/elpais.com\/deportes\/2026-08-03\/espana-suma-dos-bronces-mas-en-la-jornada-de-solos-libres-del-europeo-de-natacion-artistica-en-paris.html\" target=\"_self\" rel=\"nofollow noopener\" title=\"https:\/\/elpais.com\/deportes\/2026-08-03\/espana-suma-dos-bronces-mas-en-la-jornada-de-solos-libres-del-europeo-de-natacion-artistica-en-paris.html\">Iris Ti\u00f3 ya puede decir que es campeona de Europa.<\/a> La nadadora del CN Sabadell se impuso este martes en la final de solo t\u00e9cnico disputada en el Centro Acu\u00e1tico Ol\u00edmpico de Saint-Denis con 263,6250 puntos, dejando fuera del oro a la bielorrusa Vasilina Khandoshka, que compite bajo bandera neutral tras la exclusi\u00f3n de su pa\u00eds debido a la invasi\u00f3n rusa de Ucrania, por apenas 0,2433 puntos. Pocas finales continentales se recuerdan tan ajustadas como esta.<\/p>\n<p class=\"\">La plata de Khandoshka tiene su propia lectura, porque apenas un d\u00eda antes hab\u00eda sido ella quien se colg\u00f3 el oro en el solo libre, con Ti\u00f3 conform\u00e1ndose entonces con el bronce. Esta vez los papeles se invirtieron. El podio lo complet\u00f3 la alemana Klara Bleyer, con 258,0400 puntos, ya a una distancia considerable de las dos primeras.<\/p>\n<p class=\"\">El resultado tiene su m\u00e9rito si se mira la letra peque\u00f1a de las puntuaciones. Khandoshka sali\u00f3 del agua con una dificultad declarada m\u00e1s alta que la espa\u00f1ola, 153,4317 por 149,4250, y durante buena parte de la final dio la sensaci\u00f3n de que esa apuesta iba a bastarle para el oro. Pero en el apartado de impresi\u00f3n art\u00edstica, donde el jurado valora la ejecuci\u00f3n, la musicalidad y la interpretaci\u00f3n de la rutina, Ti\u00f3 sac\u00f3 una diferencia de m\u00e1s de cuatro puntos: 114,2000 frente a 109,9500. Esa distancia fue, exactamente, la que necesitaba para dar la vuelta al marcador y evitar que se repitiera el gui\u00f3n del d\u00eda anterior.<\/p>\n<p class=\"\">No es la primera vez que Espa\u00f1a gana as\u00ed una final en este Europeo. La misma f\u00f3rmula, ceder algo de riesgo en la dificultad para compensarlo con superioridad en la impresi\u00f3n art\u00edstica, ya le hab\u00eda dado la plata a Ti\u00f3 y Lilou Llu\u00eds en d\u00fao libre, cuando tambi\u00e9n firmaron la mejor nota de ese apartado sin que fuera suficiente para el oro. Esta vez s\u00ed lo fue, y Espa\u00f1a lo celebr\u00f3 como el oro m\u00e1s trabajado de la semana.<\/p>\n<p class=\"\">Es, adem\u00e1s, el tercer podio individual de Ti\u00f3 en apenas unos d\u00edas de competici\u00f3n, <a href=\"https:\/\/elpais.com\/deportes\/2026-08-03\/espana-suma-dos-bronces-mas-en-la-jornada-de-solos-libres-del-europeo-de-natacion-artistica-en-paris.html\" target=\"_self\" rel=\"nofollow noopener\" title=\"https:\/\/elpais.com\/deportes\/2026-08-03\/espana-suma-dos-bronces-mas-en-la-jornada-de-solos-libres-del-europeo-de-natacion-artistica-en-paris.html\">despu\u00e9s de la plata en d\u00fao libre y el bronce logrado el lunes en el propio solo libre.<\/a> Tres finales, tres medallas, y una progresi\u00f3n que sit\u00faa a la catalana como la gran referencia del equipo espa\u00f1ol en este Europeo.<\/p>\n<p class=\"\">Con este oro, Ti\u00f3 certifica que atraviesa el mejor momento de su carrera individual, dentro de un equipo, el que dirige Andrea Fuentes, que est\u00e1 firmando en Par\u00eds uno de los campeonatos m\u00e1s s\u00f3lidos de su historia reciente. La cita continua hasta el pr\u00f3ximo mi\u00e9rcoles, con el ballet acrob\u00e1tico como \u00faltima gran cita del programa art\u00edstico.<\/p>\n","protected":false},"excerpt":{"rendered":"Iris Ti\u00f3 ya puede decir que es campeona de Europa. La nadadora del CN Sabadell se impuso este&hellip;\n","protected":false},"author":2,"featured_media":693686,"comment_status":"","ping_status":"","sticky":false,"template":"","format":"standard","meta":{"footnotes":""},"categories":[93],"tags":[168,927,25,24,3715,633,1746,4759,23,167],"class_list":["post-693685","post","type-post","status-publish","format-standard","has-post-thumbnail","category-deportes","tag-deportes","tag-deportistas","tag-es","tag-espana","tag-iris-tio-casas","tag-natacion","tag-natacion-sincronizada","tag-paris","tag-spain","tag-sports"],"share_on_mastodon":{"url":"https:\/\/pubeurope.com\/@es\/117037023308951586","error":""},"_links":{"self":[{"href":"https:\/\/www.europesays.com\/es\/wp-json\/wp\/v2\/posts\/693685","targetHints":{"allow":["GET"]}}],"collection":[{"href":"https:\/\/www.europesays.com\/es\/wp-json\/wp\/v2\/posts"}],"about":[{"href":"https:\/\/www.europesays.com\/es\/wp-json\/wp\/v2\/types\/post"}],"author":[{"embeddable":true,"href":"https:\/\/www.europesays.com\/es\/wp-json\/wp\/v2\/users\/2"}],"replies":[{"embeddable":true,"href":"https:\/\/www.europesays.com\/es\/wp-json\/wp\/v2\/comments?post=693685"}],"version-history":[{"count":0,"href":"https:\/\/www.europesays.com\/es\/wp-json\/wp\/v2\/posts\/693685\/revisions"}],"wp:featuredmedia":[{"embeddable":true,"href":"https:\/\/www.europesays.com\/es\/wp-json\/wp\/v2\/media\/693686"}],"wp:attachment":[{"href":"https:\/\/www.europesays.com\/es\/wp-json\/wp\/v2\/media?parent=693685"}],"wp:term":[{"taxonomy":"category","embeddable":true,"href":"https:\/\/www.europesays.com\/es\/wp-json\/wp\/v2\/categories?post=693685"},{"taxonomy":"post_tag","embeddable":true,"href":"https:\/\/www.europesays.com\/es\/wp-json\/wp\/v2\/tags?post=693685"}],"curies":[{"name":"wp","href":"https:\/\/api.w.org\/{rel}","templated":true}]}}