{"id":693969,"date":"2026-08-04T15:08:15","date_gmt":"2026-08-04T15:08:15","guid":{"rendered":"https:\/\/www.europesays.com\/es\/693969\/"},"modified":"2026-08-04T15:08:15","modified_gmt":"2026-08-04T15:08:15","slug":"los-dialogos-con-la-oposicion-son-una-ganancia-para-la-estabilidad-de-venezuela-dice-el-jefe-del-chavismo","status":"publish","type":"post","link":"https:\/\/www.europesays.com\/es\/693969\/","title":{"rendered":"Los di\u00e1logos con la oposici\u00f3n son una \u00abganancia\u00bb para la estabilidad de Venezuela, dice el jefe del chavismo"},"content":{"rendered":"<p>    <img src=\"https:\/\/www.europesays.com\/es\/wp-content\/uploads\/2026\/08\/2026-08-04T143A093A39Z-91845983.jpg\" width=\"1024\" height=\"682\" alt=\"\" loading=\"eager\" decoding=\"sync\" fetchpriority=\"high\"\/><\/p>\n<p>            afp_tickers        <\/p>\n<p>        Este contenido fue publicado en    <\/p>\n<p>        04 agosto 2026 &#8211; 16:09\n<\/p>\n<p>Los di\u00e1logos entre el gobierno interino y delegados de la oposici\u00f3n son una \u00abganancia\u00bb para la estabilidad de Venezuela, dijo el lunes el ministro de Interior y jefe del partido oficialista, Diosdado Cabello, al referirse a las negociaciones apoyadas por Estados Unidos.<\/p>\n<p>Siete meses despu\u00e9s de la captura del depuesto Nicol\u00e1s Maduro en una incursi\u00f3n militar estadounidense, delegados de la presidenta encargada, Delcy Rodr\u00edguez, y opositores tendr\u00e1n una primera ronda de di\u00e1logo presencial esta semana en Caracas en una fecha que no ha sido divulgada.<\/p>\n<p>Las conversaciones se producen sin la participaci\u00f3n de la principal l\u00edder de la oposici\u00f3n venezolana y premio Nobel de la Paz, Mar\u00eda Corina Machado, quien ha dicho que no obstaculizar\u00e1 el proceso.\u00a0<\/p>\n<p>Los temas a tratar en el primer encuentro ser\u00e1n la \u00abatenci\u00f3n\u00bb del doble terremoto del 24 de junio que dej\u00f3 casi 6.000 muertos, el \u00abfortalecimiento de la democracia\u00bb y \u00abderechos y garant\u00edas pol\u00edticas\u00bb.\u00a0<\/p>\n<p>Machado reclama el triunfo del opositor Edmundo Gonz\u00e1lez Urrutia en las elecciones celebradas el 28 de julio de 2024 tras las cuales Maduro fue proclamado ganador para un tercer mandato consecutivo, en medio de denuncias de fraude y protestas que dejaron 28 muertos y m\u00e1s de 2.400 detenidos.<\/p>\n<p>\u00abLo que ocurre es que hay sectores opositores que creen que di\u00e1logo de capitulaci\u00f3n y no es as\u00ed, di\u00e1logo aceptamos dos, tres, cuatro, cinco, lo que tenga que aceptarse con argumentos en la mano\u00bb, dijo Cabello, secretario del gobernante Partido Unido Socialista de Venezuela (Psuv).<\/p>\n<p>\u00abAqu\u00ed recuerden que muchos de los que est\u00e1n ah\u00ed con los sectores de la oposici\u00f3n crearon el estatuto de la transici\u00f3n para violar la Constituci\u00f3n, ahora vienen con esta Constituci\u00f3n en la mano, para nosotros ya es ganancia, para el pa\u00eds es ganancia, para la estabilidad es ganancia\u00bb, afirm\u00f3 el poderoso dirigente por cuya captura Estados Unidos pide 25 millones de d\u00f3lares.<\/p>\n<p>mbj\/lp\/cr<\/p>\n","protected":false},"excerpt":{"rendered":"afp_tickers Este contenido fue publicado en 04 agosto 2026 &#8211; 16:09 Los di\u00e1logos entre el gobierno interino y&hellip;\n","protected":false},"author":2,"featured_media":693970,"comment_status":"","ping_status":"","sticky":false,"template":"","format":"standard","meta":{"footnotes":""},"categories":[42],"tags":[17,18,636,4170,6654,13,14,11,61,62,63,64,19,20,9,10,15,16,88,90,12,21,22,65,66,67],"class_list":["post-693969","post","type-post","status-publish","format-standard","has-post-thumbnail","category-internacional","tag-breaking-news","tag-breakingnews","tag-conflict","tag-crisis","tag-election","tag-featured-news","tag-featurednews","tag-headlines","tag-internacional","tag-international","tag-international-news","tag-internationalnews","tag-latest-news","tag-latestnews","tag-news","tag-noticias","tag-noticias-destacadas","tag-noticiasdestacadas","tag-politics","tag-ticker","tag-titulares","tag-ultimas-noticias","tag-ultimasnoticias","tag-world","tag-world-news","tag-worldnews"],"share_on_mastodon":{"url":"https:\/\/pubeurope.com\/@es\/117037872369405202","error":""},"_links":{"self":[{"href":"https:\/\/www.europesays.com\/es\/wp-json\/wp\/v2\/posts\/693969","targetHints":{"allow":["GET"]}}],"collection":[{"href":"https:\/\/www.europesays.com\/es\/wp-json\/wp\/v2\/posts"}],"about":[{"href":"https:\/\/www.europesays.com\/es\/wp-json\/wp\/v2\/types\/post"}],"author":[{"embeddable":true,"href":"https:\/\/www.europesays.com\/es\/wp-json\/wp\/v2\/users\/2"}],"replies":[{"embeddable":true,"href":"https:\/\/www.europesays.com\/es\/wp-json\/wp\/v2\/comments?post=693969"}],"version-history":[{"count":0,"href":"https:\/\/www.europesays.com\/es\/wp-json\/wp\/v2\/posts\/693969\/revisions"}],"wp:featuredmedia":[{"embeddable":true,"href":"https:\/\/www.europesays.com\/es\/wp-json\/wp\/v2\/media\/693970"}],"wp:attachment":[{"href":"https:\/\/www.europesays.com\/es\/wp-json\/wp\/v2\/media?parent=693969"}],"wp:term":[{"taxonomy":"category","embeddable":true,"href":"https:\/\/www.europesays.com\/es\/wp-json\/wp\/v2\/categories?post=693969"},{"taxonomy":"post_tag","embeddable":true,"href":"https:\/\/www.europesays.com\/es\/wp-json\/wp\/v2\/tags?post=693969"}],"curies":[{"name":"wp","href":"https:\/\/api.w.org\/{rel}","templated":true}]}}