{"id":694097,"date":"2026-08-04T16:40:14","date_gmt":"2026-08-04T16:40:14","guid":{"rendered":"https:\/\/www.europesays.com\/es\/694097\/"},"modified":"2026-08-04T16:40:14","modified_gmt":"2026-08-04T16:40:14","slug":"los-democratas-votan-en-primarias-en-michigan-estado-clave","status":"publish","type":"post","link":"https:\/\/www.europesays.com\/es\/694097\/","title":{"rendered":"Los dem\u00f3cratas votan en primarias en M\u00edchigan, estado clave"},"content":{"rendered":"<p>    <img src=\"https:\/\/www.europesays.com\/es\/wp-content\/uploads\/2026\/08\/2026-08-04T163A003A34Z-91846586.jpg\" width=\"1024\" height=\"682\" alt=\"\" loading=\"eager\" decoding=\"sync\" fetchpriority=\"high\"\/><\/p>\n<p>            afp_tickers        <\/p>\n<p>        Este contenido fue publicado en    <\/p>\n<p>        04 agosto 2026 &#8211; 18:00\n<\/p>\n<p>Los dem\u00f3cratas estadounidenses votan este martes en su primaria en M\u00edchigan, donde un candidato de izquierda se enfrenta a una congresista respaldada por el establishment en una contienda sobre la que planea el futuro del partido a nivel nacional.<\/p>\n<p>Los candidatos para pelear por la banca en cuesti\u00f3n son Abdul El-Sayed, un doctor procedente del ala progresista del Partido Dem\u00f3crata, y Haley Stevens, actual diputada respaldada por el establishment del partido.<\/p>\n<p>El vencedor dem\u00f3crata en este estado de m\u00e1s de 10 millones de habitantes del norte del pa\u00eds se enfrentar\u00e1 en noviembre al republicano Mike Rogers por un esca\u00f1o que dej\u00f3 vacante el dem\u00f3crata Gary Peters.<\/p>\n<p>Los dem\u00f3cratas esperan recuperar la mayor\u00eda en el Senado, pero para lograrlo deben sin duda conservar su esca\u00f1o en este estado, donde Donald Trump triunf\u00f3 en 2024.<\/p>\n<p>La primaria dem\u00f3crata del martes despierta mucho inter\u00e9s.\u00a0<\/p>\n<p>Una victoria de Abdul El-Sayed, favorito en las encuestas, coronar\u00eda el movimiento progresista, que ya ha logrado varios triunfos en primarias recientes en Nueva York y Colorado.\u00a0<\/p>\n<p>Cuenta con el apoyo de varias figuras progresistas como Bernie Sanders y Alexandria Ocasio-Cortez.<\/p>\n<p>Se presenta como dispuesto a luchar por las clases populares frente a Trump, los grandes empresarios, pero tambi\u00e9n contra los actuales dirigentes del Partido Dem\u00f3crata y el movimiento proisrael\u00ed en Estados Unidos.<\/p>\n<p>Haley Stevens, diputada desde 2019 de los alrededores de Detroit, ha centrado su campa\u00f1a en la reindustrializaci\u00f3n y en su capacidad para reunir a personas de distintos \u00e1mbitos frente a los republicanos.<\/p>\n<p>Esta exasesora del presidente Barack Obama en temas de la industria automotriz cuenta con el apoyo de varios dirigentes dem\u00f3cratas, como Chuck Schumer y la gobernadora de M\u00edchigan, Gretchen Whitmer.<\/p>\n<p>str-ft\/rle\/sia\/jm\/mar<\/p>\n","protected":false},"excerpt":{"rendered":"afp_tickers Este contenido fue publicado en 04 agosto 2026 &#8211; 18:00 Los dem\u00f3cratas estadounidenses votan este martes en&hellip;\n","protected":false},"author":2,"featured_media":694098,"comment_status":"","ping_status":"","sticky":false,"template":"","format":"standard","meta":{"footnotes":""},"categories":[42],"tags":[17,18,6654,13,14,11,61,62,63,64,19,20,9,10,15,16,12089,88,12090,125421,90,12,21,22,65,66,67],"class_list":["post-694097","post","type-post","status-publish","format-standard","has-post-thumbnail","category-internacional","tag-breaking-news","tag-breakingnews","tag-election","tag-featured-news","tag-featurednews","tag-headlines","tag-internacional","tag-international","tag-international-news","tag-internationalnews","tag-latest-news","tag-latestnews","tag-news","tag-noticias","tag-noticias-destacadas","tag-noticiasdestacadas","tag-parties-and-movements","tag-politics","tag-politics-general","tag-primary","tag-ticker","tag-titulares","tag-ultimas-noticias","tag-ultimasnoticias","tag-world","tag-world-news","tag-worldnews"],"share_on_mastodon":{"url":"https:\/\/pubeurope.com\/@es\/117038234876407660","error":""},"_links":{"self":[{"href":"https:\/\/www.europesays.com\/es\/wp-json\/wp\/v2\/posts\/694097","targetHints":{"allow":["GET"]}}],"collection":[{"href":"https:\/\/www.europesays.com\/es\/wp-json\/wp\/v2\/posts"}],"about":[{"href":"https:\/\/www.europesays.com\/es\/wp-json\/wp\/v2\/types\/post"}],"author":[{"embeddable":true,"href":"https:\/\/www.europesays.com\/es\/wp-json\/wp\/v2\/users\/2"}],"replies":[{"embeddable":true,"href":"https:\/\/www.europesays.com\/es\/wp-json\/wp\/v2\/comments?post=694097"}],"version-history":[{"count":0,"href":"https:\/\/www.europesays.com\/es\/wp-json\/wp\/v2\/posts\/694097\/revisions"}],"wp:featuredmedia":[{"embeddable":true,"href":"https:\/\/www.europesays.com\/es\/wp-json\/wp\/v2\/media\/694098"}],"wp:attachment":[{"href":"https:\/\/www.europesays.com\/es\/wp-json\/wp\/v2\/media?parent=694097"}],"wp:term":[{"taxonomy":"category","embeddable":true,"href":"https:\/\/www.europesays.com\/es\/wp-json\/wp\/v2\/categories?post=694097"},{"taxonomy":"post_tag","embeddable":true,"href":"https:\/\/www.europesays.com\/es\/wp-json\/wp\/v2\/tags?post=694097"}],"curies":[{"name":"wp","href":"https:\/\/api.w.org\/{rel}","templated":true}]}}