{"id":694429,"date":"2026-08-04T20:48:16","date_gmt":"2026-08-04T20:48:16","guid":{"rendered":"https:\/\/www.europesays.com\/es\/694429\/"},"modified":"2026-08-04T20:48:16","modified_gmt":"2026-08-04T20:48:16","slug":"alex-lizancos-ya-no-es-una-posibilidad-para-osasuna","status":"publish","type":"post","link":"https:\/\/www.europesays.com\/es\/694429\/","title":{"rendered":"\u00c1lex Lizancos ya no es una posibilidad para Osasuna"},"content":{"rendered":"<p>\n        Hace unos d\u00edas se o\u00eda el nombre de <a href=\"https:\/\/www.noticiasdenavarra.com\/osasuna\/2026\/07\/29\/mirlo-braulio-alex-lizancos-osasuna-11388155.html\" title=\"\u00c1lex Lizancos\" class=\"link copy\" rel=\"nofollow noopener\" target=\"_blank\">\u00c1lex Lizancos<\/a> como un posible fichaje para completar la <strong>banda derecha en la defensa<\/strong>. Este jugador<strong> lleg\u00f3 al club burgal\u00e9s la temporada pasada<\/strong> desde el <strong>Lugo<\/strong>, en Primera RFEF. La temporada pasada jug\u00f3 en segunda y disput\u00f3 <strong>75 minutos para conseguir un gol de cabeza al equipo<\/strong>. La idea de Osasuna era complementar a Valent\u00edn Rosier, que se encuentra actualmente lesionado tras el partido del Norwich.\u00a0\n<\/p>\n<p class=\"article-body__text \">\n        Sin embargo,<strong> el Burgos ha pedido 3,5 millones de euros<\/strong> por el j\u00f3ven, <strong>1,5 millones m\u00e1s de lo que ofrec\u00eda Osasuna <\/strong>por llevarse al granadino.\u00a0El club navarro considera que es un precio insalvable y as\u00ed se ve obligado a seguir explorando el mercado.\u00a0\n<\/p>\n<p class=\"article-body__text \">\n        Por eso, entre las opciones para los de Tajonar, suenan los nombres de <strong>Daniel Budesca<\/strong>, un jugador murciano de 20 a\u00f1os que juega en el <strong>Villarreal <\/strong>y por el cual parece ser que otros equipos tambi\u00e9n est\u00e1n atentos. Tambi\u00e9n est\u00e1 <strong>Kosta Nedeljkovic<\/strong>, jugador serbio de 20 a\u00f1os tambi\u00e9n que actualmente viste la equipaci\u00f3n del <strong>Aston Villa<\/strong> y ha jugado tambi\u00e9n cedido en el <strong>Leipzig<\/strong>. El tercer nombre que suena es el de <strong>Jes\u00fas Fortea<\/strong>, otro j\u00f3ven, este de 19 a\u00f1os, que juega en el <strong>Real Madrid Castilla<\/strong> y ha jugado con la Internacional <strong>sub-20 con Espa\u00f1a<\/strong>.\u00a0<\/p>\n","protected":false},"excerpt":{"rendered":"Hace unos d\u00edas se o\u00eda el nombre de \u00c1lex Lizancos como un posible fichaje para completar la banda&hellip;\n","protected":false},"author":2,"featured_media":694430,"comment_status":"","ping_status":"","sticky":false,"template":"","format":"standard","meta":{"footnotes":""},"categories":[268],"tags":[2865,168,25,24,280,282,123117,621,35600,281,23,167],"class_list":["post-694429","post","type-post","status-publish","format-standard","has-post-thumbnail","category-futbol","tag-alex","tag-deportes","tag-es","tag-espana","tag-football","tag-futbol","tag-lizancos","tag-osasuna","tag-posibilidad","tag-soccer","tag-spain","tag-sports"],"share_on_mastodon":{"url":"https:\/\/pubeurope.com\/@es\/117039209337687580","error":""},"_links":{"self":[{"href":"https:\/\/www.europesays.com\/es\/wp-json\/wp\/v2\/posts\/694429","targetHints":{"allow":["GET"]}}],"collection":[{"href":"https:\/\/www.europesays.com\/es\/wp-json\/wp\/v2\/posts"}],"about":[{"href":"https:\/\/www.europesays.com\/es\/wp-json\/wp\/v2\/types\/post"}],"author":[{"embeddable":true,"href":"https:\/\/www.europesays.com\/es\/wp-json\/wp\/v2\/users\/2"}],"replies":[{"embeddable":true,"href":"https:\/\/www.europesays.com\/es\/wp-json\/wp\/v2\/comments?post=694429"}],"version-history":[{"count":0,"href":"https:\/\/www.europesays.com\/es\/wp-json\/wp\/v2\/posts\/694429\/revisions"}],"wp:featuredmedia":[{"embeddable":true,"href":"https:\/\/www.europesays.com\/es\/wp-json\/wp\/v2\/media\/694430"}],"wp:attachment":[{"href":"https:\/\/www.europesays.com\/es\/wp-json\/wp\/v2\/media?parent=694429"}],"wp:term":[{"taxonomy":"category","embeddable":true,"href":"https:\/\/www.europesays.com\/es\/wp-json\/wp\/v2\/categories?post=694429"},{"taxonomy":"post_tag","embeddable":true,"href":"https:\/\/www.europesays.com\/es\/wp-json\/wp\/v2\/tags?post=694429"}],"curies":[{"name":"wp","href":"https:\/\/api.w.org\/{rel}","templated":true}]}}