{"id":694473,"date":"2026-08-04T21:20:13","date_gmt":"2026-08-04T21:20:13","guid":{"rendered":"https:\/\/www.europesays.com\/es\/694473\/"},"modified":"2026-08-04T21:20:13","modified_gmt":"2026-08-04T21:20:13","slug":"crece-la-demanda-de-los-medicamento-para-perder-peso","status":"publish","type":"post","link":"https:\/\/www.europesays.com\/es\/694473\/","title":{"rendered":"Crece la demanda de los medicamento para perder peso"},"content":{"rendered":"<p>Jasmyne Cannick, una residente de Los \u00c1ngeles de 48\u00a0a\u00f1os,\u00a0<a href=\"https:\/\/laopinion.com\/tema\/ozempic\/\" data-type=\"post_tag\" data-id=\"698185584\" rel=\"nofollow noopener\" target=\"_blank\">empez\u00f3 a tomar\u00a0Ozempic\u00a0<\/a>hace cinco a\u00f1os, por recomendaci\u00f3n de un m\u00e9dico cuando estaba a punto de ser diagnosticada con diabetes; y no quer\u00eda someterse a una cirug\u00eda bari\u00e1trica, pero tampoco acabar como algunos de sus familiares con amputaciones y condiciones horribles de salud en su vejez.\u00a0<\/p>\n<p>\u201cPesaba unas 250 libras, mido 5.6 y mi salud no era la mejor. En ese momento ni siquiera sab\u00eda que Ozempic se convertir\u00eda en lo que es ahora. Cuando empec\u00e9 pagaba unos 25 d\u00f3lares al mes; y con una nueva administraci\u00f3n en la Casa Blanca pas\u00e9 a pagar $800 al mes\u201d, dijo Cannick durante la videoconferencia: \u201cM\u00e1s all\u00e1 de la p\u00e9rdida de peso: un an\u00e1lisis de las promesas y los riesgos de los f\u00e1rmacos GLP-1 a lo largo de la vida\u201d, organizado por <a href=\"http:\/\/mericancommunitymedia.org\" rel=\"nofollow noopener\" target=\"_blank\">American Community Media (ACoM).\u00a0<\/a><\/p>\n<p>La creciente popularidad de los medicamentos <a href=\"https:\/\/laopinion.com\/tema\/medicamentos-para-perder-peso\/\" data-type=\"post_tag\" data-id=\"698185277\" rel=\"nofollow noopener\" target=\"_blank\">GLP-1 como Ozempic, Wegovy, Mounjaro y Zepbound<\/a> ha transformado el tratamiento de la obesidad y la diabetes tipo 2 con 29 millones de adultos tom\u00e1ndolos, mientras que los precios por las recetas pedi\u00e1tricas de estos farmacos se han disparado un 700%.\u00a0<\/p>\n<p>Las dificultades de perder peso\u00a0<\/p>\n<p>La doctora Jenna Shaw Tronieri, investigadora principal del Centro para Trastornos de Peso y la Alimentaci\u00f3n de la Facultad de Medicina Perelman de la Universidad de Pensilvania, dijo que bajar de peso para mejorar la salud, mediante cambios en el estilo de vida, como la dieta y el ejercicio, resulta bastante dif\u00edcil y requiere un gran esfuerzo.\u00a0<\/p>\n<p>\u201cLa biolog\u00eda del cuerpo no est\u00e1 dise\u00f1ada para ayudar a perder peso, y est\u00e1 mucho mejor preparada para prevenir la inanici\u00f3n\u201d.\u00a0\u00a0<\/p>\n<p>\t\t\t\t\t\t<a href=\"https:\/\/laopinion.com\/2026\/06\/30\/medicare-lanza-programa-piloto-para-medicamentos-de-perdida-de-peso-a-partir-de-este-1-de-julio\/\" title=\"Medicare lanza programa piloto para medicamentos de p\u00e9rdida de peso a partir de este 1 de julio\" rel=\"nofollow noopener\" target=\"_blank\"><br \/>\n\t\t\t\t\t\t\t<img loading=\"lazy\" decoding=\"async\" width=\"100\" height=\"100\" src=\"https:\/\/www.europesays.com\/es\/wp-content\/uploads\/2026\/08\/Medicare.jpg\" alt=\"Medicare lanza programa piloto para medicamentos de p\u00e9rdida de peso a partir de este 1 de julio\" class=\"lazyload\"\/>\t\t\t\t\t\t<\/a><\/p>\n<p>Por eso, dijo que con medicamentos para la obesidad GLP, <strong>la idea es reducir el esfuerzo necesario para perder peso<\/strong> modificando algunas de esas se\u00f1ales biol\u00f3gicas, en lo que respecta al hambre.\u00a0<\/p>\n<p>\u201cEn lugar de controlar meticulosamente cada calor\u00eda o esforzarse por saciarse con alimentos bajos en calor\u00edas mientras a\u00fan sienten ganas de comer m\u00e1s, simplemente notan que sus porciones son m\u00e1s peque\u00f1as, o que pican entre horas con menos frecuencia, y que, aunque la comida sigue siendo placentera, ya no les preocupa tanto\u201d.\u00a0\u00a0<\/p>\n<p>Precis\u00f3 que los pacientes que interrumpen el tratamiento, aproximadamente dos tercios del peso que hab\u00edan perdido se recuperan en el primer a\u00f1o despu\u00e9s de dejar de tomar el <strong>medicamento GLP-1.<\/strong>\u00a0\u00a0<\/p>\n<p>Por otro lado, cuando las personas contin\u00faan tomando el medicamento, el peso tiende a mantenerse relativamente estable en promedio en una p\u00e9rdida m\u00e1xima hasta cuatro a\u00f1os despu\u00e9s.\u00a0\u00a0<\/p>\n<p>\u201cHay muchas otras razones por las que los pacientes pueden optar por interrumpir el tratamiento, como los efectos secundarios o la p\u00e9rdida de cobertura o de acceso a estos medicamentos, lo cual es particularmente problem\u00e1tico debido a su alto costo\u201d.\u00a0<\/p>\n<p>Por qu\u00e9 se produce la obesidad\u00a0<\/p>\n<p>La doctora F\u00e1tima Cody Stanford, profesora asociada de medicina y pediatr\u00eda de la Facultad de Medicina de Harvard dijo que la obesidad es una enfermedad de la regulaci\u00f3n energ\u00e9tica, no una falta de fuerza de voluntad.\u00a0\u00a0<\/p>\n<p>\u201cEl cuerpo tiene un sistema complejo para almacenar energ\u00eda, y est\u00e1 moldeado por la gen\u00e9tica, las hormonas, los centros del apetito del cerebro, el sue\u00f1o, el estr\u00e9s, el entorno construido en el que vivimos y el entorno alimentario que nos llega desde el nacimiento\u201d, dijo.\u00a0<\/p>\n<p>Subray\u00f3 que el aumento de la ingesta, la disminuci\u00f3n del gasto y la alteraci\u00f3n del almacenamiento pueden ser impulsados por fuerzas internas y externas a la biolog\u00eda de una persona, en el entorno y a su alrededor.\u00a0\u00a0<\/p>\n<p>\u201cAspectos como la gen\u00e9tica, la inflamaci\u00f3n cr\u00f3nica, la regulaci\u00f3n hormonal del apetito y la alteraci\u00f3n de la fisiolog\u00eda del estr\u00e9s quedan dentro del balance\u201d.\u00a0\u00a0<\/p>\n<p>\t\t\t\t\t\t<a href=\"https:\/\/laopinion.com\/2026\/06\/22\/la-llaman-ozempic-natural-bebida-de-gelatina-que-se-ha-vuelto-viral-no-sustituye-las-comidas-como-promueven-influencers\/\" title=\"La llaman &quot;Ozempic natural&quot;: bebida de gelatina que se ha vuelto viral no sustituye las comidas como promueven influencers\" rel=\"nofollow noopener\" target=\"_blank\"><br \/>\n\t\t\t\t\t\t\t<img loading=\"lazy\" decoding=\"async\" width=\"100\" height=\"100\" src=\"https:\/\/www.europesays.com\/es\/wp-content\/uploads\/2026\/08\/Cubos-de-gelatina.jpg\" alt=\"La llaman &quot;Ozempic natural&quot;: bebida de gelatina que se ha vuelto viral no sustituye las comidas como promueven influencers\" class=\"lazyload\"\/>\t\t\t\t\t\t<\/a><\/p>\n<p>Dijo que la mayor\u00eda de las personas con obesidad, a menudo viven en un mundo externo que no est\u00e1 dise\u00f1ado pensando en su salud.\u00a0\u00a0<\/p>\n<p>\u201cCuando hablamos de mujeres afroamericans en Estados Unidos, la obesidad comenz\u00f3 con el estr\u00e9s fisiol\u00f3gico cr\u00f3nico y sostenido de la esclavitud misma\u201d.\u00a0\u00a0<\/p>\n<p>Dijo que gracias a d\u00e9cadas de investigaci\u00f3n, ahora comprenden que la exposici\u00f3n sostenida a hormonas del estr\u00e9s como el cortisol altera la forma en que el cuerpo almacena grasa, regula el apetito y controla la inflamaci\u00f3n.\u00a0\u00a0<\/p>\n<p>\u201cEste no es un fen\u00f3meno del siglo XX, sino una realidad fisiol\u00f3gica del siglo XIX, impresa en los cuerpos de las personas afroamericanas durante la esclavitud y transmitida biol\u00f3gicamente a lo que hoy llamamos <strong>programaci\u00f3n epigen\u00e9tica e intergeneracional<\/strong>, y socialmente a trav\u00e9s de generaciones de exclusi\u00f3n econ\u00f3mica\u201d.\u00a0\u00a0<\/p>\n<p>Entonces, observ\u00f3 que hoy la obesidad en las mujeres afroamericanas, es la m\u00e1s alta de cualquier grupo demogr\u00e1fico en este pa\u00eds; por lo que deben comenzar a tratarla como un resultado predecible de casi dos siglos de estr\u00e9s acumulado fisiol\u00f3gico, exclusi\u00f3n econ\u00f3mica y un sistema alimentario y de atenci\u00f3n m\u00e9dica que no fue dise\u00f1ado teniendo en cuenta la salud de las mujeres negras.\u00a0\u00a0<\/p>\n<p>El programa puente de Medicare\u00a0<\/p>\n<p>Dijo que a partir del 1 de julio de este a\u00f1o, los Centers for Medicare &amp; Medicaid Services (CMS) lanzaron el programa puente de <a href=\"https:\/\/laopinion.com\/2026\/05\/08\/afiliados-a-medicare-podran-obtener-medicamentos-glp-1-por-al-menos-50-dolares\/\" data-type=\"post\" data-id=\"4096203\" rel=\"nofollow noopener\" target=\"_blank\">GLP-1 de Medicare.\u00a0\u00a0<\/a><\/p>\n<p>\u201cEs una soluci\u00f3n provisional, no definitiva, ya que el programa est\u00e1 programado para finalizar el 31 de diciembre de 2027 y requiere autorizaci\u00f3n previa, lo que significa que un m\u00e9dico debe presentar una solicitud a los CMS, y debe ser aprobada antes de que un paciente siquiera reciba una receta\u201d.\u00a0<\/p>\n<p>\u201cLas comunidades con un acceso menos constante a la atenci\u00f3n primaria, a menudo las mismas que sufren la carga de dos siglos de estr\u00e9s y exclusi\u00f3n estructural, son las que tienen m\u00e1s probabilidades de quedar desamparadas por un programa que, en teor\u00eda deber\u00eda ayudarlas\u201d.\u00a0<\/p>\n<p>Las consecuencias no deseadas\u00a0\u00a0<\/p>\n<p>El doctor Dan Cooper, profesor distinguido em\u00e9rito de pediatr\u00eda de la UC Irvine, dijo que cuando ve a un ni\u00f1o de 12 a\u00f1os que pesa 136 kilos, piensa en los millones de d\u00f3lares que se est\u00e1n gastando en el desarrollo de medicamentos para controlar la obesidad.\u00a0<\/p>\n<p>Pero tambi\u00e9n en lo que pasar\u00eda si una peque\u00f1a parte de ese dinero se hubiera destinado a mejores oportunidades de actividad f\u00edsica para los menores, particularmente en los barrios de bajos recursos, donde la condici\u00f3n f\u00edsica es mucho menor.\u00a0<\/p>\n<p>\u201c\u00bfQu\u00e9 pasar\u00eda si hubiera m\u00e1s parques? \u00bfQu\u00e9 pasar\u00eda si la educaci\u00f3n f\u00edsica en la escuela fuera mejor? Tal vez no ver\u00eda a este ni\u00f1o de 12 a\u00f1os que pesaba 300 libras, y tambi\u00e9n s\u00e9 que si pudiera controlar su entorno, podr\u00eda solucionarse el problema de la obesidad sin medicamentos\u201d.\u00a0<\/p>\n<p>El doctor Cooper dijo que no sabe cu\u00e1les son las consecuencias a largo plazo, y por lo tanto, la cuesti\u00f3n \u00e9tica que le parece m\u00e1s conveniente es que hasta que no comprendamos los efectos del tratamiento con estos f\u00e1rmacos en particular, deben ser muy cuidadosos.\u00a0<\/p>\n<p>\u201cVeo a ni\u00f1os de 12 a\u00f1os que pesan 136 kilos, y s\u00e9 que mis colegas pediatras quieren poder hacer algo, y a veces los medicamentos son la \u00fanica opci\u00f3n\u201d.\u00a0<\/p>\n<p>\t\t\t\t\t\t<a href=\"https:\/\/laopinion.com\/2026\/04\/08\/lo-que-debes-tener-en-cuenta-antes-de-comenzar-a-usar-medicamentos-contra-la-obesidad-como-actuan\/\" title=\"Lo que debes tener en cuenta antes de comenzar a usar medicamentos contra la obesidad: \u00bfc\u00f3mo act\u00faan?\" rel=\"nofollow noopener\" target=\"_blank\"><br \/>\n\t\t\t\t\t\t\t<img loading=\"lazy\" decoding=\"async\" width=\"100\" height=\"100\" src=\"https:\/\/www.europesays.com\/es\/wp-content\/uploads\/2026\/08\/Inyeccion-de-semaglutida.jpg\" alt=\"Lo que debes tener en cuenta antes de comenzar a usar medicamentos contra la obesidad: \u00bfc\u00f3mo act\u00faan?\" class=\"lazyload\"\/>\t\t\t\t\t\t<\/a><\/p>\n<p>Cu\u00e1nto tiempo\u00a0<\/p>\n<p>Cannick dijo que todav\u00eda est\u00e1 tratando de averiguar por cu\u00e1nto tiempo tomar\u00e1 el medicamento para perder peso.\u00a0<\/p>\n<p>\u201cDefinitivamente no quiero que sea un compromiso de por vida para mi bolsillo. Empec\u00e9 con unos 250 libras. Ahora peso aproximadamente 185. Soy una mujer afroamericana que quiere tener trasero y muslos. No quiero estar delgada hasta el punto en que la gente me pregunte\u00bfEst\u00e1s bien?\u201d.\u00a0\u00a0<\/p>\n<p>Aclar\u00f3 que mientras toma su medicamento, trabaja para tener h\u00e1bitos alimenticios m\u00e1s saludables.\u00a0\u00a0<\/p>\n<p>\u201cJuego al tenis al menos tres veces por semana. He cambiado mi forma de comer significativamente desde que empec\u00e9 con Ozempic. Espero no tener que seguir con el medicamento. Es como un programa de mantenimiento, no necesariamente para bajar de peso, sino simplemente para no subir\u201d.\u00a0<\/p>\n","protected":false},"excerpt":{"rendered":"Jasmyne Cannick, una residente de Los \u00c1ngeles de 48\u00a0a\u00f1os,\u00a0empez\u00f3 a tomar\u00a0Ozempic\u00a0hace cinco a\u00f1os, por recomendaci\u00f3n de un m\u00e9dico&hellip;\n","protected":false},"author":2,"featured_media":694474,"comment_status":"","ping_status":"","sticky":false,"template":"","format":"standard","meta":{"footnotes":""},"categories":[92],"tags":[25,24,165,86670,8799,166,23],"class_list":["post-694473","post","type-post","status-publish","format-standard","has-post-thumbnail","category-salud","tag-es","tag-espana","tag-health","tag-nutriciu00f3n-obesidad","tag-ozempic","tag-salud","tag-spain"],"share_on_mastodon":{"url":"https:\/\/pubeurope.com\/@es\/117039335994066221","error":""},"_links":{"self":[{"href":"https:\/\/www.europesays.com\/es\/wp-json\/wp\/v2\/posts\/694473","targetHints":{"allow":["GET"]}}],"collection":[{"href":"https:\/\/www.europesays.com\/es\/wp-json\/wp\/v2\/posts"}],"about":[{"href":"https:\/\/www.europesays.com\/es\/wp-json\/wp\/v2\/types\/post"}],"author":[{"embeddable":true,"href":"https:\/\/www.europesays.com\/es\/wp-json\/wp\/v2\/users\/2"}],"replies":[{"embeddable":true,"href":"https:\/\/www.europesays.com\/es\/wp-json\/wp\/v2\/comments?post=694473"}],"version-history":[{"count":0,"href":"https:\/\/www.europesays.com\/es\/wp-json\/wp\/v2\/posts\/694473\/revisions"}],"wp:featuredmedia":[{"embeddable":true,"href":"https:\/\/www.europesays.com\/es\/wp-json\/wp\/v2\/media\/694474"}],"wp:attachment":[{"href":"https:\/\/www.europesays.com\/es\/wp-json\/wp\/v2\/media?parent=694473"}],"wp:term":[{"taxonomy":"category","embeddable":true,"href":"https:\/\/www.europesays.com\/es\/wp-json\/wp\/v2\/categories?post=694473"},{"taxonomy":"post_tag","embeddable":true,"href":"https:\/\/www.europesays.com\/es\/wp-json\/wp\/v2\/tags?post=694473"}],"curies":[{"name":"wp","href":"https:\/\/api.w.org\/{rel}","templated":true}]}}