{"id":694561,"date":"2026-08-04T22:23:16","date_gmt":"2026-08-04T22:23:16","guid":{"rendered":"https:\/\/www.europesays.com\/es\/694561\/"},"modified":"2026-08-04T22:23:16","modified_gmt":"2026-08-04T22:23:16","slug":"bruce-springsteen-anuncia-que-su-mujer-patti-scialfa-ha-superado-el-cancer-despues-de-ocho-anos","status":"publish","type":"post","link":"https:\/\/www.europesays.com\/es\/694561\/","title":{"rendered":"Bruce Springsteen anuncia que su mujer, Patti Scialfa, ha superado el c\u00e1ncer despu\u00e9s de ocho a\u00f1os"},"content":{"rendered":"<p id=\"eqNd1zNEB7\" data-wc=\"126\">Bruce Springsteen es uno de esos cantantes que, aunque no seas seguidor de su m\u00fasica, alguna que otra canci\u00f3n suya est\u00e1 siempre en tu cabeza. Fue en el a\u00f1o 1975 cuando su carrera dio un giro con la publicaci\u00f3n de su tercer disco, Born To Run, aunque no fue hasta una d\u00e9cada despu\u00e9s, en el 1984, cuando se consolid\u00f3 como uno de los grandes referentes con su\u00a0Born in the U.S.A.. Poco despu\u00e9s, el que es considerado uno de los rockeros m\u00e1s famosos de todos los tiempos conoc\u00eda al gran amor de su vida, Patti Scialfa \u2014con quien comparte tres hijos: Evan James, Jessica Rae y Sam Ryan\u2014, <a class=\"hm-link ho-link\" href=\"https:\/\/www.hola.com\/actualidad\/20241017724766\/bruce-springsteen-cuida-patti-scialfa-salud\/\" data-mrf-recirculation=\"article-body-link\" rel=\"nofollow noopener\" target=\"_blank\">a quien descubri\u00f3 en un garito y de quien se enamor\u00f3 perdidamente<\/a>, tanto profesional como, por supuesto, personalmente.<\/p>\n<p>Te recomendamosSeguir leyendo<br \/>\n <img src=\"https:\/\/www.europesays.com\/es\/wp-content\/uploads\/2026\/08\/bd6cdc1ea65b-gettyimages-2241959910.jpg\"   width=\"819\" height=\"1024\" loading=\"lazy\" decoding=\"async\" alt=\"Bruce Springsteen y Patti Scialfa en una gala de premios, en 2025\" fetchpriority=\"auto\" class=\"image ho-image\"\/>\u00a9 Getty ImagesBruce Springsteen y Patti Scialfa en una gala de premios, en 2025<\/p>\n<p id=\"ecBPmvOeQaf\" data-wc=\"107\">Desde ese momento, Bruce y Patti se han mostrado inseparables, como un frente inquebrantable ante cualquier adversidad. As\u00ed lo han demostrado este mi\u00e9rcoles, 4 de agosto, al confesar que tras ocho a\u00f1os en un complicado proceso con un mieloma m\u00faltiple \u2014un tipo de c\u00e1ncer de sangre\u2014, la cantante y guitarrista hab\u00eda recibido la espectacular noticia de que su c\u00e1ncer se encuentra en remisi\u00f3n. El ic\u00f3nico cantante ha optado por desvelar el espectacular momento que est\u00e1 viviendo su familia, quien no puede estar m\u00e1s feliz con lo conocido, en la Pan-Mass Challenge, un evento ben\u00e9fico que recauda fondos para la investigaci\u00f3n y el tratamiento de los tumores malignos.\u00a0<\/p>\n<p id=\"eK_lxa41wz\" data-wc=\"69\">Mediante un emotivo v\u00eddeo proyectado en el acto, Bruce ha hecho un alegato por la protecci\u00f3n de la sanidad y de los equipos sanitarios, de quienes ha expresado que \u00abla esperanza tiene rostro\u00bb. \u00abLa trayectoria de Patti nos ha ense\u00f1ado algo. Espero que todos nosotros y todos los estadounidenses lo entiendan\u00bb, continuaba, subrayando que \u00abla investigaci\u00f3n m\u00e9dica no es una idea, no es pol\u00edtica, no es una partida presupuestaria\u00bb.<\/p>\n<p>El diagn\u00f3stico, llevado en la m\u00e1s profunda intimidad<\/p>\n<p id=\"euBaYOvo01\" data-wc=\"51\">Si bien fue en el a\u00f1o 2018 cuando Patti Scialfa fue diagnosticada con un mieloma m\u00faltiple, la noticia tard\u00f3 seis a\u00f1os en salir a la luz, aunque fieles a su discreto estilo,<a class=\"hm-link ho-link\" href=\"https:\/\/www.hola.com\/actualidad\/20230428231034\/bruce-springsteen-familia\/\" data-mrf-recirculation=\"article-body-link\" rel=\"nofollow noopener\" target=\"_blank\">\u00a0Bruce y su mujer \u2014y compa\u00f1era de banda\u2014 prefirieron optar por llevar la enfermedad en la m\u00e1s estricta intimidad.<\/a><\/p>\n<p> <img src=\"https:\/\/www.europesays.com\/es\/wp-content\/uploads\/2026\/08\/e72da5fd1674-gettyimages-1908170640.jpg\"   width=\"1024\" height=\"682\" loading=\"lazy\" decoding=\"async\" alt=\"El matrimonio durante los Golden Globes de 2024\" fetchpriority=\"auto\" class=\"image ho-image\"\/>\u00a9 Getty ImagesEl matrimonio durante los Golden Globes de 2024<\/p>\n<p id=\"enNgg41FTJ\" data-wc=\"52\">Fue en el a\u00f1o 2024 fue la propia guitarrista la encargada de desvelar el delicado momento de salud que estaba atravesando en el documental Road Diary: Bruce Springsteen and the E Street Band, en el que se sinceraba sobre c\u00f3mo este diagn\u00f3stico hab\u00eda marcado desde entonces todos los aspectos de su vida.\u00a0<\/p>\n<p id=\"eqQc_YzyTD-\" data-wc=\"66\">Patti tuvo que reducir sus apariciones p\u00fablicas y su presencia en los diversos actos y conciertos de la banda debido a que el tumor con el que fue diagnosticada afecta de manera directa al sistema inmunol\u00f3gico. Sin embargo, nada puede separarla de los escenarios y, de manera puntual, la hemos visto d\u00e1ndolo todo junto a sus compa\u00f1eros, disfrutando lo m\u00e1ximo que puede de su \u00abnueva normalidad\u00bb.\u00a0<\/p>\n<p>Una preciosa historia de amor<\/p>\n<p id=\"e7vb6NFntI\" data-wc=\"99\">Bruce y Patti se conocieron cuando\u00a0the boss ya era un artista consolidado y, tal y como confes\u00f3 el m\u00fasico en el Sal\u00f3n de la Fama del Rock en el a\u00f1o 2014 \u2014en uno de los discursos m\u00e1s recordados hasta la fecha\u2014, lo suyo fue todo un flechazo. \u00abPatti Scialfa era una chica de Jersey que un fin de semana vino desde Nueva York y se puso a cantar con una banda local, Cats on a Smooth Surface\u2026\u00bb, recordaba, subrayando que \u00absu voz ten\u00eda cosas de Ronnie Spector, un poco de Dusty Springfield y mucho de su propia identidad\u00bb.\u00a0<\/p>\n<p id=\"eyreGoIIDJ\" data-wc=\"82\">Como si fuera un efecto de sirena,<a class=\"hm-link ho-link\" href=\"https:\/\/www.hola.com\/actualidad\/20240612255427\/bruce-springsteen-familia-conciertos-en-madrid\/\" data-mrf-recirculation=\"article-body-link\" rel=\"nofollow noopener\" target=\"_blank\">\u00a0fue su voz lo primero que cautiv\u00f3 al rockero, quien no dud\u00f3 en acercarse a ella en cuanto termin\u00f3 su presentaci\u00f3n musical.<\/a> \u00abMe present\u00e9 en el fondo del bar, cogimos un par de taburetes y nos sentamos durante una hora&#8230; o durante los siguientes 30 a\u00f1os, hablando sobre m\u00fasica y sobre todo lo que se nos ocurriera\u00bb, confes\u00f3 en una carta de amor abierta a la que ha sido su mujer y pilar desde entonces.\u00a0<\/p>\n<p> <img src=\"https:\/\/www.europesays.com\/es\/wp-content\/uploads\/2026\/08\/18a13234ff30-gettyimages-1325677159.jpg\"   width=\"1024\" height=\"683\" loading=\"lazy\" decoding=\"async\" alt=\"Bruce y Patti en un concierto\" fetchpriority=\"auto\" class=\"image ho-image\"\/>\u00a9 Getty ImagesBruce y Patti en un concierto<\/p>\n<p id=\"e1MOJwzH0P\" data-wc=\"47\">Sin embargo, no era la primera vez que se conocieron, ya que como reconoci\u00f3 \u00e9l mismo en su autobiograf\u00eda, Patti se hab\u00eda presentado a varias audiciones para formar parte del grupo cuando a\u00fan estaba en el instituto y \u00e9l mismo la rechaz\u00f3 por ser menor de edad.\u00a0<\/p>\n<p id=\"ejY89U72hl\" data-wc=\"97\">Varios a\u00f1os despu\u00e9s \u2014tras forjar una estrech\u00edsima amistad\u2014<a class=\"hm-link ho-link\" href=\"https:\/\/www.hola.com\/viajes\/20240608255227\/bruce-springsteen-madrid-conciertos-junio\/\" data-mrf-recirculation=\"article-body-link\" rel=\"nofollow noopener\" target=\"_blank\">, Patti y Bruce comenzaron una relaci\u00f3n y se mudaron a Nueva Jersey,<\/a> aunque al tiempo fijaron su residencia en Nueva York y, m\u00e1s tarde, en Los \u00c1ngeles. Fue aqu\u00ed donde dieron la bienvenida a Evan James, su primog\u00e9nito, en 1990; y un a\u00f1o despu\u00e9s se dieron el &#8216;s\u00ed, quiero&#8217; \u2014el 8 de junio de 1991\u2014 cuando la guitarrista estaba embarazada por segunda vez de su \u00fanica hija, Jessica Rae. Tres a\u00f1os despu\u00e9s, a principios de 1994, nac\u00eda Samuel Ryan, el tercero de sus hijos y el menor de todos.\u00a0<\/p>\n","protected":false},"excerpt":{"rendered":"Bruce Springsteen es uno de esos cantantes que, aunque no seas seguidor de su m\u00fasica, alguna que otra&hellip;\n","protected":false},"author":2,"featured_media":694562,"comment_status":"","ping_status":"","sticky":false,"template":"","format":"standard","meta":{"footnotes":""},"categories":[174],"tags":[517,22714,255,146,147,25,24,256,23],"class_list":["post-694561","post","type-post","status-publish","format-standard","has-post-thumbnail","category-famosos","tag-actualidad","tag-bruce-springsteen","tag-celebrities","tag-entertainment","tag-entretenimiento","tag-es","tag-espana","tag-famosos","tag-spain"],"share_on_mastodon":{"url":"https:\/\/pubeurope.com\/@es\/117039584219478140","error":""},"_links":{"self":[{"href":"https:\/\/www.europesays.com\/es\/wp-json\/wp\/v2\/posts\/694561","targetHints":{"allow":["GET"]}}],"collection":[{"href":"https:\/\/www.europesays.com\/es\/wp-json\/wp\/v2\/posts"}],"about":[{"href":"https:\/\/www.europesays.com\/es\/wp-json\/wp\/v2\/types\/post"}],"author":[{"embeddable":true,"href":"https:\/\/www.europesays.com\/es\/wp-json\/wp\/v2\/users\/2"}],"replies":[{"embeddable":true,"href":"https:\/\/www.europesays.com\/es\/wp-json\/wp\/v2\/comments?post=694561"}],"version-history":[{"count":0,"href":"https:\/\/www.europesays.com\/es\/wp-json\/wp\/v2\/posts\/694561\/revisions"}],"wp:featuredmedia":[{"embeddable":true,"href":"https:\/\/www.europesays.com\/es\/wp-json\/wp\/v2\/media\/694562"}],"wp:attachment":[{"href":"https:\/\/www.europesays.com\/es\/wp-json\/wp\/v2\/media?parent=694561"}],"wp:term":[{"taxonomy":"category","embeddable":true,"href":"https:\/\/www.europesays.com\/es\/wp-json\/wp\/v2\/categories?post=694561"},{"taxonomy":"post_tag","embeddable":true,"href":"https:\/\/www.europesays.com\/es\/wp-json\/wp\/v2\/tags?post=694561"}],"curies":[{"name":"wp","href":"https:\/\/api.w.org\/{rel}","templated":true}]}}