{"id":694743,"date":"2026-08-05T00:55:14","date_gmt":"2026-08-05T00:55:14","guid":{"rendered":"https:\/\/www.europesays.com\/es\/694743\/"},"modified":"2026-08-05T00:55:14","modified_gmt":"2026-08-05T00:55:14","slug":"el-gobierno-de-trump-cancela-la-visa-de-la-embajadora-de-brasil-en-medio-de-una-disputa-diplomatica","status":"publish","type":"post","link":"https:\/\/www.europesays.com\/es\/694743\/","title":{"rendered":"El Gobierno de Trump cancela la visa de la embajadora de Brasil en medio de una disputa diplom\u00e1tica"},"content":{"rendered":"<p>Washington decidi\u00f3 cancelar la visa de la embajadora de <a href=\"https:\/\/www.france24.com\/es\/tag\/brasil\/\" target=\"_self\" class=\"gtm-add-suggested-tag\" rel=\"nofollow noopener\">Brasil<\/a> en <a href=\"https:\/\/www.france24.com\/es\/tag\/estados-unidos\/\" target=\"_self\" class=\"gtm-add-suggested-tag\" rel=\"nofollow noopener\">Estados Unidos<\/a> como medida de reciprocidad luego de que el Gobierno de <a href=\"https:\/\/www.france24.com\/es\/tag\/luiz-inacio-lula-da-silva\/\" target=\"_self\" rel=\"nofollow noopener\">Luiz\u00a0In\u00e1cio\u00a0Lula da Silva<\/a> retrasara la aprobaci\u00f3n formal a Daniel P\u00e9rez,\u00a0embajador designado por la Administraci\u00f3n de\u00a0<a href=\"https:\/\/www.france24.com\/es\/tag\/donald-trump\/\" target=\"_self\" rel=\"nofollow noopener\">Donald Trump<\/a>\u00a0para esa naci\u00f3n suramericana y muy cercano al secretario de Estado, <a href=\"https:\/\/www.france24.com\/es\/tag\/marco-rubio\/\" target=\"_self\" class=\"gtm-add-suggested-tag\" rel=\"nofollow noopener\">Marco Rubio<\/a>.<\/p>\n<p><img fetchpriority=\"low\" decoding=\"async\" src=\"https:\/\/www.europesays.com\/es\/wp-content\/uploads\/2026\/08\/cc8689619a9712104fe17564782ca066ee112871w.jpg\"   alt=\"Archivo. EE. UU. revoc\u00f3 el 4 de agosto de 2026 la visa de la embajadora de Brasil en Washington, Maria Luiza Viotti (en la imagen).\" style=\"max-height:1126px\" loading=\"lazy\" class=\"a-img \"\/><\/p>\n<p>                Archivo. EE. UU. revoc\u00f3 el 4 de agosto de 2026 la visa de la embajadora de Brasil en Washington, Maria Luiza Viotti (en la imagen).        \u00a9 EFE &#8211;                                        <\/p>\n<p>Un alto funcionario explic\u00f3 a periodistas, no obstante, que la visa de la embajadora le ser\u00e1 restablecida si la situaci\u00f3n se resuelve.<\/p>\n<blockquote class=\"quote\">\n<p>\u00abLa medida consisti\u00f3 en revocar o cancelar la visa de un diplom\u00e1tico de alto rango. Esto no equivale a expulsarlo del pa\u00eds. Significa que se encuentra aqu\u00ed, pero sin visa, y que esta le ser\u00eda restituida si se restablece la situaci\u00f3n mediante la aprobaci\u00f3n de nuestro candidato a embajador\u00bb, explic\u00f3 el funcionario, bajo la condici\u00f3n de anonimato.<\/p>\n<\/blockquote>\n<p>La fuente agreg\u00f3 que las autoridades brasile\u00f1as tambi\u00e9n negaron en marzo visados a una delegaci\u00f3n estadounidense que iba a asistir a un foro sobre minerales cr\u00edticos y tambi\u00e9n, luego, al subsecretario para Democracia, <a href=\"https:\/\/www.france24.com\/es\/tag\/derechos-humanos\/\" target=\"_self\" class=\"gtm-add-suggested-tag\" rel=\"nofollow noopener\">Derechos Humanos<\/a> y Trabajo (DRL) y uno de sus adjuntos para una visita que Washington calific\u00f3 de rutinaria.<\/p>\n<p>Seg\u00fan el funcionario, esas restricciones impidieron a diplom\u00e1ticos del Gobierno de Trump llevar a cabo un trabajo habitual y motivaron la respuesta basada en el principio de reciprocidad.<\/p>\n<p class=\"a-read-more\">Leer tambi\u00e9n<a href=\"https:\/\/www.france24.com\/es\/am\u00e9rica-latina\/20260605-trabajo-forzoso-en-brasil-una-realidad-o-una-excusa-de-trump-para-imponer-m\u00e1s-aranceles\" target=\"_self\" class=\"a-read-more__link\" rel=\"nofollow noopener\">Trabajo forzoso en Brasil: \u00bfuna realidad o una \u00abexcusa\u00bb de Trump para imponer m\u00e1s aranceles?<\/a><\/p>\n<p> <strong>Momento de tensi\u00f3n Trump &#8211; Lula<\/strong> <\/p>\n<p>La disputa diplom\u00e1tica se produce en un momento de creciente tensi\u00f3n entre Washington y Brasilia en v\u00edsperas electorales en la naci\u00f3n suramericana y tras una serie de choques en el \u00e1mbito comercial.<\/p>\n<p>Lula ha cuestionado p\u00fablicamente las posturas y declaraciones de la Administraci\u00f3n de Donald Trump sobre la pol\u00edtica interna brasile\u00f1a y las <a href=\"https:\/\/www.france24.com\/es\/programas\/aqu\u00ed-am\u00e9rica\/20260731-brasil-podr\u00e1-lula-derrotar-al-bolsonarismo\" target=\"_self\" rel=\"nofollow noopener\">elecciones presidenciales previstas para octubre.<\/a><\/p>\n<p><img fetchpriority=\"low\" decoding=\"async\" src=\"https:\/\/www.europesays.com\/es\/wp-content\/uploads\/2026\/08\/d256b0236d8090bd3df98e5359812bfa446fbf58w.jpg\"   alt=\"Archivo. Fotograf\u00eda tomada de la cuenta oficial en X @FlavioBolsonaro del senador derechista brasile\u00f1o Fl\u00e1vio Bolsonaro (i) junto al presidente de EE. UU., Donald Trump, este martes en el despacho oval de la Casa Blanca en Washington (EE. UU.).\" style=\"max-height:1133px\" loading=\"lazy\" class=\"a-img \"\/><\/p>\n<p>                Archivo. Fotograf\u00eda tomada de la cuenta oficial en X @FlavioBolsonaro del senador derechista brasile\u00f1o Fl\u00e1vio Bolsonaro (i) junto al presidente de EE. UU., Donald Trump, este martes en el despacho oval de la Casa Blanca en Washington (EE. UU.).        EFE &#8211; @FlavioBolsonaro                                        <\/p>\n<p>Las elecciones puede ser un parteaguas en la relaci\u00f3n bilateral, dado que Donald Trump se ha convertido en un actor relevante en la pugna entre el izquierdista <a href=\"https:\/\/www.france24.com\/es\/tag\/luiz-inacio-lula-da-silva\/\" target=\"_self\" class=\"gtm-add-suggested-tag\" rel=\"nofollow noopener\">Luiz In\u00e1cio Lula da Silva<\/a>, quien busca la reelecci\u00f3n, y el senador <a href=\"https:\/\/www.france24.com\/es\/tag\/fl\u00e1vio-bolsonaro\/\" target=\"_self\" class=\"gtm-add-suggested-tag\" rel=\"nofollow noopener\">Fl\u00e1vio Bolsonaro<\/a>, hijo del expresidente de <a href=\"https:\/\/www.france24.com\/es\/tag\/extrema-derecha\/\" target=\"_self\" class=\"gtm-add-suggested-tag\" rel=\"nofollow noopener\">extrema derecha<\/a> <a href=\"https:\/\/www.france24.com\/es\/tag\/jair-bolsonaro\/\" target=\"_self\" class=\"gtm-add-suggested-tag\" rel=\"nofollow noopener\">Jair Bolsonaro<\/a> (2019-2023) y candidato opositor.<\/p>\n<p>\u00abCreo que Trump conoce poco Brasil\u2026 si lo conoce por la relaci\u00f3n con la familia Bolsonaro, conoce poco Brasil\u00bb, afirm\u00f3 recientemente el mandatario brasile\u00f1o, quien reclam\u00f3 \u00abel mismo respeto por Brasil\u00bb que \u00e9l tiene por Estados Unidos.<\/p>\n<p class=\"a-read-more\">Leer tambi\u00e9n<a href=\"https:\/\/www.france24.com\/es\/programas\/aqu\u00ed-am\u00e9rica\/20260804-el-tablero-invisible-ee-uu-y-su-injerencia-en-am\u00e9rica-latina\" target=\"_self\" class=\"a-read-more__link\" rel=\"nofollow noopener\">El tablero \u00abinvisible\u00bb: EE. UU. y su injerencia en Am\u00e9rica Latina<\/a><\/p>\n<p>Con Reuters y EFE<\/p>\n","protected":false},"excerpt":{"rendered":"Washington decidi\u00f3 cancelar la visa de la embajadora de Brasil en Estados Unidos como medida de reciprocidad luego&hellip;\n","protected":false},"author":2,"featured_media":694744,"comment_status":"","ping_status":"","sticky":false,"template":"","format":"standard","meta":{"footnotes":""},"categories":[42],"tags":[24516,3216,17,18,3903,15229,352,95,125539,13,14,105478,11,61,62,63,64,19,20,1804,42757,9,10,15,16,12,21,22,65,66,67],"class_list":["post-694743","post","type-post","status-publish","format-standard","has-post-thumbnail","category-internacional","tag-america-latina","tag-brasil","tag-breaking-news","tag-breakingnews","tag-comercio","tag-diplomacia","tag-donald-trump","tag-economia","tag-elecciones-brasil-2026","tag-featured-news","tag-featurednews","tag-flavio-bolsonaro","tag-headlines","tag-internacional","tag-international","tag-international-news","tag-internationalnews","tag-latest-news","tag-latestnews","tag-latinoamerica","tag-luiz-inacio-lula-da-silva","tag-news","tag-noticias","tag-noticias-destacadas","tag-noticiasdestacadas","tag-titulares","tag-ultimas-noticias","tag-ultimasnoticias","tag-world","tag-world-news","tag-worldnews"],"share_on_mastodon":{"url":"","error":"Validation failed: Text character limit of 500 exceeded"},"_links":{"self":[{"href":"https:\/\/www.europesays.com\/es\/wp-json\/wp\/v2\/posts\/694743","targetHints":{"allow":["GET"]}}],"collection":[{"href":"https:\/\/www.europesays.com\/es\/wp-json\/wp\/v2\/posts"}],"about":[{"href":"https:\/\/www.europesays.com\/es\/wp-json\/wp\/v2\/types\/post"}],"author":[{"embeddable":true,"href":"https:\/\/www.europesays.com\/es\/wp-json\/wp\/v2\/users\/2"}],"replies":[{"embeddable":true,"href":"https:\/\/www.europesays.com\/es\/wp-json\/wp\/v2\/comments?post=694743"}],"version-history":[{"count":0,"href":"https:\/\/www.europesays.com\/es\/wp-json\/wp\/v2\/posts\/694743\/revisions"}],"wp:featuredmedia":[{"embeddable":true,"href":"https:\/\/www.europesays.com\/es\/wp-json\/wp\/v2\/media\/694744"}],"wp:attachment":[{"href":"https:\/\/www.europesays.com\/es\/wp-json\/wp\/v2\/media?parent=694743"}],"wp:term":[{"taxonomy":"category","embeddable":true,"href":"https:\/\/www.europesays.com\/es\/wp-json\/wp\/v2\/categories?post=694743"},{"taxonomy":"post_tag","embeddable":true,"href":"https:\/\/www.europesays.com\/es\/wp-json\/wp\/v2\/tags?post=694743"}],"curies":[{"name":"wp","href":"https:\/\/api.w.org\/{rel}","templated":true}]}}