{"id":695109,"date":"2026-08-05T06:39:16","date_gmt":"2026-08-05T06:39:16","guid":{"rendered":"https:\/\/www.europesays.com\/es\/695109\/"},"modified":"2026-08-05T06:39:16","modified_gmt":"2026-08-05T06:39:16","slug":"la-ud-logrones-vence-al-huesca-con-muy-buenas-sensaciones","status":"publish","type":"post","link":"https:\/\/www.europesays.com\/es\/695109\/","title":{"rendered":"La UD Logro\u00f1\u00e9s vence al Huesca con muy buenas sensaciones"},"content":{"rendered":"<p><a href=\"#\" onclick=\"window.open('https:\/\/www.facebook.com\/sharer.php?u=https:\/\/nuevecuatrouno.com\/2026\/08\/04\/deportes-pretemporada-primera-federacion-udlogrones-vence-huesca-grandes-sensaciones\/&amp;t=La UD Logro\u00f1\u00e9s vence al Huesca en un test que le deja grandes sensaciones', 'facebookShare', 'width=626,height=436'); return false;\" title=\"Facebook\"><\/p>\n<p>COMPARTE<\/p>\n<p><\/a><br \/>\n<a href=\"#\" onclick=\"window.open('https:\/\/x.com\/share?text=La UD Logro\u00f1\u00e9s vence al Huesca en un test que le deja grandes sensaciones -&amp;url=https:\/\/nuevecuatrouno.com\/2026\/08\/04\/deportes-pretemporada-primera-federacion-udlogrones-vence-huesca-grandes-sensaciones\/', 'twitterShare', 'width=626,height=436'); return false;\" title=\"X\"><img decoding=\"async\" src=\"https:\/\/www.europesays.com\/es\/wp-content\/uploads\/2026\/08\/x-twitter-art.png\" style=\"padding-top: 6px;\"\/>POSTEA<\/a><br \/>\n<a href=\"whatsapp:\/\/send?text=La UD Logro\u00f1\u00e9s vence al Huesca en un test que le deja grandes sensaciones https:\/\/nuevecuatrouno.com\/2026\/08\/04\/deportes-pretemporada-primera-federacion-udlogrones-vence-huesca-grandes-sensaciones\/\" rel=\"nofollow\"><\/p>\n<p>WHATSAPP<\/p>\n<p><\/a><br \/>\n<a href=\"http:\/\/nuevecuatrouno.com\/cdn-cgi\/l\/email-protection#7a45090f18101f190e47361b5a2f3e5a36151d0815b9cbb9d3095a0c1f14191f5a1b165a320f1f09191b5a1f145a0f145a0e1f090e5a0b0f1f5a161f5a1e1f101b5a1d081b141e1f095a091f14091b191315141f095c1b170a4138353e2347b8c52b0fb9d35a0c131e1b455a321f5a0c13090e155a1f090e1f5a1b080eb9d7190f16155a1f145a140f1f0c1f190f1b0e08150f1415541915175a035a19081f155a0b0f1f5a0e1f5a0a0f1f1e1f5a13140e1f081f091b08405a120e0e0a09405555140f1f0c1f190f1b0e08150f14155419151755484a484c554a42554a4e551e1f0a15080e1f09570a081f0e1f170a15081b1e1b570a0813171f081b571c1f1e1f081b19131514570f1e16151d0815141f09570c1f14191f57120f1f09191b571d081b141e1f0957091f14091b191315141f0955\" rel=\"nofollow noopener\" target=\"_blank\"><\/p>\n<p>Email<\/p>\n<p><\/a><\/p>\n<p>Segundo test, segunda victoria. La UD Logro\u00f1\u00e9s se ha impuesto al Huesca (0-1), un reci\u00e9n descendido de Segunda Divisi\u00f3n, gracias a un tanto de David Amigo en el minuto 32. M\u00e1s all\u00e1 del marcador, destaca la gran imagen mostrada. Protagonismo, control, fuerza, ideas claras, solidez y ante un rival mucho m\u00e1s rodado\u2026 los aficionados pueden estar satisfechos. S\u00ed, es pretemporada, pero este equipo parece mostrar automatismos que, claro est\u00e1, deber\u00e1 refrendar en liga. El siguiente paso ser\u00e1 este s\u00e1bado 8 de agosto, ante el Eibar B (11:30 horas, Ciudad Deportiva).<\/p>\n<p>Unai Mendia ha apostado de partida por Taliby bajo palos; David Navarro, Val, Cabetas y Camacho en defensa; Maroto y Latif como mediocentros; Santana, Ibai Asenjo y Chinedu en segunda l\u00ednea y arriba, Amigo. En el banquillo han esperado Ferm\u00edn, Bolo, Rivero, Sorazu, Zabala, Dani Mart\u00ednez, Oc\u00f3n, Bello, Vallejo y Larrea. Adem\u00e1s, se han vuelto a caer de la convocatoria Berto Rosas (lesionado) y Baselga, que sigue poni\u00e9ndose a punto. Tampoco ha estado Miguel Mar\u00ed, en su caso, porque ha sido padre.<\/p>\n<p>Igual que ante el N\u00e1xara y esta vez, ante un rival de igual categor\u00eda -reci\u00e9n descendido de Segunda y claro favorito al ascenso-, los riojanos han saltado al maltrecho c\u00e9sped de Gra\u00f1\u00e9n con las ideas muy claras. Ritmo alto, presi\u00f3n, verticalidad y cero complejos. Chinedu, que ya brill\u00f3 en el anterior test con un doblete, ha vuelto a desbordar por el extremo zurdo. El canterano se ha mostrado en ataque, con buenos disparos. Intensidad en los visitantes, con un omnipresente Latif y buena sinton\u00eda entre Santana, Asenjo, Amigo y el propio Chinedu. Aunque Unai Mendia ya dej\u00f3 claro que de la pretemporada no se pueden sacar demasiadas conclusiones, las sensaciones son inmejorables.<\/p>\n<p><img loading=\"lazy\" decoding=\"async\" aria-describedby=\"caption-attachment-723970\" class=\"wp-image-723970 size-large\" src=\"https:\/\/www.europesays.com\/es\/wp-content\/uploads\/2026\/08\/taliby-cabetas-amigo-maroto-huesca-ud-logrones-amistoso-1024x768.jpg\" alt=\"\" width=\"1000\" height=\"750\"  \/><\/p>\n<p id=\"caption-attachment-723970\" class=\"wp-caption-text\">Foto: UD Logro\u00f1\u00e9s<\/p>\n<p>Casi siempre en \u00e1rea rival frente a un reci\u00e9n descendido de Segunda, la UD Logro\u00f1\u00e9s ha avisado mediante Chinedu y Latif, hasta que se ha adelantado. Pasada la media hora de juego, Latif ha robado la pelota, el esf\u00e9rico le ha llegado a Santana, este ha asistido a Amigo y el punta, fiel a su funci\u00f3n, ha mandado la pelota a las mallas. Disparo raso, ajustado al palo izquierdo. Golazo de un equipo el\u00e9ctrico, con un estado f\u00edsico tremendo para ser principios de agosto. De hecho, el propio Amigo ha podido hacer el 0-2 tras recibir solo dentro del \u00e1rea. Sin embargo, el punta ha rematado mal a la primera y a la segunda, ya muy forzado, la ha tirado al lateral de la red.<\/p>\n<p>El punto negativo de una muy positiva primera mitad ha estado en la lesi\u00f3n de Val -que ha jugado como central-, tras un golpe fortuito con Taliby. El guardameta almeriense ha arrollado al \u20182\u2019 al salir a por un bal\u00f3n. Debido a la lesi\u00f3n, Adri\u00e1n Bolo ha sustituido a Val en el \u201925\u2019. Un Taliby que, por cierto, apenas ha tenido trabajo. De hecho, la m\u00e1s peligrosa de los oscenses ha llegado tras un testarazo de Sergi Enrich al larguero. Ha sido una preciosa vaselina que ha acabado en la madera. Paradas de m\u00e9rito, como tal, ninguna.<\/p>\n<p>Sin perder comba, hacia la victoria<\/p>\n<p>Tras el descanso, han entrado Ferm\u00edn (portero), Larrea, Vallejo (defensas), Zabala, Rivero con el brazalete (centrocampistas), Dani Mart\u00ednez y Sorazu (atacantes) en los blanquirrojos. Siete cambios, todos menos Bolo, Navarro, Asenjo y Santana. Equipo pr\u00e1cticamente nuevo, con una gran salida desde atr\u00e1s de Bolo y muy poco sufrimiento atr\u00e1s. El guion ha continuado igual y Unai, al minuto 60, ha agotado sus cambios (21 convocados). As\u00ed, Oc\u00f3n ha reemplazado a Navarro y Ra\u00fal Bello, a Santana. Pese a su mutaci\u00f3n de futbolistas, la UD Logro\u00f1\u00e9s segu\u00eda muy bien plantada. En un movimiento muy raro, Latif ha reentrado por Asenjo. Es un amistoso, vale \u2018todo\u2019.<\/p>\n<p>Es cierto que con sus sustituciones, la Sociedad Deportiva Huesca ha dado un paso adelante y ha buscado el empate. Ferm\u00edn ha evitado un gol ol\u00edmpico de los aragoneses, pero tampoco es que el de Ba\u00f1os de R\u00edo Tob\u00eda haya sido bombardeado. Eso s\u00ed, Ferm\u00edn ha salvado otra buena ocasi\u00f3n con un parad\u00f3n. Ra\u00fal Bello, mientras tanto, ha tenido el 0-2 con un zurdazo desde la frontal que se ha ido cerca del poste. Y sobre la bocina, un mano a mano local se ha marchado fuera.<\/p>\n<p>Victoria de la UD Logro\u00f1\u00e9s con un nombre propio por encima de todos. Es el de Latif Issman, que ha brillado con luz propia, fuera con el bal\u00f3n o sin \u00e9l. Magn\u00edfico el de Costa de Marfil, pieza clave en este triunfo. Para las pr\u00f3ximas citas, habr\u00e1 dos el fin de semana: el 8 ante el Eibar B y el 9, frente al Haro Deportivo en el Trofeo Luis de la Fuente.<\/p>\n<p><img decoding=\"async\" src=\"https:\/\/www.europesays.com\/es\/wp-content\/uploads\/2026\/08\/cabecera-nuevecuatrouno-2026.png\"\/><\/p>\n","protected":false},"excerpt":{"rendered":"COMPARTE POSTEA WHATSAPP Email Segundo test, segunda victoria. La UD Logro\u00f1\u00e9s se ha impuesto al Huesca (0-1), un&hellip;\n","protected":false},"author":2,"featured_media":695110,"comment_status":"","ping_status":"","sticky":false,"template":"","format":"standard","meta":{"footnotes":""},"categories":[268],"tags":[808,168,109993,25,24,280,282,16144,281,23,167,104405],"class_list":["post-695109","post","type-post","status-publish","format-standard","has-post-thumbnail","category-futbol","tag-ahora","tag-deportes","tag-deportes-1","tag-es","tag-espana","tag-football","tag-futbol","tag-primera-federacion","tag-soccer","tag-spain","tag-sports","tag-ud-logrones"],"share_on_mastodon":{"url":"https:\/\/pubeurope.com\/@es\/117041533364638122","error":""},"_links":{"self":[{"href":"https:\/\/www.europesays.com\/es\/wp-json\/wp\/v2\/posts\/695109","targetHints":{"allow":["GET"]}}],"collection":[{"href":"https:\/\/www.europesays.com\/es\/wp-json\/wp\/v2\/posts"}],"about":[{"href":"https:\/\/www.europesays.com\/es\/wp-json\/wp\/v2\/types\/post"}],"author":[{"embeddable":true,"href":"https:\/\/www.europesays.com\/es\/wp-json\/wp\/v2\/users\/2"}],"replies":[{"embeddable":true,"href":"https:\/\/www.europesays.com\/es\/wp-json\/wp\/v2\/comments?post=695109"}],"version-history":[{"count":0,"href":"https:\/\/www.europesays.com\/es\/wp-json\/wp\/v2\/posts\/695109\/revisions"}],"wp:featuredmedia":[{"embeddable":true,"href":"https:\/\/www.europesays.com\/es\/wp-json\/wp\/v2\/media\/695110"}],"wp:attachment":[{"href":"https:\/\/www.europesays.com\/es\/wp-json\/wp\/v2\/media?parent=695109"}],"wp:term":[{"taxonomy":"category","embeddable":true,"href":"https:\/\/www.europesays.com\/es\/wp-json\/wp\/v2\/categories?post=695109"},{"taxonomy":"post_tag","embeddable":true,"href":"https:\/\/www.europesays.com\/es\/wp-json\/wp\/v2\/tags?post=695109"}],"curies":[{"name":"wp","href":"https:\/\/api.w.org\/{rel}","templated":true}]}}