{"id":695131,"date":"2026-08-05T06:52:25","date_gmt":"2026-08-05T06:52:25","guid":{"rendered":"https:\/\/www.europesays.com\/es\/695131\/"},"modified":"2026-08-05T06:52:25","modified_gmt":"2026-08-05T06:52:25","slug":"ceuta-se-organiza-para-dar-comida-y-apoyo-a-los-migrantes-estamos-desbordados-necesitamos-ayuda","status":"publish","type":"post","link":"https:\/\/www.europesays.com\/es\/695131\/","title":{"rendered":"Ceuta se organiza para dar comida y apoyo a los migrantes: \u00abEstamos desbordados, necesitamos ayuda\u00bb"},"content":{"rendered":"<p class=\"L6-news-detail__text\">Ceuta se vuelca con los migrantes <b><a title=\"que han llegado de Marruecos\" href=\"https:\/\/www.lasexta.com\/noticias\/nacional\/crisis-migratoria-ceuta-espana_202608046a7185d7a5690f0473641faf.html\" target=\"_blank\" rel=\"nofollow noopener\">que han llegado de Marruecos<\/a><\/b>. Las ONGs intentan levantar el \u00e1nimo a quienes llegan agotados. \u00abSe ha desmayado gente delante nuestra, les hemos tenido que auxiliar\u00bb, cuenta una voluntaria.<\/p>\n<p class=\"L6-news-detail__text\">Los fogones de las cocinas no se apagan para dar de comer a las personas que llegan. En los \u00faltimos d\u00edas, han salido<b> m\u00e1s de 15.000 raciones<\/b> distribuidas por varios puntos. \u00abPrincipalmente a las naves del Tarajal, donde est\u00e1n la mayor\u00eda de los menores\u00bb, explica Mustafa Abdelkader, presidente de la ONG Luna Blanca.<\/p>\n<p class=\"L6-news-detail__text\">Los voluntarios multiplican sus esfuerzos, confesando que <b>est\u00e1n \u00abdesbordados\u00bb y necesitan ayuda.<\/b> \u00abEstamos muy desbordados, necesitamos manos, much\u00edsima ayuda\u00bb, cuenta una voluntaria.<\/p>\n<p class=\"L6-news-detail__text\">Sin agua, comida, ni cobijo, cientos de migrantes est\u00e1n reubicados en la playa del Trampol\u00edn, la m\u00e1s cercana al Centro de Estancia Temporal de Inmigrantes (CETI). Aqu\u00ed, un simple bocadillo les cambia la cara. En las \u00faltimas horas, han llegado varios camiones de Cruz Roja con alimentos.<\/p>\n<p class=\"L6-news-detail__text\">La solidaridad tambi\u00e9n<b> llama a la puerta de casa<\/b>. Algunos ciudadanos tienen las puertas abiertas para que los migrantes puedan ducharse. Unas mujeres ceut\u00edes cuentan que se han unido para hacer un fondo y con ese dinero preparar comida.<\/p>\n<p class=\"L6-news-detail__text\">\u00abUna va a comprar, la otra hace la comida, otra le va dando a la gente\u00bb, cuentan.<b> Ellas ofrecen su ayuda sin pedir nada a cambio.<\/b><\/p>\n<p class=\"L6-news-detail__text\"><b><a title=\"*A\u00f1ade laSexta como tu medio de referencia en Google y no te pierdas toda la actualidad y el mejor contenido.\" href=\"https:\/\/www.google.com\/preferences\/source?q=lasexta.com\" target=\"_blank\" rel=\"nofollow noopener\">*A\u00f1ade laSexta como tu medio de referencia en Google y no te pierdas toda la actualidad y el mejor contenido.<\/a><\/b><\/p>\n<p class=\"L6-support-news-video__title\">Suceso <\/p>\n<p> <a href=\"https:\/\/www.lasexta.com\/noticias\/sociedad\/guardia-civil-detiene-hombre-24-anos-amenazas-arma-blanca-fiestas-abalos_202608046a71a766a5690f047364740c.html\" class=\"L6-news__link\" rel=\"nofollow noopener\" target=\"_blank\">La Guardia Civil detiene a un hombre de 24 a\u00f1os por amenazas con arma blanca en las fiestas de \u00c1balos <\/p>\n<p class=\"recirculation-video-desc\">Los detalles  El individuo portaba un cuchillo de grandes dimensiones con el que, presuntamente, intimidaba y amenazaba a varias personas durante las fiestas de \u00c1balos (La Rioja). El joven fue detenido por los agentes como presunto autor de un delito de amenazas con arma blanca.<\/p>\n<p> <\/a><\/p>\n","protected":false},"excerpt":{"rendered":"Ceuta se vuelca con los migrantes que han llegado de Marruecos. Las ONGs intentan levantar el \u00e1nimo a&hellip;\n","protected":false},"author":2,"featured_media":695132,"comment_status":"","ping_status":"","sticky":false,"template":"","format":"standard","meta":{"footnotes":""},"categories":[8],"tags":[17,18,4486,894,2125,25,24,13,14,11,19,20,9,10,15,110362,16,14100,23,12,21,22],"class_list":["post-695131","post","type-post","status-publish","format-standard","has-post-thumbnail","category-espana","tag-breaking-news","tag-breakingnews","tag-ceuta","tag-crisis-migratoria","tag-directo","tag-es","tag-espana","tag-featured-news","tag-featurednews","tag-headlines","tag-latest-news","tag-latestnews","tag-news","tag-noticias","tag-noticias-destacadas","tag-noticias-ultima-hora","tag-noticiasdestacadas","tag-solidaridad","tag-spain","tag-titulares","tag-ultimas-noticias","tag-ultimasnoticias"],"share_on_mastodon":{"url":"https:\/\/pubeurope.com\/@es\/117041584342264180","error":""},"_links":{"self":[{"href":"https:\/\/www.europesays.com\/es\/wp-json\/wp\/v2\/posts\/695131","targetHints":{"allow":["GET"]}}],"collection":[{"href":"https:\/\/www.europesays.com\/es\/wp-json\/wp\/v2\/posts"}],"about":[{"href":"https:\/\/www.europesays.com\/es\/wp-json\/wp\/v2\/types\/post"}],"author":[{"embeddable":true,"href":"https:\/\/www.europesays.com\/es\/wp-json\/wp\/v2\/users\/2"}],"replies":[{"embeddable":true,"href":"https:\/\/www.europesays.com\/es\/wp-json\/wp\/v2\/comments?post=695131"}],"version-history":[{"count":0,"href":"https:\/\/www.europesays.com\/es\/wp-json\/wp\/v2\/posts\/695131\/revisions"}],"wp:featuredmedia":[{"embeddable":true,"href":"https:\/\/www.europesays.com\/es\/wp-json\/wp\/v2\/media\/695132"}],"wp:attachment":[{"href":"https:\/\/www.europesays.com\/es\/wp-json\/wp\/v2\/media?parent=695131"}],"wp:term":[{"taxonomy":"category","embeddable":true,"href":"https:\/\/www.europesays.com\/es\/wp-json\/wp\/v2\/categories?post=695131"},{"taxonomy":"post_tag","embeddable":true,"href":"https:\/\/www.europesays.com\/es\/wp-json\/wp\/v2\/tags?post=695131"}],"curies":[{"name":"wp","href":"https:\/\/api.w.org\/{rel}","templated":true}]}}