{"id":695231,"date":"2026-08-05T08:15:20","date_gmt":"2026-08-05T08:15:20","guid":{"rendered":"https:\/\/www.europesays.com\/es\/695231\/"},"modified":"2026-08-05T08:15:20","modified_gmt":"2026-08-05T08:15:20","slug":"el-arte-de-miro-conquista-brasil-con-su-exposicion-internacional","status":"publish","type":"post","link":"https:\/\/www.europesays.com\/es\/695231\/","title":{"rendered":"El arte de Mir\u00f3 conquista Brasil con su exposici\u00f3n internacional"},"content":{"rendered":"<p>Que la obra de <strong><a href=\"https:\/\/www.ultimahora.es\/etiqueta\/Joan+Mir%C3%B3.html?utm_source=Inline-tag&amp;utm_medium=internal\" rel=\"nofollow noopener\" target=\"_blank\">Joan Mir\u00f3<\/a><\/strong> no conoce fronteras lo sabemos desde hace tiempo, pero el <a href=\"https:\/\/www.ultimahora.es\/etiqueta\/arte.html?utm_source=Inline-tag&amp;utm_medium=internal\" rel=\"nofollow noopener\" target=\"_blank\">arte<\/a> del catal\u00e1n no deja de demostrarlo. Su \u00faltima conquista es <a href=\"https:\/\/www.ultimahora.es\/etiqueta\/Brasil.html?utm_source=Inline-tag&amp;utm_medium=internal\" rel=\"nofollow noopener\" target=\"_blank\">Brasil<\/a>, donde se ha coronado en Sao Paulo con su exposici\u00f3n internacional <strong>Joan Mir\u00f3. Woman, Birds, Stars<\/strong>, que re\u00fane m\u00e1s de un centenar de obras, ocho pel\u00edculas y otros tantos tapices que proceden de la <strong>Fundaci\u00f3 Mir\u00f3 Mallorca<\/strong>, as\u00ed como otras piezas procedentes de <strong>Es Baluard<\/strong>.<\/p>\n<p>Inaugurada el d\u00eda 3 de agosto, cont\u00f3 con la presencia del nieto de Mir\u00f3, <strong>Joan Punyet-Mir\u00f3<\/strong>, tambi\u00e9n responsable de <strong>Successi\u00f3 Mir\u00f3<\/strong>. Se puede ver en el <strong>Museo de Arte Brasile\u00f1o (MAB)<\/strong> hsata el 13 de diciembre. Luego, a partir del 2 de marzo y hasta el 10 de mayo de 2027, estar\u00e1 en la Caja Cultural Brasilia de la capital del pa\u00eds sudamericano.<\/p>\n<p>Se trata de un recorrido por algunos de los <strong>elementos m\u00e1s reconocibles del imaginario mironiano<\/strong>, es decir, sus mujeres, p\u00e1jaros, estrellas, el sol, la luna y, claro, las constelaciones. Permite, pues, descubrir el particular lenguaje de signos creado por el artista, as\u00ed como su uso de las t\u00e9cnicas y materiales o la capacidad de para transformar objetos cotidianos en nuevas formas de expresi\u00f3n art\u00edstica.<\/p>\n<p>La exposici\u00f3n se divide en<strong> cuatro secciones<\/strong>, que van del signo al objeto, pasando por a reducci\u00f3n y el color negro, y muestran la evoluci\u00f3n del desarrollo y buen hacer de Mir\u00f3 a lo largo de sus a\u00f1os y a\u00f1os de creaci\u00f3n hasta alcanzar la madurez, \u00e9poca en la que logr\u00f3 una libertad movida por su mensaje universal.<\/p>\n","protected":false},"excerpt":{"rendered":"Que la obra de Joan Mir\u00f3 no conoce fronteras lo sabemos desde hace tiempo, pero el arte del&hellip;\n","protected":false},"author":2,"featured_media":695232,"comment_status":"","ping_status":"","sticky":false,"template":"","format":"standard","meta":{"footnotes":""},"categories":[173],"tags":[229,1829,233,231,230,3216,209,232,234,146,147,25,24,11062,23],"class_list":["post-695231","post","type-post","status-publish","format-standard","has-post-thumbnail","category-arte-y-diseno","tag-arte","tag-arte-en-mallorca","tag-arte-y-diseno","tag-arts","tag-arts-and-design","tag-brasil","tag-cultura","tag-design","tag-diseno","tag-entertainment","tag-entretenimiento","tag-es","tag-espana","tag-joan-miro","tag-spain"],"share_on_mastodon":{"url":"https:\/\/pubeurope.com\/@es\/117041910700362202","error":""},"_links":{"self":[{"href":"https:\/\/www.europesays.com\/es\/wp-json\/wp\/v2\/posts\/695231","targetHints":{"allow":["GET"]}}],"collection":[{"href":"https:\/\/www.europesays.com\/es\/wp-json\/wp\/v2\/posts"}],"about":[{"href":"https:\/\/www.europesays.com\/es\/wp-json\/wp\/v2\/types\/post"}],"author":[{"embeddable":true,"href":"https:\/\/www.europesays.com\/es\/wp-json\/wp\/v2\/users\/2"}],"replies":[{"embeddable":true,"href":"https:\/\/www.europesays.com\/es\/wp-json\/wp\/v2\/comments?post=695231"}],"version-history":[{"count":0,"href":"https:\/\/www.europesays.com\/es\/wp-json\/wp\/v2\/posts\/695231\/revisions"}],"wp:featuredmedia":[{"embeddable":true,"href":"https:\/\/www.europesays.com\/es\/wp-json\/wp\/v2\/media\/695232"}],"wp:attachment":[{"href":"https:\/\/www.europesays.com\/es\/wp-json\/wp\/v2\/media?parent=695231"}],"wp:term":[{"taxonomy":"category","embeddable":true,"href":"https:\/\/www.europesays.com\/es\/wp-json\/wp\/v2\/categories?post=695231"},{"taxonomy":"post_tag","embeddable":true,"href":"https:\/\/www.europesays.com\/es\/wp-json\/wp\/v2\/tags?post=695231"}],"curies":[{"name":"wp","href":"https:\/\/api.w.org\/{rel}","templated":true}]}}