{"id":695247,"date":"2026-08-05T08:25:13","date_gmt":"2026-08-05T08:25:13","guid":{"rendered":"https:\/\/www.europesays.com\/es\/695247\/"},"modified":"2026-08-05T08:25:13","modified_gmt":"2026-08-05T08:25:13","slug":"brasil-expulsa-al-embajador-de-argentina-en-brasilia-y-rebaja-las-relaciones-tras-los-insultos-de-milei","status":"publish","type":"post","link":"https:\/\/www.europesays.com\/es\/695247\/","title":{"rendered":"Brasil expulsa al embajador de Argentina en Brasilia y rebaja las relaciones tras los insultos de Milei"},"content":{"rendered":"<p>\n                    Publicado                 05\/08\/2026 &#8211; 7:20 CEST\u2022\u00faltima actualizaci\u00f3n<br \/>\n                                     7:51\n                                        <\/p>\n<p>Brasil ha pedido a Argentina que retire a su embajador, inform\u00f3 el Ministerio de Exteriores en Buenos Aires este martes, despu\u00e9s de un choque diplom\u00e1tico la semana pasada en el que el presidente Javier Milei <a href=\"https:\/\/es.euronews.com\/2026\/07\/27\/milei-insulta-a-lula-da-silva-y-eleva-la-tension-diplomatica-entre-brasil-y-argentina\" rel=\"nofollow noopener\" target=\"_blank\">calific\u00f3 a su hom\u00f3logo brasile\u00f1o, Luiz Inacio Lula da Silva, de &#8216;ladr\u00f3n&#8217;<\/a>.<\/p>\n<p>          <img decoding=\"async\" class=\"c-ad__placeholder__logo\" src=\"https:\/\/static.euronews.com\/website\/images\/logos\/logo-euronews-stacked-outlined-72x72-grey-9.svg\" width=\"72\" height=\"72\" alt=\"\" loading=\"lazy\"\/><br \/>\n          PUBLICIDAD<\/p>\n<p>          <img decoding=\"async\" class=\"c-ad__placeholder__logo\" src=\"https:\/\/static.euronews.com\/website\/images\/logos\/logo-euronews-stacked-outlined-72x72-grey-9.svg\" width=\"72\" height=\"72\" alt=\"\" loading=\"lazy\"\/><br \/>\n          PUBLICIDAD<\/p>\n<p>En un comunicado en la red social X, el Gobierno argentino inform\u00f3 de que la decisi\u00f3n de reducir la presencia diplom\u00e1tica fue tomada por Brasil de manera unilateral. La canciller\u00eda explica que a pesar de los <strong>choques dial\u00e9cticos<\/strong> entre ambas naciones, Argentina nunca ha elevado estos hechos a conflictos diplom\u00e1ticos.<\/p>\n<p>\u00abEs un ladr\u00f3n, es un corrupto, ha sido condenado por robo y corrupci\u00f3n, ha estado en prisi\u00f3n, as\u00ed que es cierto que podemos llamarle un convicto\u00bb, dijo Milei sobre Lula durante una entrevista en el canal de televisi\u00f3n &#8216;LN+&#8217;. El Gobierno brasile\u00f1o anunci\u00f3 que rebajaba la representaci\u00f3n diplom\u00e1tica bilateral <a href=\"https:\/\/es.euronews.com\/2025\/10\/02\/espana-convoca-a-la-encargada-de-negocios-israeli-tras-el-secuestro-de-la-flotilla\" rel=\"nofollow noopener\" target=\"_blank\">al nivel de encargado de negocios<\/a>, seg\u00fan ha se\u00f1a\u00f1ado el Ministerio de Exteriores argentino en un comunicado.<\/p>\n<p>Adem\u00e1s, <strong>Brasil llam\u00f3 a consultas a su embajador en Argentina<\/strong> por el discurso de Milei, que tambi\u00e9n arremeti\u00f3 contra un magistrado del Tribunal Supremo brasile\u00f1o. M\u00e1s tarde, Buenos Aires minimiz\u00f3 la disputa diplom\u00e1tica con su principal socio comercial: el portavoz presidencial Adrian Ravier afirm\u00f3 que se trataba de \u00abdiferencias ideol\u00f3gicas y pol\u00edticas\u00bb.<\/p>\n<p>\u00ab\u00bfNo le parece agresivo cuando alguien le roba? Llamar &#8216;ladr\u00f3n&#8217; a un ladr\u00f3n es mucho menos grave que el acto mismo de robar\u00bb, explic\u00f3 Milei cuando el domingo le preguntaron por qu\u00e9 mostraba tanta agresividad hacia Lula. \u00abLo dejaron en libertad a \u00e9l (Lula) por un error administrativo, no porque sea inocente. Por lo tanto, es un ladr\u00f3n y un corrupto\u00bb, <strong>insisti\u00f3 el mandatario argentino<\/strong>.<\/p>\n<p>El ultraderechista y libertario Milei hizo comentarios similares durante un discurso en Brasil el pasado fin de semana en apoyo <strong>al senador Flavio Bolsonaro, hijo del expresidente<\/strong> Jair Bolsonaro y rival de Lula desde la derecha en las pr\u00f3ximas elecciones presidenciales. Flavio Bolsonaro cuenta con el respaldo pleno de Milei, as\u00ed como con el de miembros del Gobierno del presidente estadounidense Donald Trump y del primer ministro israel\u00ed Benjamin Netanyahu.<\/p>\n<p>Fuentes adicionales<strong> \u2022 AFP<\/strong><\/p>\n","protected":false},"excerpt":{"rendered":"Publicado 05\/08\/2026 &#8211; 7:20 CEST\u2022\u00faltima actualizaci\u00f3n 7:51 Brasil ha pedido a Argentina que retire a su embajador, inform\u00f3&hellip;\n","protected":false},"author":2,"featured_media":695248,"comment_status":"","ping_status":"","sticky":false,"template":"","format":"standard","meta":{"footnotes":""},"categories":[42],"tags":[283,3216,17,18,8418,13,14,11,61,62,63,64,4245,19,20,3219,9,10,15,16,98759,12,21,22,65,66,67],"class_list":["post-695247","post","type-post","status-publish","format-standard","has-post-thumbnail","category-internacional","tag-argentina","tag-brasil","tag-breaking-news","tag-breakingnews","tag-embajador","tag-featured-news","tag-featurednews","tag-headlines","tag-internacional","tag-international","tag-international-news","tag-internationalnews","tag-javier-milei","tag-latest-news","tag-latestnews","tag-lula-da-silva","tag-news","tag-noticias","tag-noticias-destacadas","tag-noticiasdestacadas","tag-tension-diplomatica","tag-titulares","tag-ultimas-noticias","tag-ultimasnoticias","tag-world","tag-world-news","tag-worldnews"],"share_on_mastodon":{"url":"https:\/\/pubeurope.com\/@es\/117041951123476497","error":""},"_links":{"self":[{"href":"https:\/\/www.europesays.com\/es\/wp-json\/wp\/v2\/posts\/695247","targetHints":{"allow":["GET"]}}],"collection":[{"href":"https:\/\/www.europesays.com\/es\/wp-json\/wp\/v2\/posts"}],"about":[{"href":"https:\/\/www.europesays.com\/es\/wp-json\/wp\/v2\/types\/post"}],"author":[{"embeddable":true,"href":"https:\/\/www.europesays.com\/es\/wp-json\/wp\/v2\/users\/2"}],"replies":[{"embeddable":true,"href":"https:\/\/www.europesays.com\/es\/wp-json\/wp\/v2\/comments?post=695247"}],"version-history":[{"count":0,"href":"https:\/\/www.europesays.com\/es\/wp-json\/wp\/v2\/posts\/695247\/revisions"}],"wp:featuredmedia":[{"embeddable":true,"href":"https:\/\/www.europesays.com\/es\/wp-json\/wp\/v2\/media\/695248"}],"wp:attachment":[{"href":"https:\/\/www.europesays.com\/es\/wp-json\/wp\/v2\/media?parent=695247"}],"wp:term":[{"taxonomy":"category","embeddable":true,"href":"https:\/\/www.europesays.com\/es\/wp-json\/wp\/v2\/categories?post=695247"},{"taxonomy":"post_tag","embeddable":true,"href":"https:\/\/www.europesays.com\/es\/wp-json\/wp\/v2\/tags?post=695247"}],"curies":[{"name":"wp","href":"https:\/\/api.w.org\/{rel}","templated":true}]}}