{"id":69542,"date":"2025-08-24T18:52:08","date_gmt":"2025-08-24T18:52:08","guid":{"rendered":"https:\/\/www.europesays.com\/es\/69542\/"},"modified":"2025-08-24T18:52:08","modified_gmt":"2025-08-24T18:52:08","slug":"el-forofillo-pinceladas-de-ilusion","status":"publish","type":"post","link":"https:\/\/www.europesays.com\/es\/69542\/","title":{"rendered":"El Forofillo | Pinceladas de ilusi\u00f3n"},"content":{"rendered":"<p>Primera victoria de <strong>Osasuna<\/strong>, primer triunfo de <strong>Lisci<\/strong>, primeros tres puntos del equipo, primera ocasi\u00f3n en la que se sonr\u00ede y se certifican las buenas sensaciones del Bernab\u00e9u donde s\u00f3lo una conejada y un arbitraje de los de \u00e9poca (pasada) nos priv\u00f3 de sumar algo. Pero esa guerra ya est\u00e1 librada. Como la del <strong>Valencia<\/strong>, un equipo que, pese a quedarse con uno menos muy pronto nos hizo sufrir al final. Si es que somos de Osasuna, amiguitos&#8230;<\/p>\n<p>Sin noticias del <strong>TAS<\/strong>, que deben de tener horario de funcionarios o de departamento de RR HH o Inform\u00e1tica, no trabajando en fin de semana (ni entre semana, pero por lo menos van), los rojillos arrancaban con la <strong>ausencia de Bretones<\/strong> y con ese problema solventado por Alessio con Ion <strong>Moncayola <\/strong>en el lateral zurdo. Y es que el Jonathan sirve para todo: lo mismo se lava el Mercedes en la gasolinera de Reps\u00f3l \u00e9l solito que te echa gas\u00f3leo, que te saca la papeleta de lateral zurdo o que te termina el partido tras casi 100 minutos de correr saliendo al ataque. <strong>Un crack el siete rojillo&#8230;<\/strong>\n<\/p>\n<p>Este Osasuna pinta bien. Alessio Lisci ha pillado el trazado de las tradicionales escuelas de pintores italianos y est\u00e1 realizando un boceto interesante. La zaga de cinco se presenta segura, con el pincel recio de <strong>Boyomo <\/strong>y el m\u00e1s estilizado de Catena, ayudados del trazo de brocha gorda de Juan Cruz, un currela del f\u00fatbol. Estiletes en las bandas, Monca en una y <strong>Valent\u00edn Rosier <\/strong>en la otra, que pone el amor por el arte pict\u00f3rico de la escuela francesa de Toulouse-Lautrec, C\u00e9zanne y compa\u00f1\u00eda. Torr\u00f3 es el caballete que sustenta esta obra de arte en el centro del campo y deja la creatividad a <strong>Moi G\u00f3mez<\/strong>, un Sorolla del f\u00fatbol que ilumina con su magia por donde circula y a Aimar Oroz, Van Gogh en estado puro con ese puntillismo amoroso que deja a todos con la boca abierta.<\/p>\n<p>No le va a la zaga <strong>V\u00edctor Mu\u00f1oz<\/strong>. Es m\u00e1s de trazado fresco y juvenil, como el Pintamonas C\u00e9sar Oroz, capaz de meterse en el bolsillo a la gente en menos de 45 minutos y opositando a ser uno de los preferidos por la chavalada y la no tan chavalada esta temporada. Y arriba el de siempre, el fiable, el Vel\u00e1zquez que te va a dar una pincelada en forma de gol por mar, tierra o, como en esta ocasi\u00f3n, aire. Vaya cabezazo del croata que la rompi\u00f3 para dejar la primera alegr\u00eda en el feudo pamplon\u00e9s.<\/p>\n<p>La obra de arte de Lisci <strong>empieza a coger color y forma<\/strong>. Los primeros trazos ilusionantes de la capital se vieron refrendados con la victoria contra un Valencia que con once encaj\u00f3 el gol, con diez sufri\u00f3 mucho y que al final, dado el marcador corto, dio los sustos a los que ya estamos m\u00e1s que acostumbrados por estos lares.<\/p>\n<p>Un primer tiempo bueno, con un Moi excelso, trazando diagonales sin necesidad de escuadra ni cartab\u00f3n. De un pase de tiral\u00edneas de estos salt\u00f3 Rosier por su banda, la dej\u00f3 botar y, sobre la cal, lanz\u00f3 su trazado bombeado y tenso. La cabeza de <strong>Budimir <\/strong>hizo el resto, y la explosi\u00f3n de color lleg\u00f3 a una grada que explot\u00f3 de alegr\u00eda. Ilusi\u00f3n que se mantuvo y reaviv\u00f3 minutos despu\u00e9s cuando Gay\u00e1, el m\u00e1s veterano de los ch\u00e9s, cometi\u00f3 a conejada que condenaba a su equipo. Expulsi\u00f3n clara y justa al trabar a un V\u00edctor Mu\u00f1oz que arrancaba explosivo y solo contra Agirrezabala&#8230;<\/p>\n<p>Control total, pausa para echar agua al botijo, descanso, reanudaci\u00f3n, ocasiones rojillas con escaso acierto, relevos, minutos para gente como Rub\u00e9n Garc\u00eda, Osambela o Herrando. Luego sali\u00f3 <strong>Ra\u00fal Garc\u00eda de Haro <\/strong>y demostr\u00f3 la calidad que tiene en sus botas. Mientras se segu\u00eda dibujando el lienzo de la victoria, sonrientes y confiados miraban desde el banquillo los cansados Oroz, Moi, V\u00edctor Mu\u00f1oz y compa\u00f1\u00eda. Y los nervios que no pueden faltar en un encuentro de Osasuna en El Sadar.<\/p>\n<p>Porque si el gol de <strong>Danjuma <\/strong>no subi\u00f3 al marcador fue por un tal\u00f3n. Ni m\u00e1s ni menos. A lo puntera de la bota de Lewandowski el a\u00f1o pasado. Porque pese a ir ganando, a jugar contra diez, a controlar el juego, se ve\u00eda venir que una iban a tener. Y casi nos la l\u00edan. Casi tiran un bote de pintura blanca sobre la obra de arte que estaban dibujando los rojillos, abortando la exposici\u00f3n cuando estaban todos los cuadros listos. Menos mal que el VAR hizo justicia, que esos parece que s\u00ed estaban currando (no como los del TAS).<\/p>\n<p>Ahora a seguir, a preparar el partido contra el <strong>Espanyol <\/strong>y a tratar de ir al primero de los descanso con seis puntos. A insistir en ese trazo fino, ese brochazo necesario, esa l\u00ednea realista llena de simbolismo y pre\u00f1ada de color. A seguir creando la obra de arte que puede conseguir este equipo, esta plantilla, que mejora a\u00f1o tras a\u00f1o como el buen vino o el jam\u00f3n bien curado. Vamos a tratar de olvidarnos de los borrones y que el italiano siga creando su lienzo de f\u00fatbol, que sus pinceladas nos est\u00e1n dejando bastante ilusi\u00f3n&#8230;<\/p>\n<p><strong>\u00a1Hasta la muerte, Forofillo hasta la muerte!<\/strong><\/p>\n","protected":false},"excerpt":{"rendered":"Primera victoria de Osasuna, primer triunfo de Lisci, primeros tres puntos del equipo, primera ocasi\u00f3n en la que&hellip;\n","protected":false},"author":2,"featured_media":69543,"comment_status":"","ping_status":"","sticky":false,"template":"","format":"standard","meta":{"footnotes":""},"categories":[268],"tags":[168,25,24,280,282,3814,1975,281,23,167],"class_list":{"0":"post-69542","1":"post","2":"type-post","3":"status-publish","4":"format-standard","5":"has-post-thumbnail","7":"category-futbol","8":"tag-deportes","9":"tag-es","10":"tag-espana","11":"tag-football","12":"tag-futbol","13":"tag-ilusion","14":"tag-pinceladas","15":"tag-soccer","16":"tag-spain","17":"tag-sports"},"share_on_mastodon":{"url":"","error":""},"_links":{"self":[{"href":"https:\/\/www.europesays.com\/es\/wp-json\/wp\/v2\/posts\/69542","targetHints":{"allow":["GET"]}}],"collection":[{"href":"https:\/\/www.europesays.com\/es\/wp-json\/wp\/v2\/posts"}],"about":[{"href":"https:\/\/www.europesays.com\/es\/wp-json\/wp\/v2\/types\/post"}],"author":[{"embeddable":true,"href":"https:\/\/www.europesays.com\/es\/wp-json\/wp\/v2\/users\/2"}],"replies":[{"embeddable":true,"href":"https:\/\/www.europesays.com\/es\/wp-json\/wp\/v2\/comments?post=69542"}],"version-history":[{"count":0,"href":"https:\/\/www.europesays.com\/es\/wp-json\/wp\/v2\/posts\/69542\/revisions"}],"wp:featuredmedia":[{"embeddable":true,"href":"https:\/\/www.europesays.com\/es\/wp-json\/wp\/v2\/media\/69543"}],"wp:attachment":[{"href":"https:\/\/www.europesays.com\/es\/wp-json\/wp\/v2\/media?parent=69542"}],"wp:term":[{"taxonomy":"category","embeddable":true,"href":"https:\/\/www.europesays.com\/es\/wp-json\/wp\/v2\/categories?post=69542"},{"taxonomy":"post_tag","embeddable":true,"href":"https:\/\/www.europesays.com\/es\/wp-json\/wp\/v2\/tags?post=69542"}],"curies":[{"name":"wp","href":"https:\/\/api.w.org\/{rel}","templated":true}]}}