{"id":695437,"date":"2026-08-05T10:54:14","date_gmt":"2026-08-05T10:54:14","guid":{"rendered":"https:\/\/www.europesays.com\/es\/695437\/"},"modified":"2026-08-05T10:54:14","modified_gmt":"2026-08-05T10:54:14","slug":"dusan-radosavljevic-otro-serbio-mas-para-el-san-pablo","status":"publish","type":"post","link":"https:\/\/www.europesays.com\/es\/695437\/","title":{"rendered":"Dusan Radosavljevic, otro serbio m\u00e1s para el San Pablo"},"content":{"rendered":"<p>El Recoletas Salud San Pablo Burgos ha anunciado la llegada de Dusan Radosavljevic, un alero de 201 cent\u00edmetros de altura nacido el 3 de noviembre de 2001 y que <strong>en su \u00faltima temporada en la Liga del Adri\u00e1tico ha promediado\u00a09,8 puntos, 4,1 rebotes, 2,8 asistencias y 0,9 robos en\u00a023 minutos por encuentro<\/strong>.<\/p>\n<p>Se trata de un jugador serbio que por primera vez saldr\u00e1 de su pa\u00eds para reforzar la rotaci\u00f3n interior de un San Pablo que ya cuenta con 12 jugadores confirmados para el pr\u00f3ximo curso, en el que tendr\u00e1 que compaginar la Liga Endesa con la exigente BKT EuroCup.<\/p>\n<p>Tras el fichaje del p\u00edvot Balsa Koprivica, el San Pablo se ha hecho con los servicios de otro jugador de origen serbio. En este caso,\u00a0Radosavljevic <strong>se form\u00f3 en las categor\u00edas inferiores del Estrella Roja de Belgrado<\/strong> y luego pas\u00f3 por equipo de su pa\u00eds como el\u00a0Metalac, el\u00a0Dynamic Balkan Bet, el\u00a0Mladost MaxBet, el\u00a0Spartak Office Shoes o el\u00a0FMP SoccerBet, en el que ha pasado los dos \u00faltimos a\u00f1os.<\/p>\n<p>Con \u00e9l, el San Pablo pr\u00e1cticamente cierra su plantilla a falta de una o dos piezas m\u00e1s. De esta forma, DJ Steward y Ziga Samar ser\u00e1n la pareja de bases; Retin Obasohan, Joaqu\u00edn Taboada y Chase Audige compartir\u00e1n la posici\u00f3n de escoltas; <strong>Vlatko Cancar, el propio\u00a0Radosavljevic y Pablo Almaz\u00e1n ser\u00e1n los aleros<\/strong>; por dentro Dani D\u00edez y Chris Sengfelder se repartir\u00e1n los minutos al &#8216;cuatro&#8217;; y los dos p\u00edvots ser\u00e1n Balsa Koprivica y Rub\u00e9n Guerrero. A esta lista habr\u00eda que a\u00f1adir a Ra\u00fal Lobaco, un exterior que dar\u00e1 el salto a la ACB con el club burgal\u00e9s tras brillar en el Oviedo de Primera FEB.<\/p>\n","protected":false},"excerpt":{"rendered":"El Recoletas Salud San Pablo Burgos ha anunciado la llegada de Dusan Radosavljevic, un alero de 201 cent\u00edmetros&hellip;\n","protected":false},"author":2,"featured_media":695438,"comment_status":"","ping_status":"","sticky":false,"template":"","format":"standard","meta":{"footnotes":""},"categories":[269],"tags":[517,3592,299,298,57778,42069,33368,623,168,1819,25,24,28915,57779,17650,10,4069,2330,28914,6436,11786,23,167,1284],"class_list":["post-695437","post","type-post","status-publish","format-standard","has-post-thumbnail","category-baloncesto","tag-actualidad","tag-aranda-de-duero","tag-baloncesto","tag-basketball","tag-briviesca","tag-burgales","tag-burgalesa","tag-burgos","tag-deportes","tag-diario","tag-es","tag-espana","tag-grupo-promecal","tag-lerma","tag-miranda-de-ebro","tag-noticias","tag-periodico","tag-prensa","tag-promecal","tag-provincia","tag-salas-de-los-infantes","tag-spain","tag-sports","tag-vivir"],"share_on_mastodon":{"url":"","error":""},"_links":{"self":[{"href":"https:\/\/www.europesays.com\/es\/wp-json\/wp\/v2\/posts\/695437","targetHints":{"allow":["GET"]}}],"collection":[{"href":"https:\/\/www.europesays.com\/es\/wp-json\/wp\/v2\/posts"}],"about":[{"href":"https:\/\/www.europesays.com\/es\/wp-json\/wp\/v2\/types\/post"}],"author":[{"embeddable":true,"href":"https:\/\/www.europesays.com\/es\/wp-json\/wp\/v2\/users\/2"}],"replies":[{"embeddable":true,"href":"https:\/\/www.europesays.com\/es\/wp-json\/wp\/v2\/comments?post=695437"}],"version-history":[{"count":0,"href":"https:\/\/www.europesays.com\/es\/wp-json\/wp\/v2\/posts\/695437\/revisions"}],"wp:featuredmedia":[{"embeddable":true,"href":"https:\/\/www.europesays.com\/es\/wp-json\/wp\/v2\/media\/695438"}],"wp:attachment":[{"href":"https:\/\/www.europesays.com\/es\/wp-json\/wp\/v2\/media?parent=695437"}],"wp:term":[{"taxonomy":"category","embeddable":true,"href":"https:\/\/www.europesays.com\/es\/wp-json\/wp\/v2\/categories?post=695437"},{"taxonomy":"post_tag","embeddable":true,"href":"https:\/\/www.europesays.com\/es\/wp-json\/wp\/v2\/tags?post=695437"}],"curies":[{"name":"wp","href":"https:\/\/api.w.org\/{rel}","templated":true}]}}