{"id":69546,"date":"2025-08-24T18:54:09","date_gmt":"2025-08-24T18:54:09","guid":{"rendered":"https:\/\/www.europesays.com\/es\/69546\/"},"modified":"2025-08-24T18:54:09","modified_gmt":"2025-08-24T18:54:09","slug":"un-mini-atico-de-30-m%c2%b2-que-se-transforma-en-una-vivienda-completa-gracias-a-soluciones-flexibles-y-mobiliario-disenado-a-medida","status":"publish","type":"post","link":"https:\/\/www.europesays.com\/es\/69546\/","title":{"rendered":"Un mini \u00e1tico de 30 m\u00b2 que se transforma en una vivienda completa gracias a soluciones flexibles y mobiliario dise\u00f1ado a medida"},"content":{"rendered":"<p>En este mini \u00e1tico de <a href=\"https:\/\/www.arquitecturaydiseno.es\/decoracion\/las-reglas-de-oro-para-decorar-un-piso-pequeno-segun-expertos_10516\" rel=\"nofollow noopener\" target=\"_blank\">30 metros cuadrados<\/a> situado en Bilbao, <a href=\"https:\/\/www.hilaturaestudio.com\/\" rel=\"nofollow noopener\" target=\"_blank\">Hilatura Estudio<\/a> ha llevado a cabo la premisa de que cada cent\u00edmetro cuenta, hasta sus \u00faltimas consecuencias, demostrando c\u00f3mo la arquitectura puede redefinir la idea de habitabilidad en superficies reducidas sin renunciar al confort ni a la est\u00e9tica. <strong>El proyecto, bautizado Eukarya, toma su nombre de la c\u00e9lula eucariota, la unidad vital m\u00e1s peque\u00f1a de un organismo<\/strong>, una met\u00e1fora precisa para explicar c\u00f3mo en esta vivienda m\u00ednima se concentra un programa dom\u00e9stico completo.<\/p>\n<p>Una vivienda completa en pocos metros<\/p>\n<p>El objetivo de los arquitectos fue dotar a este \u00e1tico de las condiciones necesarias para funcionar como una vivienda convencional. La clave ha estado en una estrategia que combina <a href=\"https:\/\/www.arquitecturaydiseno.es\/decoracion\/como-disenar-salon-multifuncional-casa_10696\" rel=\"nofollow noopener\" target=\"_blank\">mobiliario multifuncional<\/a>, piezas transformables y un sistema de organizaci\u00f3n flexible que evita rigideces. Todo ello con un dise\u00f1o a medida que permite que los distintos usos se superpongan sin entrar en conflicto, ofreciendo una lectura continua del espacio.<\/p>\n<p>El resultado es <strong>un apartamento en el que las fronteras entre cocina, zona de estar, \u00e1rea de descanso y almacenamiento se diluyen en una secuencia fluida<\/strong>. En lugar de compartimentar, HILATURA ha optado por una planta libre donde la \u00fanica excepci\u00f3n es el ba\u00f1o, concebido como un volumen compacto y aut\u00f3nomo que concentra los servicios. Esta decisi\u00f3n permite mantener una circulaci\u00f3n limpia y maximizar la percepci\u00f3n espacial.<\/p>\n<p><a href=\"https:\/\/www.arquitecturaydiseno.es\/decoracion\/8-consejos-disenadora-interiores-para-preparar-casa-para-otono_12271\" data-ga4_event=\"custom_event\" data-ga4_event_name=\"click_intext\" data-ga4_link_url=\"https:\/\/www.arquitecturaydiseno.es\/decoracion\/8-consejos-disenadora-interiores-para-preparar-casa-para-otono_12271\" data-ga4_link_text=\"carolina_amoros_arquitecta_este_otono_invierno_aparece_una_tendencia_nostalgica_con_estampados_de_la_infancia_y_piezas_antiguas\" data-ga4_content_type=\"photo\" data-ga4_element=\"related\" rel=\"nofollow noopener\" target=\"_blank\">&#13;&#13;<img loading=\"lazy\" decoding=\"async\" src=\"https:\/\/www.europesays.com\/es\/wp-content\/uploads\/2025\/08\/carolina-amoros-partchwork-arquitectura-interiorismo_4c6d362b_250822091843_600x600.webp.webp\" alt=\"Carolina Amoros Partchwork Arquitectura Interiorismo\" class=\"lazyload\" width=\"600\" height=\"600\" data-aspectratio=\"600\/600\"\/>&#13;&#13;<\/p>\n<p class=\"epigraph\">&#13;Noticia relacionada<\/p>\n<p class=\"title\">Carolina Amor\u00f3s, arquitecta: \u00abEste oto\u00f1o-invierno aparece una tendencia nost\u00e1lgica con estampados de la infancia y piezas antiguas\u00bb<\/p>\n<p><\/a>Blanco, naranja y madera<\/p>\n<p>El lenguaje material acompa\u00f1a y refuerza esa idea de amplitud. La paleta neutra, matizada con tonos c\u00e1lidos, amplifica la luz y genera una atm\u00f3sfera serena y contempor\u00e1nea. La madera natural aporta textura y calidez, mientras que <a href=\"https:\/\/www.arquitecturaydiseno.es\/arquitectura\/expresividad-ceramica-reconocida-xxiii-premios-ascer_11266\" rel=\"nofollow noopener\" target=\"_blank\">la cer\u00e1mica blanca<\/a> contribuye a la luminosidad general. El color naranja aparece de forma puntual en detalles muy precisos, dotando al conjunto de un car\u00e1cter muy personal sin romper la sensaci\u00f3n de limpieza visual.<\/p>\n<p>La iluminaci\u00f3n tambi\u00e9n juega un papel decisivo. Se ha trabajado tanto la natural como la artificial con soluciones lineales e indirectas que enfatizan los vol\u00famenes y aportan profundidad. De este modo, <strong>cada plano adquiere relieve, evitando la monoton\u00eda<\/strong> que a menudo acompa\u00f1a a los espacios peque\u00f1os.<\/p>\n<p>Optimizando un recuro escaso<\/p>\n<p>La relaci\u00f3n entre dise\u00f1o y ejecuci\u00f3n se materializa en el mobiliario, \u00edntegramente concebido por Hilatura y fabricado por Portela. No se trata \u00fanicamente de piezas funcionales, sino de elementos que organizan la vivienda y que permiten su transformaci\u00f3n seg\u00fan el momento del d\u00eda. <a href=\"https:\/\/www.arquitecturaydiseno.es\/decoracion\/mesas-redondas-versus-rectangulares-cual-elegir-segun-tu-espacio_11348\" rel=\"nofollow noopener\" target=\"_blank\">Una mesa que se recoge<\/a>, un m\u00f3dulo que integra almacenaje y asiento, superficies que se pliegan y despliegan: todo est\u00e1 pensado para maximizar el potencial del \u00e1tico sin caer en artificios.<\/p>\n<p>La referencia a la c\u00e9lula eucariota resulta especialmente acertada: igual que en biolog\u00eda <strong>cada parte cumple una funci\u00f3n imprescindible para la vida<\/strong>, aqu\u00ed cada elemento del proyecto responde a la necesidad de optimizar un recurso escaso: el espacio.<\/p>\n<p>Si quieres estar al d\u00eda de todo lo que publicamos en\u00a0www.arquitecturaydiseno.es, <a href=\"https:\/\/www.arquitecturaydiseno.es\/newsletters\" rel=\"nofollow noopener\" target=\"_blank\">suscr\u00edbete\u00a0a nuestra newsletter<\/a>.<\/p>\n","protected":false},"excerpt":{"rendered":"En este mini \u00e1tico de 30 metros cuadrados situado en Bilbao, Hilatura Estudio ha llevado a cabo la&hellip;\n","protected":false},"author":2,"featured_media":69547,"comment_status":"","ping_status":"","sticky":false,"template":"","format":"standard","meta":{"footnotes":""},"categories":[173],"tags":[229,233,231,230,232,234,146,147,25,24,23],"class_list":{"0":"post-69546","1":"post","2":"type-post","3":"status-publish","4":"format-standard","5":"has-post-thumbnail","7":"category-arte-y-diseno","8":"tag-arte","9":"tag-arte-y-diseno","10":"tag-arts","11":"tag-arts-and-design","12":"tag-design","13":"tag-diseno","14":"tag-entertainment","15":"tag-entretenimiento","16":"tag-es","17":"tag-espana","18":"tag-spain"},"share_on_mastodon":{"url":"","error":""},"_links":{"self":[{"href":"https:\/\/www.europesays.com\/es\/wp-json\/wp\/v2\/posts\/69546","targetHints":{"allow":["GET"]}}],"collection":[{"href":"https:\/\/www.europesays.com\/es\/wp-json\/wp\/v2\/posts"}],"about":[{"href":"https:\/\/www.europesays.com\/es\/wp-json\/wp\/v2\/types\/post"}],"author":[{"embeddable":true,"href":"https:\/\/www.europesays.com\/es\/wp-json\/wp\/v2\/users\/2"}],"replies":[{"embeddable":true,"href":"https:\/\/www.europesays.com\/es\/wp-json\/wp\/v2\/comments?post=69546"}],"version-history":[{"count":0,"href":"https:\/\/www.europesays.com\/es\/wp-json\/wp\/v2\/posts\/69546\/revisions"}],"wp:featuredmedia":[{"embeddable":true,"href":"https:\/\/www.europesays.com\/es\/wp-json\/wp\/v2\/media\/69547"}],"wp:attachment":[{"href":"https:\/\/www.europesays.com\/es\/wp-json\/wp\/v2\/media?parent=69546"}],"wp:term":[{"taxonomy":"category","embeddable":true,"href":"https:\/\/www.europesays.com\/es\/wp-json\/wp\/v2\/categories?post=69546"},{"taxonomy":"post_tag","embeddable":true,"href":"https:\/\/www.europesays.com\/es\/wp-json\/wp\/v2\/tags?post=69546"}],"curies":[{"name":"wp","href":"https:\/\/api.w.org\/{rel}","templated":true}]}}