{"id":69548,"date":"2025-08-24T18:56:08","date_gmt":"2025-08-24T18:56:08","guid":{"rendered":"https:\/\/www.europesays.com\/es\/69548\/"},"modified":"2025-08-24T18:56:08","modified_gmt":"2025-08-24T18:56:08","slug":"los-exconcursantes-de-la-isla-de-las-tentaciones-hugo-y-lara-sorprenden-en-bueu-con-un-una-fiesta-nocturna-por-el-bautizo-de-su-hijo","status":"publish","type":"post","link":"https:\/\/www.europesays.com\/es\/69548\/","title":{"rendered":"Los exconcursantes de \u00abLa Isla de las Tentaciones\u00bb Hugo y Lara sorprenden en Bueu con un una fiesta\u00a0nocturna por el bautizo de su hijo"},"content":{"rendered":"<p>\t\t\t \t\t \t\t\t\t\t\t\tLara Tronti y su pareja, Hugo P\u00e9rez Cabaleiro, posando\u00a0en una fotograf\u00eda de archivo. <strong class=\"pd-l\">Francisco Guerra | EUROPAPRESS  <\/strong><\/p>\n<p>\t\t\t\t\t\tEl ni\u00f1o de la pareja, que cumplir\u00e1 dos a\u00f1os en enero, fue bautizado en una iglesia con sus padres vestidos de blanco y luego hubo una celebraci\u00f3n vespertina con im\u00e1genes de postal<br \/>\n\t\t\t\t\t\t\t\t\t\t\t\t<strong>24 ago 2025<\/strong> . Actualizado a las 18:22 h.\t\t\t\t\t\t<\/p>\n<p class=\"first-paragraph txt\"><strong>Lara Tronti y Hugo P\u00e9rez Cabaleiro,<\/strong> exconcursantes de La isla de las tentaciones y creadores de contenido en las redes sociales con miles de seguidores, hacen de <strong><a href=\"https:\/\/www.lavozdegalicia.es\/temas\/bueu\" rel=\"nofollow noopener\" target=\"_blank\">Bueu<\/a><\/strong> un lugar continuamente viral. Uno y otro cuelgan fotos y v\u00eddeos pr\u00e1cticamente a diario del municipio pontevedr\u00e9s donde viven, de sus playas y paisajes o de las actividades musicales que les encandilan como el <strong>SonR\u00edas<\/strong>. Se conoce m\u00e1s y m\u00e1s Bueu a trav\u00e9s de su d\u00eda a d\u00eda. Porque ellos, como otros muchos influencers, cuentan buena parte de lo que hacen desde que se levantan hasta que se acuestan. Tanto, que cuando tardan unas horas en publicar sus seguidores empiezan a preguntarse qu\u00e9 pas\u00f3.\u00a0<\/p>\n<p class=\"txt\">Este s\u00e1babado, Lara Tronti public\u00f3 un v\u00eddeo en el que contaba que se hab\u00eda levantado un poco pachucha y que esperaba a ver si su estado mejoraba porque ese d\u00eda era el bautizo de su hijo con Hugo P\u00e9rez, que <a class=\"link-txt\" href=\"https:\/\/www.lavozdegalicia.es\/noticia\/pontevedra\/2024\/01\/22\/nace-pontevedra-nico-hijo-exconcursantes-isla-tentaciones-lara-tronti-hugo-perez-cabaleiro\/00031705911219210158758.htm\" rel=\"nofollow noopener\" target=\"_blank\"><strong>naci\u00f3 en el hospital de Pontevedra y que cumplir\u00e1 dos a\u00f1os en el mes de enero.<\/strong><\/a> Poco m\u00e1s se sab\u00eda de la celebraci\u00f3n. Pero el secreto se mantuvo poco tiempo que entre sus invitados hab\u00eda otros creadores de contenido, como la pontevedresa <strong>Natalia Maquieira<\/strong>, que ya ayer dio cuenta de algunos detalles de la cita. De hecho, se\u00f1al\u00f3 que no sab\u00eda muy bien si acertar\u00eda con la vestimenta porque<strong> \u00abuna no tiene bautizos nocturnos todos los d\u00edas\u00bb<\/strong>. Es decir, que Lara y Hugo sorprendieron eligiendo una fiesta nocturna para celebrar el sacramento administrado a su cr\u00edo.\u00a0<\/p>\n<p class=\"txt\">Los padres tardaron unas cuantas horas m\u00e1s en dar cuenta de los detalles del bautizo. Pero acabaron haci\u00e9ndolo. De las im\u00e1genes que publicaron se deduce que la ceremonia en la iglesia fue a una hora m\u00e1s convencional, con <strong>padres e hijo vestidos de blanco<\/strong>. Luego hubo comida con vistas descomunales al mar en una mesa preparada por la propia Lara Tronti. Contrataron al chef privado D\u00b4Socarrat para que les hiciese un arroz con bogavante y huevos fritos. Y, ya al atardecer, se celebr\u00f3 la gran fiesta. De las imag\u00e9nes es f\u00e1cil deducir que hubo comida para dar y tomar, desde embutidos a empanadas pasando por todo tipo de manjares gallegos. Y que la madre del protagonista se cambi\u00f3 de ropa: del vestido formal de la ma\u00f1ana a un atrevido dos piezas tambi\u00e9n en color blanco.\u00a0<\/p>\n<p>&#13;<br \/>\n\tArchivado en:&#13;<br \/>\n\t\t\t\t\t<a href=\"https:\/\/www.lavozdegalicia.es\/temas\/bueu\/\" target=\"_blank\" class=\"mg-l\" rel=\"nofollow noopener\">Bueu<\/a>&#13;<br \/>\n\t\t\t\t\t<a href=\"https:\/\/www.lavozdegalicia.es\/temas\/pontevedra-ciudad\/\" target=\"_blank\" class=\"mg-l\" rel=\"nofollow noopener\">Pontevedra ciudad<\/a>&#13;<br \/>\n\t&#13;<\/p>\n","protected":false},"excerpt":{"rendered":"Lara Tronti y su pareja, Hugo P\u00e9rez Cabaleiro, posando\u00a0en una fotograf\u00eda de archivo. Francisco Guerra | EUROPAPRESS El&hellip;\n","protected":false},"author":2,"featured_media":69549,"comment_status":"","ping_status":"","sticky":false,"template":"","format":"standard","meta":{"footnotes":""},"categories":[171],"tags":[15475,146,147,25,24,9170,23,214],"class_list":{"0":"post-69548","1":"post","2":"type-post","3":"status-publish","4":"format-standard","5":"has-post-thumbnail","7":"category-tv","8":"tag-bueu","9":"tag-entertainment","10":"tag-entretenimiento","11":"tag-es","12":"tag-espana","13":"tag-pontevedra-ciudad","14":"tag-spain","15":"tag-tv"},"share_on_mastodon":{"url":"","error":""},"_links":{"self":[{"href":"https:\/\/www.europesays.com\/es\/wp-json\/wp\/v2\/posts\/69548","targetHints":{"allow":["GET"]}}],"collection":[{"href":"https:\/\/www.europesays.com\/es\/wp-json\/wp\/v2\/posts"}],"about":[{"href":"https:\/\/www.europesays.com\/es\/wp-json\/wp\/v2\/types\/post"}],"author":[{"embeddable":true,"href":"https:\/\/www.europesays.com\/es\/wp-json\/wp\/v2\/users\/2"}],"replies":[{"embeddable":true,"href":"https:\/\/www.europesays.com\/es\/wp-json\/wp\/v2\/comments?post=69548"}],"version-history":[{"count":0,"href":"https:\/\/www.europesays.com\/es\/wp-json\/wp\/v2\/posts\/69548\/revisions"}],"wp:featuredmedia":[{"embeddable":true,"href":"https:\/\/www.europesays.com\/es\/wp-json\/wp\/v2\/media\/69549"}],"wp:attachment":[{"href":"https:\/\/www.europesays.com\/es\/wp-json\/wp\/v2\/media?parent=69548"}],"wp:term":[{"taxonomy":"category","embeddable":true,"href":"https:\/\/www.europesays.com\/es\/wp-json\/wp\/v2\/categories?post=69548"},{"taxonomy":"post_tag","embeddable":true,"href":"https:\/\/www.europesays.com\/es\/wp-json\/wp\/v2\/tags?post=69548"}],"curies":[{"name":"wp","href":"https:\/\/api.w.org\/{rel}","templated":true}]}}