{"id":695745,"date":"2026-08-05T14:37:38","date_gmt":"2026-08-05T14:37:38","guid":{"rendered":"https:\/\/www.europesays.com\/es\/695745\/"},"modified":"2026-08-05T14:37:38","modified_gmt":"2026-08-05T14:37:38","slug":"el-ultimo-mono-juan-davila-y-susana-abaitua-estrenan-una-comedia-sobre-la-machosfera","status":"publish","type":"post","link":"https:\/\/www.europesays.com\/es\/695745\/","title":{"rendered":"El \u00faltimo mono: Juan D\u00e1vila y Susana Abait\u00faa estrenan una comedia sobre la &#8216;machosfera&#8217;"},"content":{"rendered":"<p class=\"c-paragraph\"><b>En El \u00faltimo mono, <a href=\"https:\/\/www.heraldo.es\/noticias\/ocio-y-cultura\/2026\/06\/21\/momento-surrealista-juan-davila-zaragoza-gata-aceite-2030921.html\" title=\"El momento surrealista de Juan D\u00e1vila en Zaragoza: &quot;Le ech\u00e9 aceite de oliva extra, que sirve para todo&quot;\" rel=\"nofollow noopener\" target=\"_blank\">Juan D\u00e1vila<\/a> es un gur\u00fa de la machosfera que asume el reto imposible de enamorar a una mujer feminista encarnada por <a href=\"https:\/\/www.heraldo.es\/noticias\/ocio-y-cultura\/2026\/07\/21\/homenaje-tarazona-talento-comico-salva-reina-toni-acosta-susana-abaitua-mariona-teres-2038845.html\" title=\"Homenaje en Tarazona al talento c\u00f3mico de Salva Reina, Toni Acosta, Susana Abaitua y Mariona Ter\u00e9s\" rel=\"nofollow noopener\" target=\"_blank\">Susana Abaitua<\/a><\/b>: \u00abNo se ponen en comparativa, los valores de la pel\u00edcula est\u00e1n clar\u00edsimos\u00bb, ha asegurado la protagonista de esta comedia.<\/p>\n<p class=\"c-paragraph\">La pel\u00edcula, que <b>llega a los cines el 7 de agosto<\/b>, est\u00e1 dirigida por Joaqu\u00edn Maz\u00f3n (&#8216;La familia Benet\u00f3n&#8217;, &#8216;El casopl\u00f3n&#8217;), con gui\u00f3n de Joaqu\u00edn Oristrell y Yolanda Garc\u00eda Serrano, ganadores del Goya al mejor guion adaptado por &#8216;La cena&#8217;.<\/p>\n<p class=\"c-paragraph\">En esta ocasi\u00f3n, han escrito <b>una historia protagonizada por Juan D\u00e1vila, uno de los fen\u00f3menos humor\u00edsticos m\u00e1s populares del momento<\/b>, adem\u00e1s de actor en televisi\u00f3n y en la pel\u00edcula &#8216;Castigo divino&#8217;. Susana Abaitua (nominada al Goya por &#8216;Un fantasma en la batalla&#8217;) es su contraparte en la pantalla.<\/p>\n<p class=\"c-paragraph\">Se trata de<b> la primera comedia para la int\u00e9rprete vasca de 35 a\u00f1os<\/b>, que asegura que abordar este g\u00e9nero fue una de sus principales motivaciones para aceptar el papel, adem\u00e1s de saber \u00aben manos de qui\u00e9n estaba\u00bb, en referencia a los creadores de la cinta. No obstante, reconoce que cuando le ofrecieron la pel\u00edcula ley\u00f3 el guion con atenci\u00f3n y prevenci\u00f3n por su tem\u00e1tica.<\/p>\n<p class=\"c-paragraph\">\u00ab<b>Soy feminista, la primera. <\/b>Creo que los valores de la pel\u00edcula en ese sentido, desde donde lo ha querido llevar Joaqu\u00edn (Maz\u00f3n), est\u00e1n clar\u00edsimos\u00bb, asegura sobre<b> una trama que se sit\u00faa en v\u00edsperas de una celebraci\u00f3n del 8 de marzo<\/b> en Valencia y que aborda adem\u00e1s las relaciones entre mujeres y hombres en tiempos de redes sociales.<\/p>\n<p class=\"c-paragraph\">Tambi\u00e9n <b>Juan D\u00e1vila reconoce que era \u00abun tema delicado\u00bb, pero<\/b> cree que <b>se ha logrado resolver sin caer en incorrecciones.<\/b> \u00abYa en los mon\u00f3logos iniciales se ve que uno cae por su propio peso y la otra est\u00e1 diciendo cosas coherentes\u00bb, remata Abaitua.<\/p>\n<p class=\"c-paragraph\">Ambos destacan que <b>ha sido importante que haya qu\u00edmica entre ellos<\/b>. \u00abSiempre pienso que traspasa la pantalla, se nota\u00bb, dice al respecto la actriz. <b>\u00abLa gente que ha visto la pel\u00edcula me ha dicho que se cree perfectamente esa relaci\u00f3n\u00bb<\/b>, asiente por su parte el humorista madrile\u00f1o de 47 a\u00f1os.<\/p>\n<p class=\"c-paragraph\">El reparto lo completan <b>\u00d3scar Lasarte, nominado al Goya <\/b>al mejor actor revelaci\u00f3n por &#8216;\u00bfEs el enemigo? La pel\u00edcula de Gila&#8217;, como el hermano y admirador (con reservas) del protagonista, <b>Conchi Espejo (&#8216;Valenciana&#8217;), Xavi Franc\u00e9s (&#8216;La cena&#8217;) y Paula Garc\u00eda Sabio (&#8216;Sin gluten&#8217;).<\/b><\/p>\n<p class=\"c-paragraph\">\u00ab<b>La pel\u00edcula es graciosa sin tirar de clich\u00e9s o chistes t\u00edpicos<\/b> o hacer metacomedia\u00bb, algo que es dif\u00edcil, considera Juan D\u00e1vila, que en esta ficci\u00f3n ofrece cursos a hombres -algunos de ellos c\u00e9libes involuntarios o &#8216;incels&#8217;-, a los que ofrece consejos para dominar a esas mujeres a las que odian y temen.<\/p>\n<p class=\"c-paragraph\"><b>\u00abCuando le\u00ed &#8216;incel&#8217; (de &#8216;involuntary celibate&#8217; en ingl\u00e9s), en el guion no lo entend\u00eda\u00bb, reconoce <\/b>sobre este t\u00e9rmino <b>Abaitua<\/b>, para quien conocer su existencia \u00abfue un viaje triste, en realidad, porque supera la ficci\u00f3n\u00bb, y que <b>espera que los integrantes de la llamada &#8216;machosfera&#8217; vean la pel\u00edcula.<\/b><\/p>\n<p class=\"c-paragraph\"><b>Seg\u00fan Juan D\u00e1vila, \u00abhabr\u00e1 de todo.<\/b> Habr\u00e1 gente de la machosfera que se r\u00eda y no se entere, habr\u00e1 otra gente que diga, &#8216;Madre m\u00eda, d\u00f3nde estoy metido&#8217;, y habr\u00e1 gente que se vaya a su casa pensando un poco si devolver el dinero del curso\u00bb, supone.<\/p>\n<p class=\"c-paragraph\"><b>Sobre las reacciones del feminismo, la actriz espera \u00abque lo reciban bien y que no se asusten\u00bb<\/b>, como le pas\u00f3 a ella misma cuando recibi\u00f3 el guion. \u00abCreo que antes de ver la pel\u00edcula puede haber un &#8216;huy, qu\u00e9 me quieren contar&#8217;. Y que <b>cuando ves la pel\u00edcula, te sorprende<\/b>\u00ab, remarca.\u00a0<\/p>\n","protected":false},"excerpt":{"rendered":"En El \u00faltimo mono, Juan D\u00e1vila es un gur\u00fa de la machosfera que asume el reto imposible de&hellip;\n","protected":false},"author":2,"featured_media":695746,"comment_status":"","ping_status":"","sticky":false,"template":"","format":"standard","meta":{"footnotes":""},"categories":[169],"tags":[296,177,3059,125640,146,147,25,24,2501,6750,176,80738,175,1257,23,88289],"class_list":["post-695745","post","type-post","status-publish","format-standard","has-post-thumbnail","category-cine","tag-agosto","tag-cine","tag-comedia","tag-el-ultimo-mono","tag-entertainment","tag-entretenimiento","tag-es","tag-espana","tag-espanola","tag-estrenos","tag-film","tag-juan-davila","tag-movies","tag-pelicula","tag-spain","tag-susana-abaitua"],"share_on_mastodon":{"url":"https:\/\/pubeurope.com\/@es\/117043412592820974","error":""},"_links":{"self":[{"href":"https:\/\/www.europesays.com\/es\/wp-json\/wp\/v2\/posts\/695745","targetHints":{"allow":["GET"]}}],"collection":[{"href":"https:\/\/www.europesays.com\/es\/wp-json\/wp\/v2\/posts"}],"about":[{"href":"https:\/\/www.europesays.com\/es\/wp-json\/wp\/v2\/types\/post"}],"author":[{"embeddable":true,"href":"https:\/\/www.europesays.com\/es\/wp-json\/wp\/v2\/users\/2"}],"replies":[{"embeddable":true,"href":"https:\/\/www.europesays.com\/es\/wp-json\/wp\/v2\/comments?post=695745"}],"version-history":[{"count":0,"href":"https:\/\/www.europesays.com\/es\/wp-json\/wp\/v2\/posts\/695745\/revisions"}],"wp:featuredmedia":[{"embeddable":true,"href":"https:\/\/www.europesays.com\/es\/wp-json\/wp\/v2\/media\/695746"}],"wp:attachment":[{"href":"https:\/\/www.europesays.com\/es\/wp-json\/wp\/v2\/media?parent=695745"}],"wp:term":[{"taxonomy":"category","embeddable":true,"href":"https:\/\/www.europesays.com\/es\/wp-json\/wp\/v2\/categories?post=695745"},{"taxonomy":"post_tag","embeddable":true,"href":"https:\/\/www.europesays.com\/es\/wp-json\/wp\/v2\/tags?post=695745"}],"curies":[{"name":"wp","href":"https:\/\/api.w.org\/{rel}","templated":true}]}}