{"id":695824,"date":"2026-08-05T15:41:12","date_gmt":"2026-08-05T15:41:12","guid":{"rendered":"https:\/\/www.europesays.com\/es\/695824\/"},"modified":"2026-08-05T15:41:12","modified_gmt":"2026-08-05T15:41:12","slug":"sergi-garcia-hay-que-poner-el-nombre-de-zaragoza-en-lo-mas-alto","status":"publish","type":"post","link":"https:\/\/www.europesays.com\/es\/695824\/","title":{"rendered":"Sergi Garc\u00eda: \u00abHay que poner el nombre de Zaragoza en lo m\u00e1s alto\u00bb"},"content":{"rendered":"<p class=\"c-paragraph\"><b>Regresa Sergi Garc\u00eda (Palma, 1997) a Zaragoza para tomar los mandos del Casademont junto a Trae Bell-Haynes y Guillem Vives<\/b>. Experiencia al tim\u00f3n de un colectivo que inicia una nueva singladura con Gonzalo Garc\u00eda de Vitoria. Sergi vuelve una d\u00e9cada despu\u00e9s de su marcha a Valencia, inicio de un largo periplo que, como la historia y su reiteraci\u00f3n c\u00edclica, le devuelve al club que lo form\u00f3. \u00ab<b>Tengo mucha ilusi\u00f3n por volver a mi casa diez a\u00f1os despu\u00e9s. He podido ver un poco la ciudad, revivir momentos, recuerdos<\/b>. Vengo con ilusi\u00f3n, con muchas ganas de empezar. He comenzado a entrenar. Quiero conocer el equipo, comenzar\u201d, reiter\u00f3 Sergi Garc\u00eda en el acto de presentaci\u00f3n, que ha tenido lugar en el mediod\u00eda de este mi\u00e9rcoles en la sede de Tapigrama, patrocinador del club.<\/p>\n","protected":false},"excerpt":{"rendered":"Regresa Sergi Garc\u00eda (Palma, 1997) a Zaragoza para tomar los mandos del Casademont junto a Trae Bell-Haynes y&hellip;\n","protected":false},"author":2,"featured_media":695825,"comment_status":"","ping_status":"","sticky":false,"template":"","format":"standard","meta":{"footnotes":""},"categories":[269],"tags":[299,298,168,25,24,3142,1634,1352,2074,3441,23,167],"class_list":["post-695824","post","type-post","status-publish","format-standard","has-post-thumbnail","category-baloncesto","tag-baloncesto","tag-basketball","tag-deportes","tag-es","tag-espana","tag-garcia","tag-hay","tag-poner","tag-que","tag-sergi","tag-spain","tag-sports"],"share_on_mastodon":{"url":"https:\/\/pubeurope.com\/@es\/117043664598271233","error":""},"_links":{"self":[{"href":"https:\/\/www.europesays.com\/es\/wp-json\/wp\/v2\/posts\/695824","targetHints":{"allow":["GET"]}}],"collection":[{"href":"https:\/\/www.europesays.com\/es\/wp-json\/wp\/v2\/posts"}],"about":[{"href":"https:\/\/www.europesays.com\/es\/wp-json\/wp\/v2\/types\/post"}],"author":[{"embeddable":true,"href":"https:\/\/www.europesays.com\/es\/wp-json\/wp\/v2\/users\/2"}],"replies":[{"embeddable":true,"href":"https:\/\/www.europesays.com\/es\/wp-json\/wp\/v2\/comments?post=695824"}],"version-history":[{"count":0,"href":"https:\/\/www.europesays.com\/es\/wp-json\/wp\/v2\/posts\/695824\/revisions"}],"wp:featuredmedia":[{"embeddable":true,"href":"https:\/\/www.europesays.com\/es\/wp-json\/wp\/v2\/media\/695825"}],"wp:attachment":[{"href":"https:\/\/www.europesays.com\/es\/wp-json\/wp\/v2\/media?parent=695824"}],"wp:term":[{"taxonomy":"category","embeddable":true,"href":"https:\/\/www.europesays.com\/es\/wp-json\/wp\/v2\/categories?post=695824"},{"taxonomy":"post_tag","embeddable":true,"href":"https:\/\/www.europesays.com\/es\/wp-json\/wp\/v2\/tags?post=695824"}],"curies":[{"name":"wp","href":"https:\/\/api.w.org\/{rel}","templated":true}]}}