{"id":695896,"date":"2026-08-05T16:29:22","date_gmt":"2026-08-05T16:29:22","guid":{"rendered":"https:\/\/www.europesays.com\/es\/695896\/"},"modified":"2026-08-05T16:29:22","modified_gmt":"2026-08-05T16:29:22","slug":"jesus-calleja-sobre-namgyal-su-nieto-de-diez-anos-tiene-la-suerte-de-tener-unos-padres-increibles-yo-aportare-mi-granito-de-arena","status":"publish","type":"post","link":"https:\/\/www.europesays.com\/es\/695896\/","title":{"rendered":"Jes\u00fas Calleja, sobre Namgyal, su nieto de diez a\u00f1os: \u00abTiene la suerte de tener unos padres incre\u00edbles; yo aportar\u00e9 mi granito de arena\u00bb"},"content":{"rendered":"<p><strong><a href=\"https:\/\/theobjective.com\/etiqueta\/jesus-calleja\/\" rel=\"nofollow noopener\" target=\"_blank\">Jes\u00fas Calleja<\/a><\/strong> tiene una familia que le espera despu\u00e9s de cada una de sus <strong>aventuras<\/strong>. Y no solamente lo hacen sus padres, a quienes tiene mucho cari\u00f1o, sino que, tambi\u00e9n, guarda una relaci\u00f3n muy especial con su hijo, <strong>Ganesh<\/strong>, a quien adopt\u00f3 hace much\u00edsimos a\u00f1os. Su historia comenz\u00f3 tras os frecuentes viajes de Jes\u00fas Calleja al Himalaya como gu\u00eda de monta\u00f1a. Calleja conoci\u00f3 a Ganesh en Katmand\u00fa (Nepal) cuando era un ni\u00f1o que viv\u00eda en un orfanato tras haber sido abandonado. Sufr\u00eda un problema grave de salud en los pulmones (tuberculosis) que pon\u00eda en riesgo su vida debido a la falta de medios m\u00e9dicos en la zona. <\/p>\n<p>Movido por la <strong>urgencia<\/strong> de salvarle la vida, Calleja consigui\u00f3 gestionar todos los tr\u00e1mites para traerlo a Espa\u00f1a, ingresarlo en un hospital de Le\u00f3n y costear su tratamiento hasta que se recuper\u00f3 por completo. Con el tiempo, la relaci\u00f3n entre ambos se estrech\u00f3 tanto que Jes\u00fas decidi\u00f3 adoptarlo legalmente como su hijo, integr\u00e1ndolo completamente en su vida en Le\u00f3n. Adem\u00e1s de su hijo, Calleja tambi\u00e9n disfruta de Namgyal, su nieto, que ya tiene diez a\u00f1os. \u00ab\u00a1<strong>Pues este es mi niet\u00edn Nyamgal! \u00a1Sali\u00f3 muy pero que muy listo! \u00a1Lo voy a convertir en un aventurero! Los ni\u00f1os observan, copian y se motivan con la educaci\u00f3n que reciben. Tiene la suerte de tener unos padres incre\u00edbles y yo aportar\u00e9 mi granito de arena<\/strong>\u00bb, escribi\u00f3, hace un tiempo, en sus redes sociales. <\/p>\n<p>Namgyal, el peque\u00f1o nieto de Jes\u00fas Calleja <\/p>\n<blockquote class=\"instagram-media\" data-instgrm-permalink=\"https:\/\/www.instagram.com\/reel\/C0WV7A6gck1\/?utm_source=ig_embed&amp;utm_campaign=loading\" data-instgrm-version=\"14\" style=\" background:#FFF; border:0; border-radius:3px; box-shadow:0 0 1px 0 rgba(0,0,0,0.5),0 1px 10px 0 rgba(0,0,0,0.15); margin: 1px; max-width:540px; min-width:326px; padding:0; width:99.375%; width:-webkit-calc(100% - 2px); width:calc(100% - 2px);\"\/>\n<p>Y es que si echamos un vistazo a sus redes sociales, nos damos cuenta que Calleja ha hecho alguna referencia a su nieto. \u00abHoy ascendi\u00f3 su primera monta\u00f1a de 2.000 metros con su padre y conmigo\u2026 A sus <strong>8 a\u00f1os<\/strong> se hizo partes de la ruta que requer\u00edan de escalada de hasta tercer grado, le estoy ense\u00f1ando todos los deportes que yo hago\u00bb, confes\u00f3, afirmando que el padre del peque\u00f1o es nepal\u00ed, mientras que su madre es de Le\u00f3n. Adem\u00e1s de a Ganesh, quien ahora es una de las personas de su m\u00e1xima confianza, Calleja tuvo un gesto muy bonito con los mejores amigos del joven en Nepal, que tambi\u00e9n viv\u00edan en un orfanato. Jes\u00fas Calleja viaj\u00f3 de nuevo a Nepal y realiz\u00f3 los tr\u00e1mites necesarios para traerlos tambi\u00e9n a Espa\u00f1a, haci\u00e9ndose cargo de su tutela y educaci\u00f3n.<\/p>\n<p>Los tres crecieron juntos en Le\u00f3n como una familia, estudiaron en Espa\u00f1a y hoy en d\u00eda son adultos totalmente independientes. Calleja siempre ha destacado en entrevistas que ellos le ense\u00f1aron el verdadero significado de la paternidad y que son lo m\u00e1s importante de su vida. Hoy en d\u00eda, Ganesh es un <strong>adulto<\/strong> totalmente independiente. Adem\u00e1s, trabaja codo con codo con Jes\u00fas como su representante. Ha estudiado y desarrollado su carrera profesional en Espa\u00f1a \u2014vinculado a sectores como la automoci\u00f3n y la gesti\u00f3n\u2014. Mantiene un perfil discreto y alejado de los focos medi\u00e1ticos, aunque en ocasiones puntuales ha aparecido en televisi\u00f3n o en las redes sociales de su padre para compartir su historia de superaci\u00f3n.<\/p>\n<p>Ganesh, el joven que adopt\u00f3 de un orfanato en El Himalaya <\/p>\n<blockquote class=\"instagram-media\" data-instgrm-permalink=\"https:\/\/www.instagram.com\/reel\/DZslaHcAubm\/?utm_source=ig_embed&amp;utm_campaign=loading\" data-instgrm-version=\"14\" style=\" background:#FFF; border:0; border-radius:3px; box-shadow:0 0 1px 0 rgba(0,0,0,0.5),0 1px 10px 0 rgba(0,0,0,0.15); margin: 1px; max-width:540px; min-width:326px; padding:0; width:99.375%; width:-webkit-calc(100% - 2px); width:calc(100% - 2px);\"\/>\n<p>Mantiene un v\u00ednculo estrech\u00edsimo con Jes\u00fas Calleja, a quien acompa\u00f1a con frecuencia en sus escapadas a la naturaleza cuando su agenda laboral se lo permite. Ganesh se cas\u00f3 con\u00a0<strong>Ana Rodr\u00edguez Sevilla<\/strong>. La pareja tuvo un ni\u00f1o, ampliando la familia que Jes\u00fas Calleja form\u00f3 tras traerlo a Espa\u00f1a desde Nepal. Jes\u00fas Calleja ha expresado en varias ocasiones lo orgulloso y feliz que le hace su rol de abuelo, manteniendo una relaci\u00f3n entra\u00f1able y muy cercana con su nieto. Hoy en d\u00eda, adem\u00e1s de estar centrado en esa etapa m\u00e1s familiar, Calleja, a sus 61 a\u00f1os,\u00a0atraviesa una etapa plena y de gran actividad, combinando proyectos televisivos de gran envergadura con un estilo de vida muy enraizado en la naturaleza y en su tierra natal.<\/p>\n<p>Aunque viaja constantemente por el mundo, Jes\u00fas fija su residencia habitual en una finca rodeada de naturaleza en la monta\u00f1a leonesa (Cordillera Cant\u00e1brica). Mantiene una disciplina f\u00edsica muy estricta: se declara madrugador, adicto al deporte diario \u2014como ciclismo de monta\u00f1a, running y escalada\u2014 y descarta por completo la idea de la jubilaci\u00f3n, defendiendo que \u00ab<strong>lo importante es la edad mental<\/strong>\u00bb. En lo personal, disfruta mucho de su faceta como abuelo tras la paternidad de su hijo Ganesh, manteniendo un v\u00ednculo familiar muy estrecho en Le\u00f3n. Tras a\u00f1os al frente de\u00a0Planeta Calleja\u00a0y\u00a0Volando voy\u00a0en Cuatro, dio el salto a la cadena principal de Mediaset (Telecinco) con\u00a0Universo Calleja.\u00a0En este formato lleva la aventura un paso m\u00e1s all\u00e1 organizando expediciones colectivas con grupos de famosos \u2014en lugar de un \u00fanico invitado\u2014 a destinos como Nepal o Egipto.<\/p>\n<p><img fetchpriority=\"high\" decoding=\"async\" width=\"1024\" height=\"576\" src=\"https:\/\/www.europesays.com\/es\/wp-content\/uploads\/2026\/08\/vida-privada-jesus-calleja-1024x576.jpeg\" alt=\"\" class=\"wp-image-3348350\"  \/>Jes\u00fas Calleja adopt\u00f3 a Ganesh en El Himalaya. | Gtres<\/p>\n<p>Contin\u00faa al frente de su productora,\u00a0Zanskar producciones, desarrollando contenidos audiovisuales centrados en la aventura, el medio ambiente y la puesta en valor del mundo rural. Hace unos meses, se convirti\u00f3 en el primer espa\u00f1ol no astronauta profesional en viajar al espacio \u2014a bordo de la nave de Blue Origin\u2014. Adem\u00e1s, tambi\u00e9n sigue muy ligado al mundo del <strong>rally<\/strong> y la alta competici\u00f3n, participando en pruebas exigentes de rally-raid como la Baja Arag\u00f3n o preparando expediciones al Rally Dakar. <\/p>\n<p>                                                    <script async src=\"\/\/www.instagram.com\/embed.js\"><\/script><\/p>\n","protected":false},"excerpt":{"rendered":"Jes\u00fas Calleja tiene una familia que le espera despu\u00e9s de cada una de sus aventuras. Y no solamente&hellip;\n","protected":false},"author":2,"featured_media":695897,"comment_status":"","ping_status":"","sticky":false,"template":"","format":"standard","meta":{"footnotes":""},"categories":[174],"tags":[4238,255,146,147,25,24,256,563,12901,4108,21283,23],"class_list":["post-695896","post","type-post","status-publish","format-standard","has-post-thumbnail","category-famosos","tag-adopciones","tag-celebrities","tag-entertainment","tag-entretenimiento","tag-es","tag-espana","tag-famosos","tag-hijos","tag-jesus-calleja","tag-leon","tag-nepal","tag-spain"],"share_on_mastodon":{"url":"https:\/\/pubeurope.com\/@es\/117043854929287474","error":""},"_links":{"self":[{"href":"https:\/\/www.europesays.com\/es\/wp-json\/wp\/v2\/posts\/695896","targetHints":{"allow":["GET"]}}],"collection":[{"href":"https:\/\/www.europesays.com\/es\/wp-json\/wp\/v2\/posts"}],"about":[{"href":"https:\/\/www.europesays.com\/es\/wp-json\/wp\/v2\/types\/post"}],"author":[{"embeddable":true,"href":"https:\/\/www.europesays.com\/es\/wp-json\/wp\/v2\/users\/2"}],"replies":[{"embeddable":true,"href":"https:\/\/www.europesays.com\/es\/wp-json\/wp\/v2\/comments?post=695896"}],"version-history":[{"count":0,"href":"https:\/\/www.europesays.com\/es\/wp-json\/wp\/v2\/posts\/695896\/revisions"}],"wp:featuredmedia":[{"embeddable":true,"href":"https:\/\/www.europesays.com\/es\/wp-json\/wp\/v2\/media\/695897"}],"wp:attachment":[{"href":"https:\/\/www.europesays.com\/es\/wp-json\/wp\/v2\/media?parent=695896"}],"wp:term":[{"taxonomy":"category","embeddable":true,"href":"https:\/\/www.europesays.com\/es\/wp-json\/wp\/v2\/categories?post=695896"},{"taxonomy":"post_tag","embeddable":true,"href":"https:\/\/www.europesays.com\/es\/wp-json\/wp\/v2\/tags?post=695896"}],"curies":[{"name":"wp","href":"https:\/\/api.w.org\/{rel}","templated":true}]}}