{"id":695950,"date":"2026-08-05T17:04:10","date_gmt":"2026-08-05T17:04:10","guid":{"rendered":"https:\/\/www.europesays.com\/es\/695950\/"},"modified":"2026-08-05T17:04:10","modified_gmt":"2026-08-05T17:04:10","slug":"ultima-hora-iran-y-oman-acuerdan-una-ruta-para-reabrir-el-transito-por-el-estrecho-de-ormuz","status":"publish","type":"post","link":"https:\/\/www.europesays.com\/es\/695950\/","title":{"rendered":"\u00daltima hora. &#8211; Ir\u00e1n y Om\u00e1n acuerdan una ruta para reabrir el tr\u00e1nsito por el estrecho de Ormuz"},"content":{"rendered":"<p>  Por&amp;nbsp<a href=\"https:\/\/es.euronews.com\/perfiles\/2828\" rel=\"nofollow noopener\" target=\"_blank\">Christina Thykjaer<\/a>&amp;nbsp&amp;&amp;nbsp<b>Euronews<\/b><\/p>\n<p>\n                    Publicado                 05\/08\/2026 &#8211; 18:11 CEST\u2022\u00faltima actualizaci\u00f3n<br \/>\n                                     18:20\n                                        <\/p>\n<p>Ir\u00e1n y Om\u00e1n han alcanzado un acuerdo sobre la ruta que deber\u00e1n seguir los buques que atraviesen <a href=\"https:\/\/es.euronews.com\/2026\/08\/05\/iran-y-oman-negocian-las-futuras-rutas-maritimas-en-ormuz-mientras-trump-rechaza-tasas\" rel=\"nofollow noopener\" target=\"_blank\"><strong>el estrecho de Ormuz<\/strong><\/a> y ultiman un mecanismo para gestionar conjuntamente el tr\u00e1nsito por este paso estrat\u00e9gico, seg\u00fan anunci\u00f3 este mi\u00e9rcoles el Ministerio de Exteriores iran\u00ed.<\/p>\n<p>          <img decoding=\"async\" class=\"c-ad__placeholder__logo\" src=\"https:\/\/static.euronews.com\/website\/images\/logos\/logo-euronews-stacked-outlined-72x72-grey-9.svg\" width=\"72\" height=\"72\" alt=\"\" loading=\"lazy\"\/><br \/>\n          PUBLICIDAD<\/p>\n<p>          <img decoding=\"async\" class=\"c-ad__placeholder__logo\" src=\"https:\/\/static.euronews.com\/website\/images\/logos\/logo-euronews-stacked-outlined-72x72-grey-9.svg\" width=\"72\" height=\"72\" alt=\"\" loading=\"lazy\"\/><br \/>\n          PUBLICIDAD<\/p>\n<p>Teher\u00e1n mantiene el control de facto del estrecho desde que Estados Unidos e Israel iniciaron su ofensiva militar contra Ir\u00e1n el pasado 28 de febrero. Desde entonces, el tr\u00e1nsito mar\u00edtimo por una de las principales arterias del comercio energ\u00e9tico mundial <strong>se ha visto gravemente alterado<\/strong>.<\/p>\n<p>El presidente estadounidense, Donald Trump, ha asegurado en varias ocasiones que Ir\u00e1n estaba dispuesto a alcanzar un acuerdo para reabrir plenamente la navegaci\u00f3n por el estrecho. Sin embargo, <strong>las autoridades iran\u00edes rechazan esa versi\u00f3n<\/strong> y sostienen que cualquier decisi\u00f3n sobre el futuro de esta v\u00eda mar\u00edtima se coordinar\u00e1 con Om\u00e1n, el pa\u00eds situado en la orilla opuesta.<\/p>\n<p>\u00abLas coordenadas geogr\u00e1ficas de la ruta prevista por ambas partes ya han sido acordadas y, si determinados terceros no obstaculizan el proceso, la declaraci\u00f3n conjunta de los dos pa\u00edses, que recoge los principales puntos de consenso, <strong>se encuentra en su fase final de revisi\u00f3n y redacci\u00f3n<\/strong>\u00ab, afirm\u00f3 el portavoz del Ministerio de Exteriores iran\u00ed, Esmaeil Baqaei, seg\u00fan la agencia estatal IRNA.<\/p>\n<p>La tensi\u00f3n militar mantiene la incertidumbre en Ormuz<\/p>\n<p>El portavoz explic\u00f3 que las conversaciones con Om\u00e1n <strong>avanzan de forma positiva<\/strong>, aunque advirti\u00f3 de que un eventual acuerdo no implicar\u00eda que el estrecho de Ormuz vuelva a ser una ruta completamente segura para todos los buques.<\/p>\n<p>\u00abLos factores que hacen inseguro el estrecho de Ormuz siguen existiendo por parte de Estados Unidos, especialmente el bloqueo naval y otras <strong>acciones agresivas y amenazantes contra Ir\u00e1n<\/strong> y sus intereses\u00bb, asegur\u00f3.<\/p>\n<p>Antes del estallido del conflicto, por el estrecho de Ormuz transitaba aproximadamente <strong>una quinta parte de las exportaciones mundiales de petr\u00f3leo y gas natural licuado (GNL)<\/strong>. La incertidumbre sobre el futuro de esta ruta ha provocado fuertes <a href=\"https:\/\/es.euronews.com\/my-europe\/2026\/07\/27\/crisis-ormuz-vuelve-presionar-mercado-petrolero-europeo-tregua\" rel=\"nofollow noopener\" target=\"_blank\">oscilaciones en los precios de la energ\u00eda<\/a> y ha incrementado la presi\u00f3n econ\u00f3mica y pol\u00edtica sobre Washington para encontrar una soluci\u00f3n a la crisis.<\/p>\n<p>Fuentes adicionales<strong> \u2022 AFP<\/strong><\/p>\n","protected":false},"excerpt":{"rendered":"Por&amp;nbspChristina Thykjaer&amp;nbsp&amp;&amp;nbspEuronews Publicado 05\/08\/2026 &#8211; 18:11 CEST\u2022\u00faltima actualizaci\u00f3n 18:20 Ir\u00e1n y Om\u00e1n han alcanzado un acuerdo sobre la&hellip;\n","protected":false},"author":2,"featured_media":695951,"comment_status":"","ping_status":"","sticky":false,"template":"","format":"standard","meta":{"footnotes":""},"categories":[42],"tags":[17,18,5853,629,81680,13,14,11,61,62,63,64,3137,19,20,9,10,15,16,5403,12,21,22,65,66,67],"class_list":["post-695950","post","type-post","status-publish","format-standard","has-post-thumbnail","category-internacional","tag-breaking-news","tag-breakingnews","tag-comercio-internacional","tag-estados-unidos","tag-estrecho-de-ormuz","tag-featured-news","tag-featurednews","tag-headlines","tag-internacional","tag-international","tag-international-news","tag-internationalnews","tag-iran","tag-latest-news","tag-latestnews","tag-news","tag-noticias","tag-noticias-destacadas","tag-noticiasdestacadas","tag-oriente-medio","tag-titulares","tag-ultimas-noticias","tag-ultimasnoticias","tag-world","tag-world-news","tag-worldnews"],"share_on_mastodon":{"url":"","error":""},"_links":{"self":[{"href":"https:\/\/www.europesays.com\/es\/wp-json\/wp\/v2\/posts\/695950","targetHints":{"allow":["GET"]}}],"collection":[{"href":"https:\/\/www.europesays.com\/es\/wp-json\/wp\/v2\/posts"}],"about":[{"href":"https:\/\/www.europesays.com\/es\/wp-json\/wp\/v2\/types\/post"}],"author":[{"embeddable":true,"href":"https:\/\/www.europesays.com\/es\/wp-json\/wp\/v2\/users\/2"}],"replies":[{"embeddable":true,"href":"https:\/\/www.europesays.com\/es\/wp-json\/wp\/v2\/comments?post=695950"}],"version-history":[{"count":0,"href":"https:\/\/www.europesays.com\/es\/wp-json\/wp\/v2\/posts\/695950\/revisions"}],"wp:featuredmedia":[{"embeddable":true,"href":"https:\/\/www.europesays.com\/es\/wp-json\/wp\/v2\/media\/695951"}],"wp:attachment":[{"href":"https:\/\/www.europesays.com\/es\/wp-json\/wp\/v2\/media?parent=695950"}],"wp:term":[{"taxonomy":"category","embeddable":true,"href":"https:\/\/www.europesays.com\/es\/wp-json\/wp\/v2\/categories?post=695950"},{"taxonomy":"post_tag","embeddable":true,"href":"https:\/\/www.europesays.com\/es\/wp-json\/wp\/v2\/tags?post=695950"}],"curies":[{"name":"wp","href":"https:\/\/api.w.org\/{rel}","templated":true}]}}