{"id":695962,"date":"2026-08-05T17:15:11","date_gmt":"2026-08-05T17:15:11","guid":{"rendered":"https:\/\/www.europesays.com\/es\/695962\/"},"modified":"2026-08-05T17:15:11","modified_gmt":"2026-08-05T17:15:11","slug":"fichaje-gorka-rivera-nuevo-jugador-de-unionistas-de-salamanca","status":"publish","type":"post","link":"https:\/\/www.europesays.com\/es\/695962\/","title":{"rendered":"FICHAJE | Gorka Rivera, nuevo jugador de Unionistas de Salamanca"},"content":{"rendered":"<p style=\"text-align: justify;\">Unionistas de Salamanca ha llegado a un acuerdo con el <strong>Getafe CF<\/strong> para la cesi\u00f3n de <strong>Gorka Rivera,<\/strong> que se incorpora a la disciplina blanquinegra de cara a la temporada 2026\/27.<\/p>\n<p style=\"text-align: justify;\">A sus <strong>22 a\u00f1os<\/strong>, el futbolista, zurdo y con capacidad para actuar tanto como <strong>lateral izquierdo<\/strong> como de <strong>central<\/strong>, aterriza en Salamanca tras completar una destacada trayectoria en las categor\u00edas inferiores del f\u00fatbol espa\u00f1ol.<\/p>\n<p style=\"text-align: justify;\">Gorka Rivera se form\u00f3 en las canteras del <strong>Real Madrid CF,<\/strong> del <strong>CD Legan\u00e9s<\/strong> y del <strong>Getafe CF,<\/strong> club del que procede y en el que ha continuado su crecimiento hasta convertirse en el capit\u00e1n de su equipo filial.<\/p>\n<p style=\"text-align: justify;\">Con el Getafe CF B ha disputado un total de <strong>66 partidos oficiales,<\/strong> incluidos cuatro encuentros del playoff de ascenso a Primera Federaci\u00f3n. Adem\u00e1s, su progresi\u00f3n le ha permitido <strong>debutar con el primer equipo<\/strong> azul\u00f3n, con el que ha disputado dos encuentros en Primera Divisi\u00f3n bajo las \u00f3rdenes de Jos\u00e9 Bordal\u00e1s.<\/p>\n<p>Gorka Rivera se convierte en la <strong>decimoctava ficha<\/strong> de Unionistas de Salamanca para la temporada 2026\/27, sum\u00e1ndose a Hugo de Bustos, Steffan, Ramiro, \u00c1lvaro G\u00f3mez, Juanma, De la Nava, Abde Saidi, Luis Alcalde, \u00c1lex Gil, \u00c1lex Daza, Marcelo, Pau Ferrer, Dani Morer, Dani Gonz\u00e1lez, Emilio Bernad, Retu y Mikel Serrano.<\/p>\n","protected":false},"excerpt":{"rendered":"Unionistas de Salamanca ha llegado a un acuerdo con el Getafe CF para la cesi\u00f3n de Gorka Rivera,&hellip;\n","protected":false},"author":2,"featured_media":695963,"comment_status":"","ping_status":"","sticky":false,"template":"","format":"standard","meta":{"footnotes":""},"categories":[268],"tags":[1616,168,25,24,557,280,282,3303,125653,281,23,167,109317],"class_list":["post-695962","post","type-post","status-publish","format-standard","has-post-thumbnail","category-futbol","tag-defensa","tag-deportes","tag-es","tag-espana","tag-fichaje","tag-football","tag-futbol","tag-getafe-cf","tag-gorka-rivera","tag-soccer","tag-spain","tag-sports","tag-unionistas-de-salamanca"],"share_on_mastodon":{"url":"https:\/\/pubeurope.com\/@es\/117044034047372146","error":""},"_links":{"self":[{"href":"https:\/\/www.europesays.com\/es\/wp-json\/wp\/v2\/posts\/695962","targetHints":{"allow":["GET"]}}],"collection":[{"href":"https:\/\/www.europesays.com\/es\/wp-json\/wp\/v2\/posts"}],"about":[{"href":"https:\/\/www.europesays.com\/es\/wp-json\/wp\/v2\/types\/post"}],"author":[{"embeddable":true,"href":"https:\/\/www.europesays.com\/es\/wp-json\/wp\/v2\/users\/2"}],"replies":[{"embeddable":true,"href":"https:\/\/www.europesays.com\/es\/wp-json\/wp\/v2\/comments?post=695962"}],"version-history":[{"count":0,"href":"https:\/\/www.europesays.com\/es\/wp-json\/wp\/v2\/posts\/695962\/revisions"}],"wp:featuredmedia":[{"embeddable":true,"href":"https:\/\/www.europesays.com\/es\/wp-json\/wp\/v2\/media\/695963"}],"wp:attachment":[{"href":"https:\/\/www.europesays.com\/es\/wp-json\/wp\/v2\/media?parent=695962"}],"wp:term":[{"taxonomy":"category","embeddable":true,"href":"https:\/\/www.europesays.com\/es\/wp-json\/wp\/v2\/categories?post=695962"},{"taxonomy":"post_tag","embeddable":true,"href":"https:\/\/www.europesays.com\/es\/wp-json\/wp\/v2\/tags?post=695962"}],"curies":[{"name":"wp","href":"https:\/\/api.w.org\/{rel}","templated":true}]}}