{"id":695984,"date":"2026-08-05T17:27:13","date_gmt":"2026-08-05T17:27:13","guid":{"rendered":"https:\/\/www.europesays.com\/es\/695984\/"},"modified":"2026-08-05T17:27:13","modified_gmt":"2026-08-05T17:27:13","slug":"cuatro-heridos-en-el-centro-de-londres-tras-el-ataque-de-una-mujer-con-un-objeto-punzante","status":"publish","type":"post","link":"https:\/\/www.europesays.com\/es\/695984\/","title":{"rendered":"Cuatro heridos en el centro de Londres tras el ataque de una mujer con un objeto punzante"},"content":{"rendered":"<p>    <img src=\"https:\/\/www.europesays.com\/es\/wp-content\/uploads\/2026\/08\/2026-08-05T163A463A12Z-91852522.jpg\" width=\"1024\" height=\"682\" alt=\"\" loading=\"eager\" decoding=\"sync\" fetchpriority=\"high\"\/><\/p>\n<p>            afp_tickers        <\/p>\n<p>        Este contenido fue publicado en    <\/p>\n<p>        05 agosto 2026 &#8211; 19:10\n<\/p>\n<p>Una mujer fue detenida este mi\u00e9rcoles despu\u00e9s de que cuatro personas resultaran heridas con un objeto punzante en la zona de Covent Garden, en el centro de Londres, inform\u00f3 la polic\u00eda de la capital brit\u00e1nica, que descart\u00f3 un m\u00f3vil terrorista.<\/p>\n<p>Las v\u00edctimas de la agresi\u00f3n son cuatro hombres, de 34, 39, 42 y 52 a\u00f1os, cuya vida no est\u00e1 en peligro seg\u00fan la polic\u00eda.<\/p>\n<p>\u00abQueremos tranquilizar a la comunidad, ya que por el momento creemos que se trata de un incidente aislado relacionado con la salud mental\u00bb, de la sospechosa, de 47 a\u00f1os, se\u00f1al\u00f3 Jason Stewart, responsable de la Polic\u00eda Metropolitana en la zona.<\/p>\n<p>La polic\u00eda inform\u00f3 que incaut\u00f3 un par de tijeras en el lugar de los hechos, en Endell Street, cerca del Royal Ballet and Opera y del mercado de Covent Garden.<\/p>\n<p>La mujer fue detenida bajo sospecha de posesi\u00f3n de un arma ofensiva y agresi\u00f3n y fue trasladada a dependencias policiales.<\/p>\n<p>Los cuatro hombres v\u00edctimas del ataque \u00abfueron atendidos por los servicios de emergencia y trasladados al hospital, donde dos de ellos permanecen ingresados con lesiones que, seg\u00fan se cree, no ponen en peligro su vida ni tendr\u00e1n consecuencias permanentes. Las otras dos v\u00edctimas ya han recibido el alta hospitalaria\u00bb, inform\u00f3 la polic\u00eda.<\/p>\n<p>Las fuerzas del orden fueron alertadas hacia las 12h30 horas locales (11h30 GMT) en el c\u00e9ntrico barrio londinense, que alberga numerosos teatros de la capital, tras recibir varias llamadas de aviso.<\/p>\n<p>\u00abConocemos a esta mujer. No s\u00e9 c\u00f3mo se llama, pero siempre est\u00e1 en esta calle. Es una persona sin hogar y nunca lleva zapatos\u00bb, declar\u00f3 a la AFP Arjan, empleado de un restaurante de comida r\u00e1pida, situado en Endell Street, la calle donde ocurri\u00f3 el ataque.<\/p>\n<p>\u00abVi c\u00f3mo la polic\u00eda utiliz\u00f3 una pistola t\u00e1ser contra la mujer\u00bb para que soltara el arma, a\u00f1adi\u00f3 su compa\u00f1ero Ahmad.<\/p>\n<p>Im\u00e1genes impactantes publicadas por los medios mostraban un helic\u00f3ptero de ambulancia a\u00e9rea en la emblem\u00e1tica plaza de Trafalgar Square y una calle llena de comercios y terrazas, acordonadas por la polic\u00eda.<\/p>\n<p>psr-lmc\/ahg<\/p>\n","protected":false},"excerpt":{"rendered":"afp_tickers Este contenido fue publicado en 05 agosto 2026 &#8211; 19:10 Una mujer fue detenida este mi\u00e9rcoles despu\u00e9s&hellip;\n","protected":false},"author":2,"featured_media":695985,"comment_status":"","ping_status":"","sticky":false,"template":"","format":"standard","meta":{"footnotes":""},"categories":[42],"tags":[17,18,11892,13,14,11,61,62,63,64,19,20,7657,17067,9,10,15,16,1384,90,12,21,22,65,66,67],"class_list":["post-695984","post","type-post","status-publish","format-standard","has-post-thumbnail","category-internacional","tag-breaking-news","tag-breakingnews","tag-crime","tag-featured-news","tag-featurednews","tag-headlines","tag-internacional","tag-international","tag-international-news","tag-internationalnews","tag-latest-news","tag-latestnews","tag-law-and-order","tag-law-enforcement","tag-news","tag-noticias","tag-noticias-destacadas","tag-noticiasdestacadas","tag-police","tag-ticker","tag-titulares","tag-ultimas-noticias","tag-ultimasnoticias","tag-world","tag-world-news","tag-worldnews"],"share_on_mastodon":{"url":"https:\/\/pubeurope.com\/@es\/117044081339806693","error":""},"_links":{"self":[{"href":"https:\/\/www.europesays.com\/es\/wp-json\/wp\/v2\/posts\/695984","targetHints":{"allow":["GET"]}}],"collection":[{"href":"https:\/\/www.europesays.com\/es\/wp-json\/wp\/v2\/posts"}],"about":[{"href":"https:\/\/www.europesays.com\/es\/wp-json\/wp\/v2\/types\/post"}],"author":[{"embeddable":true,"href":"https:\/\/www.europesays.com\/es\/wp-json\/wp\/v2\/users\/2"}],"replies":[{"embeddable":true,"href":"https:\/\/www.europesays.com\/es\/wp-json\/wp\/v2\/comments?post=695984"}],"version-history":[{"count":0,"href":"https:\/\/www.europesays.com\/es\/wp-json\/wp\/v2\/posts\/695984\/revisions"}],"wp:featuredmedia":[{"embeddable":true,"href":"https:\/\/www.europesays.com\/es\/wp-json\/wp\/v2\/media\/695985"}],"wp:attachment":[{"href":"https:\/\/www.europesays.com\/es\/wp-json\/wp\/v2\/media?parent=695984"}],"wp:term":[{"taxonomy":"category","embeddable":true,"href":"https:\/\/www.europesays.com\/es\/wp-json\/wp\/v2\/categories?post=695984"},{"taxonomy":"post_tag","embeddable":true,"href":"https:\/\/www.europesays.com\/es\/wp-json\/wp\/v2\/tags?post=695984"}],"curies":[{"name":"wp","href":"https:\/\/api.w.org\/{rel}","templated":true}]}}