{"id":696142,"date":"2026-08-05T19:31:11","date_gmt":"2026-08-05T19:31:11","guid":{"rendered":"https:\/\/www.europesays.com\/es\/696142\/"},"modified":"2026-08-05T19:31:11","modified_gmt":"2026-08-05T19:31:11","slug":"brasil-retira-a-su-embajador-de-argentina-tras-los-insultos-contra-lula-por-los-que-milei-no-pedira-disculpas","status":"publish","type":"post","link":"https:\/\/www.europesays.com\/es\/696142\/","title":{"rendered":"Brasil retira a su embajador de Argentina tras los insultos contra Lula por los que Milei no pedir\u00e1 disculpas"},"content":{"rendered":"<p class=\"article-text\">\n        El presidente brasile\u00f1o, Luiz In\u00e1cio Lula da Silva, retir\u00f3 a su embajador en Buenos Aires y redujo la representaci\u00f3n diplom\u00e1tica al nivel de encargado de negocios. La decisi\u00f3n marca el punto de <a href=\"https:\/\/www.eldiario.es\/internacional\/javier-milei-flavio-bolsonaro-ultraderecha-argentina_1_13408409.html\" data-mrf-recirculation=\"links-noticia\" class=\"link\" rel=\"nofollow noopener\" target=\"_blank\">m\u00e1xima fricci\u00f3n <\/a>en d\u00e9cadas en la relaci\u00f3n bilateral y responde a los insultos que le propin\u00f3 el mandatario argentino, Javier Milei, en las \u00faltimas apariciones p\u00fablicas.\n    <\/p>\n<p>    <a href=\"https:\/\/www.eldiario.es\/internacional\/javier-milei-flavio-bolsonaro-ultraderecha-argentina_1_13408409.html\" data-mrf-recirculation=\"saber-mas\" data-dl-event=\"saber-mas\" rel=\"nofollow noopener\" target=\"_blank\"><\/p>\n<p class=\"know-more__title\">Milei abre una crisis diplom\u00e1tica con Brasil tras insultar a Lula en un acto con el hijo de Bolsonaro: \u00abBasura socialista\u00bb<\/p>\n<p>            <img decoding=\"async\" class=\"lazy\" loading=\"lazy\" data-src=\"https:\/\/static.eldiario.es\/clip\/d3fb2eae-fe20-4d2f-b340-9d25ddfdd104_16-9-aspect-ratio_default_0_x1037y934.jpg\" src=\"data:image\/svg+xml,%3Csvg xmlns=\" http:=\"\" viewbox=\"0 0 880 495\" alt=\"Milei abre una crisis diplom\u00e1tica con Brasil tras insultar a Lula en un acto con el hijo de Bolsonaro: &quot;Basura socialista&quot;\"\/><\/p>\n<p>                        <\/a><\/p>\n<p class=\"article-text\">\n        El embajador argentino en Brasil, Daniel Raimondi, recibi\u00f3 la segunda nota de protesta formal en menos de dos semanas y en ella le expusieron las razones de la sanci\u00f3n diplom\u00e1tica. Su hom\u00f3logo brasile\u00f1o en Buenos Aires, Julio Bitelli, quien fue llamado a consultas por la Canciller\u00eda de su pa\u00eds el 26 de julio, no regresar\u00e1 a la capital argentina hasta nuevo aviso mientras contin\u00faen las agresiones de Milei.\n    <\/p>\n<p class=\"article-text\">\n        Milei hab\u00eda participado en San Pablo del acto de lanzamiento de la candidatura presidencial de Fl\u00e1vio Bolsonaro el 25 de julio, ocasi\u00f3n en la que tild\u00f3 de \u201cladr\u00f3n\u201d y <a href=\"https:\/\/www.eldiario.es\/internacional\/javier-milei-flavio-bolsonaro-ultraderecha-argentina_1_13408409.html\" target=\"_blank\" data-mrf-recirculation=\"links-noticia\" class=\"link\" rel=\"nofollow noopener\">\u201cbasura socialista\u201d a Lula da Silva<\/a>. La intenci\u00f3n de ese viaje hab\u00eda sido la de reunirse con Jair Bolsonaro, quien cumple prisi\u00f3n domiciliaria por encabezar un intento de golpe de Estado contra Lula una semana despu\u00e9s de que asumiera su tercer mandato, pero el juez del m\u00e1ximo tribunal de Brasil, Alexandre de Moraes, se lo impidi\u00f3. Por eso Milei tambi\u00e9n fue ofensivo con el magistrado, llam\u00e1ndolo \u201cbasura calva\u201d.\n    <\/p>\n<p class=\"article-text\">\n        Cuando a Lula le preguntaron qu\u00e9 opinaba de las declaraciones de Milei en su propio pa\u00eds, el brasile\u00f1o dijo con iron\u00eda que no sab\u00eda qui\u00e9n era ese \u201ctipo\u201d y luego las calific\u00f3 de \u201cdisparate\u201d. Pero los hilos se movieron a nivel de Canciller\u00eda, que lleg\u00f3 a considerar que ser\u00eda necesario demorar el regreso de Bitelli a Argentina.\n    <\/p>\n<p class=\"article-text\">\n        Los agravios continuaron desde Buenos Aires. En sus apariciones medi\u00e1ticas de este domingo y martes, el mandatario argentino dijo que llama \u201cpresidiario\u201d al l\u00edder del Partido de los Trabajadores porque, seg\u00fan \u00e9l, qued\u00f3 libre por \u201cun error administrativo\u201d. Lula da Silva recuper\u00f3 la libertad en noviembre de 2019  tras 580 d\u00edas de detenci\u00f3n, y tambi\u00e9n recuper\u00f3 sus derechos pol\u00edticos gracias a un fallo del m\u00e1ximo tribunal que determin\u00f3 que el juez Sergio Moro hab\u00eda actuado con parcialidad al condenarlo.\n    <\/p>\n<p class=\"article-text\">\n        En un programa de televisi\u00f3n, Milei volvi\u00f3 a acusar a Brasil de haber supuestamente financiado una \u201ccampa\u00f1a antiargentina\u201d en redes sociales durante el Mundial, en la que incluy\u00f3 tambi\u00e9n a M\u00e9xico y al Partido Dem\u00f3crata de Estados Unidos. No present\u00f3 ninguna prueba que lo sustente.\n    <\/p>\n<p class=\"article-text\">\n        En Brasilia, remarcaron que el mandatario argentino no ratific\u00f3 sus ep\u00edtetos de \u201cladr\u00f3n\u201d y \u201ccorrupto\u201d contra Lula da Silva solo una vez, sino que lo hizo cuatro veces durante su entrevista a LN+.\n    <\/p>\n<p>    \u201cDos intentos de intervenir en la campa\u00f1a\u201d<\/p>\n<p class=\"article-text\">\n        El intelectual brasile\u00f1o Emir Sader se\u00f1ala a elDiario.es que este episodio tiene puntos de contacto con la decisi\u00f3n del gobierno de EEUU de cancelar la visa de la embajadora de Brasil en Washington, Maria Luiza Viotti. \u201cBrasil al principio tuvo una posici\u00f3n de cautela tras el viaje de Milei a San Pablo y su apoyo a la candidatura de Bolsonaro. Pero el Ministerio de Exteriores ha publicado una respuesta dura al gobierno de Donald Trump, luego de que retirara la visa de la embajadora de Brasil, amenazando con medidas de respuesta tambi\u00e9n en el plano econ\u00f3mico. En ese marco es que Lula reacciona tambi\u00e9n en contra de las reiteradas declaraciones de Milei, ya que se interpretan como dos intentos de invervenir en la campa\u00f1a electoral\u201d.\n    <\/p>\n<p class=\"article-text\">\n        Lula da Silva cuando este domingo formaliz\u00f3 su candidatura para las elecciones presidenciales del 4 de octubre dijo, a modo de mensaje al gobierno de Trump: \u201cQuiero estar preparado para que nadie invada este pa\u00eds para llevarse a este presidente (en alusi\u00f3n a la captura de Maduro en Venezuela). Quiero estar preparado para la paz, no para la guerra. No quiero que nadie se atreva a subestimarnos\u201d.\n    <\/p>\n<blockquote class=\"twitter-tweet\" data-lang=\"es\"><p><a href=\"https:\/\/twitter.com\/X\/status\/2084039675707081006?ref_src=twsrc%5Etfw\" rel=\"nofollow noopener\" target=\"_blank\"><\/p><\/blockquote>\n<p class=\"article-text\">\n        Para Sader, \u201cambos gobiernos [de EEUU y de Argentina] son aliados cercanos que ven en la pol\u00edtica exterior brasile\u00f1a un obst\u00e1culo para la visi\u00f3n de la extrema derecha en el mundo actual\u201d.\n    <\/p>\n<p>    Milei no pedir\u00e1 disculpas<\/p>\n<p class=\"article-text\">\n        El Gobierno argentino no s\u00f3lo no reconoci\u00f3 su falta en los insultos de Milei a Lula, sino que culp\u00f3 a Brasil en un comunicado de la Canciller\u00eda. El titular de la cartera, Pablo Quirno, dijo haber tomado nota de la \u201cdecisi\u00f3n unilateral\u201d y lament\u00f3 que Brasil \u201ccontin\u00fae aisl\u00e1ndose del resto de la regi\u00f3n por motivos puramente ideol\u00f3gicos\u201d. El canciller afirm\u00f3 que las relaciones entre los Estados \u201cdeben basarse en los intereses permanentes de sus pueblos y no en las necesidades pol\u00edticas o personales de los gobiernos de turno\u201d.\n    <\/p>\n<p>    <a href=\"https:\/\/www.eldiario.es\/internacional\/javier-milei-flavio-bolsonaro-ultraderecha-argentina_1_13408409.html\" data-mrf-recirculation=\"saber-mas-abajo\" data-dl-event=\"saber-mas-abajo\" rel=\"nofollow noopener\" target=\"_blank\"><\/p>\n<p class=\"know-more__title\">Milei abre una crisis diplom\u00e1tica con Brasil tras insultar a Lula en un acto con el hijo de Bolsonaro: \u201cBasura socialista\u201d\n<\/p>\n<p>            <img decoding=\"async\" class=\"lazy\" loading=\"lazy\" data-src=\"https:\/\/static.eldiario.es\/clip\/d3fb2eae-fe20-4d2f-b340-9d25ddfdd104_16-9-aspect-ratio_default_0_x1037y934.jpg\" src=\"data:image\/svg+xml,%3Csvg xmlns=\" http:=\"\" viewbox=\"0 0 880 495\" alt=\"Milei abre una crisis diplom\u00e1tica con Brasil tras insultar a Lula en un acto con el hijo de Bolsonaro: &quot;Basura socialista&quot;\"\/><\/p>\n<p>                        <\/a><\/p>\n<blockquote class=\"twitter-tweet\" data-lang=\"es\"><p><a href=\"https:\/\/twitter.com\/X\/status\/2084819286342644218?ref_src=twsrc%5Etfw\" rel=\"nofollow noopener\" target=\"_blank\"><\/p><\/blockquote>\n<p class=\"article-text\">\n        En la rueda de prensa de este mi\u00e9rcoles, convocada para hablar sobre la visita del Papa Le\u00f3n XIV en noviembre, Quirno dijo que no habr\u00e1 un pedido de disculpas del Gobierno argentino  \u2013postura alejada de la principios de la fe cat\u00f3lica\u2013. Tampoco habr\u00e1 una acci\u00f3n diplom\u00e1tica en respuesta a lo que haga Brasil. Y agreg\u00f3: \u201cLa regi\u00f3n est\u00e1 cambiando la direcci\u00f3n y nosotros eso lo celebramos, y esperamos que tambi\u00e9n suceda en Brasil\u201d. El canciller adelant\u00f3 que tienen planeado realizar una reuni\u00f3n de presidentes de derecha en Buenos Aires, a\u00fan sin fecha precisa.\n    <\/p>\n<p>                                        <script async src=\"https:\/\/platform.twitter.com\/widgets.js\" charset=\"utf-8\"><\/script><\/p>\n","protected":false},"excerpt":{"rendered":"El presidente brasile\u00f1o, Luiz In\u00e1cio Lula da Silva, retir\u00f3 a su embajador en Buenos Aires y redujo la&hellip;\n","protected":false},"author":2,"featured_media":696143,"comment_status":"","ping_status":"","sticky":false,"template":"","format":"standard","meta":{"footnotes":""},"categories":[42],"tags":[283,3216,17,18,13,14,11,61,62,63,64,4245,19,20,3219,9,10,15,16,12,21,22,65,66,67],"class_list":["post-696142","post","type-post","status-publish","format-standard","has-post-thumbnail","category-internacional","tag-argentina","tag-brasil","tag-breaking-news","tag-breakingnews","tag-featured-news","tag-featurednews","tag-headlines","tag-internacional","tag-international","tag-international-news","tag-internationalnews","tag-javier-milei","tag-latest-news","tag-latestnews","tag-lula-da-silva","tag-news","tag-noticias","tag-noticias-destacadas","tag-noticiasdestacadas","tag-titulares","tag-ultimas-noticias","tag-ultimasnoticias","tag-world","tag-world-news","tag-worldnews"],"share_on_mastodon":{"url":"https:\/\/pubeurope.com\/@es\/117044568853457660","error":""},"_links":{"self":[{"href":"https:\/\/www.europesays.com\/es\/wp-json\/wp\/v2\/posts\/696142","targetHints":{"allow":["GET"]}}],"collection":[{"href":"https:\/\/www.europesays.com\/es\/wp-json\/wp\/v2\/posts"}],"about":[{"href":"https:\/\/www.europesays.com\/es\/wp-json\/wp\/v2\/types\/post"}],"author":[{"embeddable":true,"href":"https:\/\/www.europesays.com\/es\/wp-json\/wp\/v2\/users\/2"}],"replies":[{"embeddable":true,"href":"https:\/\/www.europesays.com\/es\/wp-json\/wp\/v2\/comments?post=696142"}],"version-history":[{"count":0,"href":"https:\/\/www.europesays.com\/es\/wp-json\/wp\/v2\/posts\/696142\/revisions"}],"wp:featuredmedia":[{"embeddable":true,"href":"https:\/\/www.europesays.com\/es\/wp-json\/wp\/v2\/media\/696143"}],"wp:attachment":[{"href":"https:\/\/www.europesays.com\/es\/wp-json\/wp\/v2\/media?parent=696142"}],"wp:term":[{"taxonomy":"category","embeddable":true,"href":"https:\/\/www.europesays.com\/es\/wp-json\/wp\/v2\/categories?post=696142"},{"taxonomy":"post_tag","embeddable":true,"href":"https:\/\/www.europesays.com\/es\/wp-json\/wp\/v2\/tags?post=696142"}],"curies":[{"name":"wp","href":"https:\/\/api.w.org\/{rel}","templated":true}]}}