{"id":696316,"date":"2026-08-05T21:42:37","date_gmt":"2026-08-05T21:42:37","guid":{"rendered":"https:\/\/www.europesays.com\/es\/696316\/"},"modified":"2026-08-05T21:42:37","modified_gmt":"2026-08-05T21:42:37","slug":"cambian-otra-vez-la-fecha-de-liberacion-de-sean-diddy-combs-tras-pelea-en-prision","status":"publish","type":"post","link":"https:\/\/www.europesays.com\/es\/696316\/","title":{"rendered":"Cambian otra vez la fecha de liberaci\u00f3n de Sean \u201cDiddy\u201d Combs tras pelea en prisi\u00f3n"},"content":{"rendered":"<p><img alt=\"Sean \u201cDiddy\u201d Combs\" class=\"global-image\" decoding=\"async\" fetchpriority=\"high\" height=\"1080\" loading=\"eager\" src=\"https:\/\/www.europesays.com\/es\/wp-content\/uploads\/2026\/08\/76C7355TEFCAZDNY5JCT66UX7U.jpg\" width=\"1920\"\/>El rapero cumple una sentencia de 50 meses tras ser declarado culpable de dos cargos relacionados con transporte para ejercer la prostituci\u00f3n.(AP\/Kathy Willens)<\/p>\n<p>05 Ago, 2026 03:19 p. m. EST<\/p>\n<p class=\"paragraph\" data-paragraph-number=\"1\">La fecha de liberaci\u00f3n de <b>Sean \u201cDiddy\u201d Combs<\/b> volvi\u00f3 a ser modificada. El rapero y fundador de Bad Boy Records, de 56 a\u00f1os, ahora figura con salida prevista para el <b>20 de febrero de 2028<\/b>, seg\u00fan una actualizaci\u00f3n de la Oficina Federal de Prisiones de Estados Unidos informada el martes 4 de agosto. <\/p>\n<p class=\"paragraph\" data-paragraph-number=\"2\">El cambio ocurre semanas despu\u00e9s de que el artista fuera reportado como protagonista de un altercado f\u00edsico con otro interno en la prisi\u00f3n federal FCI Fort Dix, en Nueva Jersey, donde cumple su condena. Cabe precisar que la fecha de liberaci\u00f3n de Combs ha cambiado en varias ocasiones desde que ingres\u00f3 al sistema penitenciario federal, aunque no se ha brindado una explicaci\u00f3n oficial sobre las variaciones.<\/p>\n<p class=\"paragraph\" data-paragraph-number=\"3\">Inicialmente, su salida en libertad aparec\u00eda fijada para el <b>4 de junio de 2028<\/b>. Posteriormente, fue modificada al <b>25 de abril de 2028<\/b>, luego al <b>23 de febrero de 2028<\/b> y m\u00e1s adelante al <b>24 de enero de 2028<\/b>, antes de establecerse nuevamente en el <b>20 de febrero de 2028<\/b>.<\/p>\n<p class=\"paragraph\" data-paragraph-number=\"4\">\u201cEn este punto no tenemos la informaci\u00f3n necesaria para responder con claridad\u201d, se\u00f1al\u00f3 un representante de Combs a Us Weekly ante los cambios recientes en la programaci\u00f3n de su salida.<\/p>\n<p class=\"paragraph\" data-paragraph-number=\"5\">El m\u00fasico cumple una sentencia de <b>50 meses de prisi\u00f3n<\/b> luego de ser declarado culpable en 2025 de dos cargos relacionados con el <b>transporte de personas con fines de prostituci\u00f3n<\/b>, tras un juicio federal desarrollado en Nueva York.<\/p>\n<p><img alt=\"El productor musical fue trasladado a FCI Fort Dix despu\u00e9s de permanecer m\u00e1s de un a\u00f1o detenido en el Centro de Detenci\u00f3n Metropolitano de Brooklyn (REUTERS\/Jane Rosenberg)\" class=\"global-image\" decoding=\"async\" fetchpriority=\"low\" height=\"2250\" loading=\"lazy\" src=\"https:\/\/www.europesays.com\/es\/wp-content\/uploads\/2026\/08\/JTVY7LM7VNDUREY6BG5TEUHUGI.JPG\" width=\"3000\"\/>El productor musical fue trasladado a FCI Fort Dix despu\u00e9s de permanecer m\u00e1s de un a\u00f1o detenido en el Centro de Detenci\u00f3n Metropolitano de Brooklyn (REUTERS\/Jane Rosenberg)<\/p>\n<p class=\"paragraph\" data-paragraph-number=\"6\">Combs fue arrestado en septiembre de 2024 y enfrent\u00f3 acusaciones m\u00e1s graves, entre ellas tr\u00e1fico sexual y conspiraci\u00f3n de crimen organizado. Sin embargo, el jurado lo absolvi\u00f3 de esos cargos durante el proceso judicial. Hasta el momento, el artista insiste en su inocencia. Sus abogados contin\u00faan con una apelaci\u00f3n para buscar la anulaci\u00f3n de la condena o una reducci\u00f3n de la sentencia, al considerar que el castigo impuesto fue excesivo.<\/p>\n<p class=\"paragraph\" data-paragraph-number=\"7\">Adem\u00e1s de la pena de prisi\u00f3n, el juez Arun Subramanian orden\u00f3 que Combs pague una multa de <b>500.000 d\u00f3lares<\/b> y cumpla <b>cinco a\u00f1os de libertad supervisada<\/b> una vez que abandone la c\u00e1rcel.<\/p>\n<p class=\"paragraph\" data-paragraph-number=\"8\">El rapero cumple su condena en FCI Fort Dix, una prisi\u00f3n federal de baja seguridad ubicada en Nueva Jersey. De acuerdo con PEOPLE, Combs hab\u00eda solicitado permanecer en esa instalaci\u00f3n para estar m\u00e1s cerca de su familia y participar en un programa de rehabilitaci\u00f3n por abuso de sustancias. La participaci\u00f3n en el Programa Residencial de Tratamiento de Abuso de Drogas (RDAP, por sus siglas en ingl\u00e9s) puede permitir una reducci\u00f3n de hasta un a\u00f1o en la condena, seg\u00fan la Oficina Federal de Prisiones.<\/p>\n<p class=\"paragraph\" data-paragraph-number=\"9\">Los recientes cambios en la fecha de liberaci\u00f3n ocurrieron despu\u00e9s de reportes sobre un enfrentamiento f\u00edsico entre Combs y otro recluso dentro de FCI Fort Dix. El incidente ocurri\u00f3 en julio y habr\u00eda comenzado luego de que otro interno insultara al m\u00fasico.<\/p>\n<p><img alt=\"Un supuesto enfrentamiento con otro interno puso nuevamente la atenci\u00f3n sobre la situaci\u00f3n de Combs dentro del sistema penitenciario federal (REUTERS\/Mario Anzuoni \/File Photo)\" class=\"global-image\" decoding=\"async\" fetchpriority=\"low\" height=\"1953\" loading=\"lazy\" src=\"https:\/\/www.europesays.com\/es\/wp-content\/uploads\/2026\/08\/EFYSNQYO7FG4PMZR3GNTYL2MAI.JPG\" width=\"3000\"\/>Un supuesto enfrentamiento con otro interno puso nuevamente la atenci\u00f3n sobre la situaci\u00f3n de Combs dentro del sistema penitenciario federal (REUTERS\/Mario Anzuoni \/File Photo)<\/p>\n<p class=\"paragraph\" data-paragraph-number=\"10\">La pelea fue detenida r\u00e1pidamente por el personal penitenciario, que separ\u00f3 a ambos hombres. Posteriormente, Combs habr\u00eda sido trasladado a aislamiento, seg\u00fan reportes citados por medios como TMZ. Sin embargo, las autoridades de FCI Fort Dix no confirmaron si el artista fue colocado en confinamiento solitario.<\/p>\n<p class=\"paragraph\" data-paragraph-number=\"11\">\u201cNo estamos autorizados a revelar ni proporcionar informaci\u00f3n interna relacionada con ning\u00fan recluso bajo nuestra custodia\u201d, se\u00f1al\u00f3 un portavoz de la prisi\u00f3n.<\/p>\n","protected":false},"excerpt":{"rendered":"El rapero cumple una sentencia de 50 meses tras ser declarado culpable de dos cargos relacionados con transporte&hellip;\n","protected":false},"author":2,"featured_media":696317,"comment_status":"","ping_status":"","sticky":false,"template":"","format":"standard","meta":{"footnotes":""},"categories":[170],"tags":[231,3118,11892,5797,146,147,25,24,17067,184,185,3119,23],"class_list":["post-696316","post","type-post","status-publish","format-standard","has-post-thumbnail","category-musica","tag-arts","tag-arts-culture-entertainment","tag-crime","tag-culture","tag-entertainment","tag-entretenimiento","tag-es","tag-espana","tag-law-enforcement","tag-music","tag-musica","tag-north-america","tag-spain"],"share_on_mastodon":{"url":"https:\/\/pubeurope.com\/@es\/117045085061406126","error":""},"_links":{"self":[{"href":"https:\/\/www.europesays.com\/es\/wp-json\/wp\/v2\/posts\/696316","targetHints":{"allow":["GET"]}}],"collection":[{"href":"https:\/\/www.europesays.com\/es\/wp-json\/wp\/v2\/posts"}],"about":[{"href":"https:\/\/www.europesays.com\/es\/wp-json\/wp\/v2\/types\/post"}],"author":[{"embeddable":true,"href":"https:\/\/www.europesays.com\/es\/wp-json\/wp\/v2\/users\/2"}],"replies":[{"embeddable":true,"href":"https:\/\/www.europesays.com\/es\/wp-json\/wp\/v2\/comments?post=696316"}],"version-history":[{"count":0,"href":"https:\/\/www.europesays.com\/es\/wp-json\/wp\/v2\/posts\/696316\/revisions"}],"wp:featuredmedia":[{"embeddable":true,"href":"https:\/\/www.europesays.com\/es\/wp-json\/wp\/v2\/media\/696317"}],"wp:attachment":[{"href":"https:\/\/www.europesays.com\/es\/wp-json\/wp\/v2\/media?parent=696316"}],"wp:term":[{"taxonomy":"category","embeddable":true,"href":"https:\/\/www.europesays.com\/es\/wp-json\/wp\/v2\/categories?post=696316"},{"taxonomy":"post_tag","embeddable":true,"href":"https:\/\/www.europesays.com\/es\/wp-json\/wp\/v2\/tags?post=696316"}],"curies":[{"name":"wp","href":"https:\/\/api.w.org\/{rel}","templated":true}]}}