{"id":696440,"date":"2026-08-05T23:14:29","date_gmt":"2026-08-05T23:14:29","guid":{"rendered":"https:\/\/www.europesays.com\/es\/696440\/"},"modified":"2026-08-05T23:14:29","modified_gmt":"2026-08-05T23:14:29","slug":"habra-documental-de-gilmore-girls-en-el-que-participara-lorelai-interpretada-por-lauren-graham","status":"publish","type":"post","link":"https:\/\/www.europesays.com\/es\/696440\/","title":{"rendered":"Habr\u00e1 documental de \u00abGilmore girls\u00bb, en el que participar\u00e1 \u00abLorelai\u00bb, interpretada por Lauren Graham"},"content":{"rendered":"<p itemprop=\"description\" class=\"sc__font-paragraph\"><a itemprop=\"url\" href=\"https:\/\/www.eluniversal.com.mx\/autores\/mariana-lebrija-clavel\/\" target=\"_blank\" rel=\"noreferrer nofollow noopener\" title=\"https:\/\/www.eluniversal.com.mx\/autores\/mariana-lebrija-clavel\/\"><b>HBO Max<\/b><\/a> prepara la producci\u00f3n de un<b> documental<\/b> acerca de \u00ab<a itemprop=\"url\" href=\"https:\/\/www.eluniversal.com.mx\/autores\/mariana-lebrija-clavel\/\" target=\"_blank\" rel=\"noreferrer nofollow noopener\" title=\"https:\/\/www.eluniversal.com.mx\/autores\/mariana-lebrija-clavel\/\"><b>Gilmore girls<\/b><\/a>\u00ab, una de las<a itemprop=\"url\" href=\"https:\/\/www.eluniversal.com.mx\/autores\/mariana-lebrija-clavel\/\" target=\"_blank\" rel=\"noreferrer nofollow noopener\" title=\"https:\/\/www.eluniversal.com.mx\/autores\/mariana-lebrija-clavel\/\"> series<\/a>, de la primera d\u00e9cada de los dos mil, m\u00e1s exitosas y ya hay algunos nombres confirmados; en el proyecto participar\u00e1n sus creadores Amy Sherman-Palladino y Daniel Palladino, as\u00ed como la actriz que dio vida a <b>Lorelai Gilmore<\/b>,<a itemprop=\"url\" href=\"https:\/\/www.eluniversal.com.mx\/autores\/mariana-lebrija-clavel\/\" target=\"_blank\" rel=\"noreferrer nofollow noopener\" title=\"https:\/\/www.eluniversal.com.mx\/autores\/mariana-lebrija-clavel\/\"><b> Lauren Graham<\/b><\/a>.<\/p>\n<p itemprop=\"description\" class=\"sc__font-paragraph\">Desde hace a\u00f1os, las y los fan\u00e1ticos de la serie han solicitado una nueva temporada, una pel\u00edcula o alg\u00fan contenido audiovisual relacionado a \u00abGirlmore girls\u00bb, el drama familiar, producido por The WB Television Network.<\/p>\n<p itemprop=\"description\" class=\"sc__font-paragraph\">Su petici\u00f3n se har\u00e1 una realidad, como dio a conocer \u00abThe Hollywood Reporter\u00bb, acerca de la confirmaci\u00f3n de HBO Max, plataforma que impulsara el documental, el cual contar\u00e1 c\u00f3mo se origin\u00f3 la idea de rodar la serie y algunos pormenores, a\u00fan inexplorados y desconocidos para sus fans m\u00e1s cautivos.<\/p>\n<p itemprop=\"description\" class=\"sc__font-paragraph\"><b>Lee tambi\u00e9n<\/b> <a itemprop=\"url\" href=\"https:\/\/www.eluniversal.com.mx\/espectaculos\/las-que-se-arreglan-vs-las-que-ordenan-comienzan-a-formarse-los-teams-dentro-de-la-casa-de-los-famosos-mexico\/\" target=\"_blank\" rel=\"noreferrer nofollow noopener\" title=\"https:\/\/www.eluniversal.com.mx\/espectaculos\/las-que-se-arreglan-vs-las-que-ordenan-comienzan-a-formarse-los-teams-dentro-de-la-casa-de-los-famosos-mexico\/\">\u00bfLas que se arreglan vs las que ordenan?, comienzan a formarse los teams dentro de \u00abLa casa de los famosos M\u00e9xico\u00bb<\/a><\/p>\n<p itemprop=\"description\" class=\"sc__font-paragraph\">Se trata del \u00fanico proyecto que cuenta no s\u00f3lo con la participaci\u00f3n, sino con la autorizaci\u00f3n de sus creadores, <a itemprop=\"url\" href=\"https:\/\/www.eluniversal.com.mx\/autores\/mariana-lebrija-clavel\/\" target=\"_blank\" rel=\"noreferrer nofollow noopener\" title=\"https:\/\/www.eluniversal.com.mx\/autores\/mariana-lebrija-clavel\/\">los Palladino<\/a>, pues se sabe que, hay una productora que tiene pensado lanzar otro documental sobre la historia, la cual se desarrolla en el <b>ficticio Star Hollow<\/b>. <\/p>\n<p itemprop=\"description\" class=\"sc__font-paragraph\">El documental autorizado ser\u00e1 dirigido por<a itemprop=\"url\" href=\"https:\/\/www.eluniversal.com.mx\/autores\/mariana-lebrija-clavel\/\" target=\"_blank\" rel=\"noreferrer nofollow noopener\" title=\"https:\/\/www.eluniversal.com.mx\/autores\/mariana-lebrija-clavel\/\"> Bonnie Cohen<\/a>, una reconocida cineasta estadounidense, la cual ha dedicado su trabajo a documentales; tambi\u00e9n es cofundadora de la compa\u00f1\u00eda productora Actual Films.<\/p>\n<p itemprop=\"description\" class=\"sc__font-paragraph\">Lauren Graham, la directora y el productor ejecutivo de la serie no ser\u00e1n los \u00fanicos que aparezcan en \u00e9l, seg\u00fan el medio especializado en cine, tambi\u00e9n contar\u00e1n con la participaci\u00f3n de otros trabajadores de la producci\u00f3n.<\/p>\n<p itemprop=\"description\" class=\"sc__font-paragraph\"><b>Lee tambi\u00e9n <\/b><a itemprop=\"url\" href=\"https:\/\/www.eluniversal.com.mx\/espectaculos\/tristan-hijo-de-yahir-exhibe-a-mujer-que-lo-grabo-sin-su-consentimiento-por-ser-pariente-del-cantante\/\" rel=\"nofollow noopener\" target=\"_blank\">Trist\u00e1n, hijo de Yahir, exhibe a mujer que lo grab\u00f3 sin su consentimiento por ser el primog\u00e9nito del cantante<\/a><\/p>\n<p itemprop=\"description\" class=\"sc__font-paragraph\">Y si bien, se desconoce el nombre del documental, as\u00ed como la tentativa fecha de su lanzamiento, lo que est\u00e1 completamente confirmado es que los Palladino ya preparan un <b>libro<\/b>, relacionado a la serie, emitida del 2000 al 2006, el cual estar\u00e1 a la venta en octubre de 2027. <\/p>\n<p>  <strong><br \/>\n <a href=\" https:\/\/whatsapp.com\/channel\/0029Va4lfJc1CYoM1R8IT71e\"><br \/>\n   \u00danete a nuestro canal<br \/>\n <\/a><br \/>\n <\/strong> \u00a1EL UNIVERSAL ya est\u00e1 en Whatsapp!, desde tu dispositivo m\u00f3vil ent\u00e9rate de las noticias m\u00e1s relevantes del d\u00eda, art\u00edculos de opini\u00f3n, entretenimiento, tendencias y m\u00e1s.<\/p>\n<p><\/p>\n<p itemprop=\"description\" class=\"sc__font-paragraph\">melc<\/p>\n","protected":false},"excerpt":{"rendered":"HBO Max prepara la producci\u00f3n de un documental acerca de \u00abGilmore girls\u00ab, una de las series, de la&hellip;\n","protected":false},"author":2,"featured_media":696441,"comment_status":"","ping_status":"","sticky":false,"template":"","format":"standard","meta":{"footnotes":""},"categories":[171],"tags":[125712,146,147,25,24,125711,125713,23,214],"class_list":["post-696440","post","type-post","status-publish","format-standard","has-post-thumbnail","category-tv","tag-documental-de-gilmore-girls","tag-entertainment","tag-entretenimiento","tag-es","tag-espana","tag-gilmore-girls","tag-lauren-graham","tag-spain","tag-tv"],"share_on_mastodon":{"url":"https:\/\/pubeurope.com\/@es\/117045445706008870","error":""},"_links":{"self":[{"href":"https:\/\/www.europesays.com\/es\/wp-json\/wp\/v2\/posts\/696440","targetHints":{"allow":["GET"]}}],"collection":[{"href":"https:\/\/www.europesays.com\/es\/wp-json\/wp\/v2\/posts"}],"about":[{"href":"https:\/\/www.europesays.com\/es\/wp-json\/wp\/v2\/types\/post"}],"author":[{"embeddable":true,"href":"https:\/\/www.europesays.com\/es\/wp-json\/wp\/v2\/users\/2"}],"replies":[{"embeddable":true,"href":"https:\/\/www.europesays.com\/es\/wp-json\/wp\/v2\/comments?post=696440"}],"version-history":[{"count":0,"href":"https:\/\/www.europesays.com\/es\/wp-json\/wp\/v2\/posts\/696440\/revisions"}],"wp:featuredmedia":[{"embeddable":true,"href":"https:\/\/www.europesays.com\/es\/wp-json\/wp\/v2\/media\/696441"}],"wp:attachment":[{"href":"https:\/\/www.europesays.com\/es\/wp-json\/wp\/v2\/media?parent=696440"}],"wp:term":[{"taxonomy":"category","embeddable":true,"href":"https:\/\/www.europesays.com\/es\/wp-json\/wp\/v2\/categories?post=696440"},{"taxonomy":"post_tag","embeddable":true,"href":"https:\/\/www.europesays.com\/es\/wp-json\/wp\/v2\/tags?post=696440"}],"curies":[{"name":"wp","href":"https:\/\/api.w.org\/{rel}","templated":true}]}}