{"id":696630,"date":"2026-08-06T02:26:19","date_gmt":"2026-08-06T02:26:19","guid":{"rendered":"https:\/\/www.europesays.com\/es\/696630\/"},"modified":"2026-08-06T02:26:19","modified_gmt":"2026-08-06T02:26:19","slug":"desvelada-la-fecha-de-estreno-de-la-esperada-serie-que-llevara-vigo-a-todo-el-mundo","status":"publish","type":"post","link":"https:\/\/www.europesays.com\/es\/696630\/","title":{"rendered":"Desvelada la fecha de estreno de la esperada serie que llevar\u00e1 Vigo a todo el mundo"},"content":{"rendered":"<p>                        <a data-no-instant=\"1\" href=\"https:\/\/www.google.com\/preferences\/source?q=metropolitano.gal\" rel=\"noopener nofollow\" class=\"a2t-link\" target=\"_blank\" aria-label=\"boton3google\"><img decoding=\"async\" loading=\"lazy\" src=\"https:\/\/www.europesays.com\/es\/wp-content\/uploads\/2026\/08\/1785983177_41_boton3google.png\" alt=\"\" width=\"300\" height=\"70\" style=\"display: inline-block;\"\/><\/a><\/p>\n<p><strong>Vigo se podr\u00e1 ver en todo el mundo gracias al estreno de una de las grandes series rodadas en los \u00faltimos tiempos en la ciudad<\/strong> y su entorno. La historia de Leo Caldas, como ya adelant\u00f3 en exclusiva Metropolitano.gal se podr\u00e1 ver en Disney+ y ya tiene fecha de estreno. La propia plataforma ha anunciado en las \u00faltimas horas el d\u00eda en el que se podr\u00e1 ver <strong><a href=\"https:\/\/metropolitano.gal\/enfoque\/vigo-llegara-a-disney-con-su-proximo-gran-estreno-primeras-imagenes-de-la-serie-de-leo-caldas\/\" rel=\"nofollow noopener\" target=\"_blank\">\u00abCaldas. El \u00faltimo barco\u00bb<\/a><\/strong>, la adaptaci\u00f3n del bestseller del vigu\u00e9s Domingo Villar.<\/p>\n<p>Tras dar a conocer hace unos meses las primeras im\u00e1genes<strong>, Disney+ ha desvelado cu\u00e1ndo se podr\u00e1 ver la serie producida por Secuoya Studios para una de las grandes plataformas de streaming.<\/strong> Una producci\u00f3n que contar\u00e1 con seis cap\u00edtulos y cuyo rodaje ha generado una gran expectaci\u00f3n en la propia ciudad por un personaje tan querido por los vigueses y viguesas como es Leo Caldas.<\/p>\n<p>\u00abUn crimen, una investigaci\u00f3n y una ciudad como Vigo, donde nada es lo que parece\u00bb, as\u00ed anuncia Secuoya Studios que la serie \u00abCaldas. El \u00faltimo barco\u00bb <strong>se podr\u00e1 ver en Disney+ desde el pr\u00f3ximo 30 de octubre.<\/strong> As\u00ed, habr\u00e1 que esperar un poco m\u00e1s, hasta el oto\u00f1o, para ver la adaptaci\u00f3n del bestseller de Domingo Villar. En ella particip\u00f3, hasta su fallecimiento, el propio escritor.<\/p>\n<p><strong>\u00bfC\u00f3mo es la serie Caldas. El \u00faltimo barco?<\/strong><\/p>\n<p><img fetchpriority=\"high\" decoding=\"async\" class=\"aligncenter wp-image-409802 size-full\" src=\"https:\/\/www.europesays.com\/es\/wp-content\/uploads\/2026\/08\/Caldas-2.jpg\" alt=\"\" width=\"1200\" height=\"630\"  \/><\/p>\n<p>La ficci\u00f3n sigue al inspector <strong>Leo Caldas, interpretado por Javier Guti\u00e9rrez, y su nuevo ayudante Est\u00e9vez, al que da vida Hovik Keuchkerian<\/strong>, en la investigaci\u00f3n de la desaparici\u00f3n de M\u00f3nica Andrade, hija de un prestigioso cirujano de Vigo. Lo que en un principio parece un caso rutinario, pronto se convierte en una compleja red de secretos, presiones familiares, injerencias pol\u00edticas y medi\u00e1ticas, y conflictos personales que obligar\u00e1n al propio Caldas a enfrentarse a su pasado.<\/p>\n<p>La serie construye as\u00ed un relato fiel al esp\u00edritu de la obra de Domingo Villar y con una fuerte carga emocional y social. Una producci\u00f3n cuyo reparto se completa con otros rostros conocidos de la televisi\u00f3n como\u00a0<strong>Mar\u00eda Pujalte, Antonio Mourelos, Alejandra Onieva y Miryam Gallego<\/strong>, entre otros.<\/p>\n<p>La serie est\u00e1 est\u00e1 adaptada por el nominado al Goya Eligio R. Montero (Bu\u00f1uel en el laberinto de las tortugas) y <strong>dirigida por Jorge Saavedra (Zorro), con David Cotarelo (Montecristo, Zorro) como productor ejecutivo<\/strong>, y con Johnny Yebra (Camino a Arcadia) como director de fotograf\u00eda.<\/p>\n<p><img loading=\"lazy\" decoding=\"async\" class=\"aligncenter wp-image-392624 size-full\" src=\"https:\/\/www.europesays.com\/es\/wp-content\/uploads\/2026\/08\/Leo-Caldas-Disney-Vigo-primeras-imagenes.jpg\" alt=\"\" width=\"1200\" height=\"630\"  \/><\/p>\n<p><br style=\"clear: both; display: block; float: none;\"\/><br style=\"clear: both; display: block; float: none;\"\/><\/p>\n","protected":false},"excerpt":{"rendered":"Vigo se podr\u00e1 ver en todo el mundo gracias al estreno de una de las grandes series rodadas&hellip;\n","protected":false},"author":2,"featured_media":696631,"comment_status":"","ping_status":"","sticky":false,"template":"","format":"standard","meta":{"footnotes":""},"categories":[91],"tags":[146,147,25,24,122897,23,1274],"class_list":["post-696630","post","type-post","status-publish","format-standard","has-post-thumbnail","category-entretenimiento","tag-entertainment","tag-entretenimiento","tag-es","tag-espana","tag-rodajes-en-vigo","tag-spain","tag-vigo"],"share_on_mastodon":{"url":"https:\/\/pubeurope.com\/@es\/117046200831204445","error":""},"_links":{"self":[{"href":"https:\/\/www.europesays.com\/es\/wp-json\/wp\/v2\/posts\/696630","targetHints":{"allow":["GET"]}}],"collection":[{"href":"https:\/\/www.europesays.com\/es\/wp-json\/wp\/v2\/posts"}],"about":[{"href":"https:\/\/www.europesays.com\/es\/wp-json\/wp\/v2\/types\/post"}],"author":[{"embeddable":true,"href":"https:\/\/www.europesays.com\/es\/wp-json\/wp\/v2\/users\/2"}],"replies":[{"embeddable":true,"href":"https:\/\/www.europesays.com\/es\/wp-json\/wp\/v2\/comments?post=696630"}],"version-history":[{"count":0,"href":"https:\/\/www.europesays.com\/es\/wp-json\/wp\/v2\/posts\/696630\/revisions"}],"wp:featuredmedia":[{"embeddable":true,"href":"https:\/\/www.europesays.com\/es\/wp-json\/wp\/v2\/media\/696631"}],"wp:attachment":[{"href":"https:\/\/www.europesays.com\/es\/wp-json\/wp\/v2\/media?parent=696630"}],"wp:term":[{"taxonomy":"category","embeddable":true,"href":"https:\/\/www.europesays.com\/es\/wp-json\/wp\/v2\/categories?post=696630"},{"taxonomy":"post_tag","embeddable":true,"href":"https:\/\/www.europesays.com\/es\/wp-json\/wp\/v2\/tags?post=696630"}],"curies":[{"name":"wp","href":"https:\/\/api.w.org\/{rel}","templated":true}]}}