{"id":696684,"date":"2026-08-06T03:14:17","date_gmt":"2026-08-06T03:14:17","guid":{"rendered":"https:\/\/www.europesays.com\/es\/696684\/"},"modified":"2026-08-06T03:14:17","modified_gmt":"2026-08-06T03:14:17","slug":"los-extranjeros-compran-una-de-cada-seis-viviendas-vendidas","status":"publish","type":"post","link":"https:\/\/www.europesays.com\/es\/696684\/","title":{"rendered":"Los extranjeros compran una de cada seis viviendas vendidas"},"content":{"rendered":"<p class=\"wp-block-paragraph\">Los <strong>extranjeros <\/strong>siguen ganando peso en el mercado de la compra de vivienda en Espa\u00f1a. La <strong>demanda extranjera de vivienda<\/strong> no frena pese a que el panorama general del mercado es de un <a href=\"https:\/\/www.elindependiente.com\/economia\/2026\/04\/30\/la-vivienda-no-da-mas-de-si-los-notarios-constatan-un-desplome-de-la-compra-por-segundo-mes-consecutivo\/\" data-type=\"link\" data-id=\"https:\/\/www.elindependiente.com\/economia\/2026\/04\/30\/la-vivienda-no-da-mas-de-si-los-notarios-constatan-un-desplome-de-la-compra-por-segundo-mes-consecutivo\/\" target=\"_blank\" rel=\"noreferrer noopener nofollow\">descenso en el n\u00famero de operaciones<\/a> con una presi\u00f3n sostenida sobre los precios. <\/p>\n<p class=\"wp-block-paragraph\">Los compradores internacionales realizaron algo m\u00e1s de <strong>26.800 compras de vivienda <\/strong>durante el segundo trimestre, lo que hace que supongan el 15,98% del total de las compraventas registradas. Es el porcentaje m\u00e1s alto de toda la serie hist\u00f3rica elaborada por el <strong>Colegio de Registradores <\/strong>y supone que se hacen casi con una de cada seis casas que se comercializan. <\/p>\n<p>PUBLICIDAD<\/p>\n<p class=\"wp-block-paragraph\">La \u00faltima <strong>Estad\u00edstica Registral Inmobiliaria <\/strong>pone de manifiesto que el avance se produce tanto en t\u00e9rminos relativos como absolutos. Algo opuesto a la t\u00f3nica general del mercado, en el que las compraventas descendieron un 5,7% respecto al trimestre anterior, hasta 167.934 operaciones. Es la cuant\u00eda m\u00e1s baja de los siete \u00faltimos trimestres.<\/p>\n<p>            <a class=\"articulo-relacionado__media\" href=\"https:\/\/www.elindependiente.com\/economia\/2026\/07\/29\/deficit-viviendas-creacion-hogares\/\" title=\"El d\u00e9ficit de viviendas se agrava y no cubre la creaci\u00f3n de hogares: solo se construyen 160.000 al a\u00f1o\" rel=\"nofollow noopener\" target=\"_blank\"><\/p>\n<p>                <img loading=\"lazy\" decoding=\"async\" src=\"data:image\/svg+xml,%3Csvg%20xmlns=\" http:=\"\" width=\"390\" height=\"220\" alt=\"El d\u00e9ficit de viviendas se agrava y no cubre la creaci\u00f3n de hogares: solo se construyen 160.000 al a\u00f1o\" data-lazy-src=\"https:\/\/www.europesays.com\/es\/wp-content\/uploads\/2026\/08\/europapress-3223002-edificio-construccion-madrid-espana-julio-2020-precio-medio-vivienda-390x220.jpg\"\/><\/p>\n<p>\t\t\t            <\/a><\/p>\n<p class=\"wp-block-paragraph\">El mayor peso lo tienen los <strong>europeos<\/strong>, que suponen el 57,39% de las compras efectuadas. \u00c1frica represent\u00f3 el 8,83% de las operaciones, Asia el 6,75% y Sudam\u00e9rica el 6,35%. Por nacionalidades, los <strong>brit\u00e1nicos <\/strong>vuelven al primer puesto y concentran el 6,99% de las operaciones realizadas. Les siguen de cerca los neerlandeses, con el 6,94%; los <strong>alemanes <\/strong>(6,11%); <strong>marroqu\u00edes <\/strong>(6,09%); <strong>rumanos <\/strong>(5,70%); <strong>italianos <\/strong>(5,13%); <strong>franceses <\/strong>(4,97%) y polacos (4,33%). <\/p>\n<p class=\"wp-block-paragraph\">Pero la clave est\u00e1 en el reparto territorial. Las islas Baleares siguen siendo la comunidad con mayor peso de la demanda extranjera. All\u00ed se hacen un 32,27% de todas las compraventas. Le siguen la Comunidad Valenciana (31,03%); Canarias (29,33%) y la Regi\u00f3n de Murcia (23,71%). Asimismo, en Catalu\u00f1a se da otro 17,63% de las compraventas y en Andaluc\u00eda un 15,95% m\u00e1s. <\/p>\n<p>Alicante concentra el 46% de las operaciones<\/p>\n<p class=\"wp-block-paragraph\">Por provincias, <strong>Alicante <\/strong>se lleva la palma, pues all\u00ed se concentraron el 46,43% de las viviendas compradas por extranjeros. Le siguen M\u00e1laga (37,01%), Baleares (32,27%), Santa Cruz de Tenerife (32,25%), Las Palmas (26,55%), Girona (25,48%), Murcia (23,71%), Almer\u00eda (20,96%) y Tarragona (17,65%).<\/p>\n<p class=\"wp-block-paragraph\">\u00abLa intensidad tur\u00edstica se configura como factor clave para la consecuci\u00f3n de un mayor o menor peso relativo en <strong>compras de vivienda por extranjeros<\/strong>, correspondiendo las provincias cabeceras a provincias mediterr\u00e1neas e islas con esta caracter\u00edstica\u00bb, recalcan desde el Colegio de Registradores.<\/p>\n<p class=\"wp-block-paragraph\">La pujanza de la demanda extranjera se da mientras el <strong>precio de la vivienda sigue registrando m\u00e1ximos hist\u00f3ricos<\/strong>. En el segundo trimestre, el precio medio alcanz\u00f3 los 2.487 euros por metro cuadrado. Las capitales de provincia en las que se alcanzan los mayores precios son San Sebasti\u00e1n (6.420\u00a0\u20ac\/m\u00b2), Madrid (5.534\u00a0\u20ac\/m\u00b2), Barcelona (5.045\u00a0\u20ac\/m\u00b2), Palma (4.291\u00a0\u20ac\/m\u00b2) y Bilbao (3.764\u00a0\u20ac\/m\u00b2). <\/p>\n","protected":false},"excerpt":{"rendered":"Los extranjeros siguen ganando peso en el mercado de la compra de vivienda en Espa\u00f1a. La demanda extranjera&hellip;\n","protected":false},"author":2,"featured_media":696685,"comment_status":"","ping_status":"","sticky":false,"template":"","format":"standard","meta":{"footnotes":""},"categories":[80],"tags":[82,5297,95,94,25,24,27937,23,3633],"class_list":["post-696684","post","type-post","status-publish","format-standard","has-post-thumbnail","category-economia","tag-business","tag-construccion","tag-economia","tag-economy","tag-es","tag-espana","tag-inmobiliarias","tag-spain","tag-vivienda"],"share_on_mastodon":{"url":"https:\/\/pubeurope.com\/@es\/117046389464731286","error":""},"_links":{"self":[{"href":"https:\/\/www.europesays.com\/es\/wp-json\/wp\/v2\/posts\/696684","targetHints":{"allow":["GET"]}}],"collection":[{"href":"https:\/\/www.europesays.com\/es\/wp-json\/wp\/v2\/posts"}],"about":[{"href":"https:\/\/www.europesays.com\/es\/wp-json\/wp\/v2\/types\/post"}],"author":[{"embeddable":true,"href":"https:\/\/www.europesays.com\/es\/wp-json\/wp\/v2\/users\/2"}],"replies":[{"embeddable":true,"href":"https:\/\/www.europesays.com\/es\/wp-json\/wp\/v2\/comments?post=696684"}],"version-history":[{"count":0,"href":"https:\/\/www.europesays.com\/es\/wp-json\/wp\/v2\/posts\/696684\/revisions"}],"wp:featuredmedia":[{"embeddable":true,"href":"https:\/\/www.europesays.com\/es\/wp-json\/wp\/v2\/media\/696685"}],"wp:attachment":[{"href":"https:\/\/www.europesays.com\/es\/wp-json\/wp\/v2\/media?parent=696684"}],"wp:term":[{"taxonomy":"category","embeddable":true,"href":"https:\/\/www.europesays.com\/es\/wp-json\/wp\/v2\/categories?post=696684"},{"taxonomy":"post_tag","embeddable":true,"href":"https:\/\/www.europesays.com\/es\/wp-json\/wp\/v2\/tags?post=696684"}],"curies":[{"name":"wp","href":"https:\/\/api.w.org\/{rel}","templated":true}]}}