{"id":696720,"date":"2026-08-06T03:48:24","date_gmt":"2026-08-06T03:48:24","guid":{"rendered":"https:\/\/www.europesays.com\/es\/696720\/"},"modified":"2026-08-06T03:48:24","modified_gmt":"2026-08-06T03:48:24","slug":"el-canterano-carlos-hernandez-se-asienta-en-el-equipo-feb","status":"publish","type":"post","link":"https:\/\/www.europesays.com\/es\/696720\/","title":{"rendered":"El canterano Carlos Hern\u00e1ndez se asienta en el equipo FEB"},"content":{"rendered":"<p>Tras el anuncio de la renovaci\u00f3n de Daniel Carretero Garc\u00eda para la temporada 2026\/27, el \u00d3bila Club de Basket ha comunicado esta semana la continuidad de un canterano, Carlos Hern\u00e1ndez Mart\u00edn, jugador de la Familia \u00d3bila desde categor\u00eda Mini.\u00a0<\/p>\n<p>De esta forma, el conjunto verder\u00f3n, que seguir\u00e1 compitiendo en el Grupo A-A de Tercera FEB, sigue promocionando a jugadores formados en su cantera.<\/p>\n<p>El a\u00f1o pasado, Hern\u00e1ndez ya tuvo minutos importantes en el primer equipo a\u00fan teniendo ficha con el 1\u00aa Nacional.\u00a0 Ahora da el salto y la pr\u00f3xima temporada ya ser\u00e1 un integrante del equipo FEB con todas las de la ley por m\u00e9ritos propios.\u00a0<\/p>\n<p>Alero, de 19 a\u00f1os y 2,02 metros, tiene \u00abmucha envergadura, buen tiro de tres, mucha capacidad para correr y finalizar yendo al aro y ayudar en el rebote\u00bb, apuntan desde el club, y a\u00f1aden que \u00abCarlos es un jugador polivalente en clara progresi\u00f3n a\u00f1o a a\u00f1o que seguro demostrar\u00e1 esta temporada que su techo es mucho m\u00e1s alto\u00bb.\u00a0<\/p>\n<p>Siempre comprometido con el primer equipo desde junior, al servicio del cuerpo t\u00e9cnico aportando siempre lo m\u00e1ximo, sus 23 partidos con una media de m\u00e1s de 10 minutos por partido que desarrollo el a\u00f1o pasado, demuestran que ya era realmente jugador del Tercera FEB. Desde el \u00d3bila Club de Basket le dan la bienvenida.\u00a0 \u00a0<\/p>\n","protected":false},"excerpt":{"rendered":"Tras el anuncio de la renovaci\u00f3n de Daniel Carretero Garc\u00eda para la temporada 2026\/27, el \u00d3bila Club de&hellip;\n","protected":false},"author":2,"featured_media":696721,"comment_status":"","ping_status":"","sticky":false,"template":"","format":"standard","meta":{"footnotes":""},"categories":[269],"tags":[299,298,168,25,24,2612,3923,112865,23,167],"class_list":["post-696720","post","type-post","status-publish","format-standard","has-post-thumbnail","category-baloncesto","tag-baloncesto","tag-basketball","tag-deportes","tag-es","tag-espana","tag-feb","tag-federacion-espanola-de-baloncesto","tag-obila-cb","tag-spain","tag-sports"],"share_on_mastodon":{"url":"https:\/\/pubeurope.com\/@es\/117046523310477316","error":""},"_links":{"self":[{"href":"https:\/\/www.europesays.com\/es\/wp-json\/wp\/v2\/posts\/696720","targetHints":{"allow":["GET"]}}],"collection":[{"href":"https:\/\/www.europesays.com\/es\/wp-json\/wp\/v2\/posts"}],"about":[{"href":"https:\/\/www.europesays.com\/es\/wp-json\/wp\/v2\/types\/post"}],"author":[{"embeddable":true,"href":"https:\/\/www.europesays.com\/es\/wp-json\/wp\/v2\/users\/2"}],"replies":[{"embeddable":true,"href":"https:\/\/www.europesays.com\/es\/wp-json\/wp\/v2\/comments?post=696720"}],"version-history":[{"count":0,"href":"https:\/\/www.europesays.com\/es\/wp-json\/wp\/v2\/posts\/696720\/revisions"}],"wp:featuredmedia":[{"embeddable":true,"href":"https:\/\/www.europesays.com\/es\/wp-json\/wp\/v2\/media\/696721"}],"wp:attachment":[{"href":"https:\/\/www.europesays.com\/es\/wp-json\/wp\/v2\/media?parent=696720"}],"wp:term":[{"taxonomy":"category","embeddable":true,"href":"https:\/\/www.europesays.com\/es\/wp-json\/wp\/v2\/categories?post=696720"},{"taxonomy":"post_tag","embeddable":true,"href":"https:\/\/www.europesays.com\/es\/wp-json\/wp\/v2\/tags?post=696720"}],"curies":[{"name":"wp","href":"https:\/\/api.w.org\/{rel}","templated":true}]}}