{"id":696866,"date":"2026-08-06T05:59:11","date_gmt":"2026-08-06T05:59:11","guid":{"rendered":"https:\/\/www.europesays.com\/es\/696866\/"},"modified":"2026-08-06T05:59:11","modified_gmt":"2026-08-06T05:59:11","slug":"adios-al-asistente-de-google-cuando-se-desactiva-y-como-se-reemplaza-por-gemini","status":"publish","type":"post","link":"https:\/\/www.europesays.com\/es\/696866\/","title":{"rendered":"Adi\u00f3s al asistente de Google: cu\u00e1ndo se desactiva y c\u00f3mo se reemplaza por Gemini"},"content":{"rendered":"<p class=\"c-paragraph\">Google ha comenzado a informar a los usuarios sobre\u00a0<b>el cese del Asistente de <a href=\"https:\/\/www.businessinsider.es\/big-tech\/tropiezo-google-lanzamiento-gemini-se-retrasa-porque-no-alcanza-los-objetivos-internos_7015658_0.html\" title=\"Tropiezo de Google: el lanzamiento de Gemini se retrasa porque no alcanza los objetivos internos\" rel=\"nofollow noopener\" target=\"_blank\">Google<\/a><\/b>, que dejar\u00e1 de estar disponible para su uso oficialmente el 4 de septiembre de este a\u00f1o, completando la transici\u00f3n a su asistente impulsado por inteligencia artificial (IA) Gemini.<\/p>\n<p class=\"c-paragraph\">El gigante tecnol\u00f3gico inici\u00f3 el proceso de sustituci\u00f3n del Asistente de Google por su nuevo asistente Gemini en dispositivos m\u00f3viles en marzo de 2025, con el objetivo de ampliarse posteriormente a tabletas y coches con Android Auto.<\/p>\n<p class=\"c-paragraph\">En ese momento, la compa\u00f1\u00eda adelant\u00f3 que\u00a0<b>el asistente de Google cl\u00e1sico dejar\u00eda de estar<\/b>\u00a0disponible para la mayor\u00eda de los tel\u00e9fonos inteligentes a finales de 2025, aunque no especific\u00f3 cu\u00e1ndo y pospuso la fecha l\u00edmite a 2026.<\/p>\n<p class=\"c-paragraph\">Ahora, Google ha comenzado a informar a los usuarios de\u00a0<b>la finalizaci\u00f3n del servicio del Asistente de Google<\/b>\u00a0en sus dispositivos m\u00f3viles, que se desactivar\u00e1 oficialmente a partir del 4 de septiembre de este a\u00f1o, como ha explicado en un correo electr\u00f3nico.<\/p>\n<p>Notificaci\u00f3n a trav\u00e9s de correo electr\u00f3nico<\/p>\n<p class=\"c-paragraph\">As\u00ed lo han comunicado algunos usuarios a trav\u00e9s de plataformas como Reddit, que han tenido acceso a dicho mensaje, donde la tecnol\u00f3gica ha afirmado que dejar\u00e1 de funcionar en los dispositivos m\u00f3viles y que\u00a0<b>su asistente de \u00faltima generaci\u00f3n basado en IA<\/b>, Gemini, \u00abes ahora la experiencia de asistente en Android\u00bb.<\/p>\n<p class=\"c-paragraph\">Google ha detallado que una vez desactivado el Asistente de Google,\u00a0<b>el proceso puede tardar unas semanas en llegar<\/b>\u00a0a todos los usuarios. Como resultado, no podr\u00e1n volver a utilizar esta aplicaci\u00f3n en su tel\u00e9fono inteligente, tableta o dispositivos emparejados, como los relojes con Wear OS.<\/p>\n<p>Gemini como sustituto oficial del asistente<\/p>\n<p class=\"c-paragraph\">En su lugar, ser\u00e1 Gemini el encargado de seguir con el papel de asistente. Disponible para\u00a0<b>los dispositivos que cumplan los requisitos m\u00ednimos<\/b>\u00a0del sistema y se utilicen en una regi\u00f3n donde Gemini est\u00e9 disponible.<\/p>\n<p class=\"c-paragraph\">Una vez configurado Gemini se podr\u00e1 activar como asistente diciendo &#8216;Hey Google&#8217; o manteniendo pulsado el bot\u00f3n de encendido, en una experiencia similar al Asistente de Google, aunque este ya no aparecer\u00e1. La compa\u00f1\u00eda tambi\u00e9n ha matizado que\u00a0<b>una vez se efect\u00fae el cambio a Gemini<\/b>\u00a0en el tel\u00e9fono inteligente tambi\u00e9n se convertir\u00e1 en el asistente de los dispositivos emparejados.<\/p>\n<p>El final de una d\u00e9cada de servicio<\/p>\n<p class=\"c-paragraph\">Con todo ello, Google finaliza con una aplicaci\u00f3n que ha servido durante a\u00f1os como asistente de los usuarios en su d\u00eda a d\u00eda.\u00a0<b>El Asistente de Google se lanz\u00f3 en 2016<\/b>\u00a0con capacidades como procesamiento de lenguaje natural y tecnolog\u00eda de reconocimiento de voz, dos caracter\u00edsticas que permitieron a los usuarios \u00abobtener ayuda de Google de forma m\u00e1s natural\u00bb.<\/p>\n<p class=\"c-paragraph\">Una d\u00e9cada despu\u00e9s, la irrupci\u00f3n de la IA generativa, que \u00abest\u00e1 transformando la forma de interactuar con la tecnolog\u00eda\u00bb, ha empujado a Google a modificar su servicio y\u00a0<b>redise\u00f1ar su asistente para convertirlo en el<\/b>\u00a0\u00abm\u00e1s \u00fatil del mundo\u00bb.<\/p>\n","protected":false},"excerpt":{"rendered":"Google ha comenzado a informar a los usuarios sobre\u00a0el cese del Asistente de Google, que dejar\u00e1 de estar&hellip;\n","protected":false},"author":2,"featured_media":696867,"comment_status":"","ping_status":"","sticky":false,"template":"","format":"standard","meta":{"footnotes":""},"categories":[81],"tags":[7009,125790,119,123,124,25,24,5003,16413,136,117,121,122,23,118,120],"class_list":["post-696866","post","type-post","status-publish","format-standard","has-post-thumbnail","category-ciencia-y-tecnologia","tag-android","tag-asistente-de-google","tag-ciencia","tag-ciencia-y-tecnologia","tag-cienciaytecnologia","tag-es","tag-espana","tag-google","tag-google-gemini","tag-inteligencia-artificial","tag-science","tag-science-and-technology","tag-scienceandtechnology","tag-spain","tag-technology","tag-tecnologia"],"share_on_mastodon":{"url":"https:\/\/pubeurope.com\/@es\/117047038170701783","error":""},"_links":{"self":[{"href":"https:\/\/www.europesays.com\/es\/wp-json\/wp\/v2\/posts\/696866","targetHints":{"allow":["GET"]}}],"collection":[{"href":"https:\/\/www.europesays.com\/es\/wp-json\/wp\/v2\/posts"}],"about":[{"href":"https:\/\/www.europesays.com\/es\/wp-json\/wp\/v2\/types\/post"}],"author":[{"embeddable":true,"href":"https:\/\/www.europesays.com\/es\/wp-json\/wp\/v2\/users\/2"}],"replies":[{"embeddable":true,"href":"https:\/\/www.europesays.com\/es\/wp-json\/wp\/v2\/comments?post=696866"}],"version-history":[{"count":0,"href":"https:\/\/www.europesays.com\/es\/wp-json\/wp\/v2\/posts\/696866\/revisions"}],"wp:featuredmedia":[{"embeddable":true,"href":"https:\/\/www.europesays.com\/es\/wp-json\/wp\/v2\/media\/696867"}],"wp:attachment":[{"href":"https:\/\/www.europesays.com\/es\/wp-json\/wp\/v2\/media?parent=696866"}],"wp:term":[{"taxonomy":"category","embeddable":true,"href":"https:\/\/www.europesays.com\/es\/wp-json\/wp\/v2\/categories?post=696866"},{"taxonomy":"post_tag","embeddable":true,"href":"https:\/\/www.europesays.com\/es\/wp-json\/wp\/v2\/tags?post=696866"}],"curies":[{"name":"wp","href":"https:\/\/api.w.org\/{rel}","templated":true}]}}