{"id":696884,"date":"2026-08-06T06:17:12","date_gmt":"2026-08-06T06:17:12","guid":{"rendered":"https:\/\/www.europesays.com\/es\/696884\/"},"modified":"2026-08-06T06:17:12","modified_gmt":"2026-08-06T06:17:12","slug":"el-hormiguero-mas-deluxe-pablo-motos-y-su-socio-se-reparten-un-record-de-nueve-millones-en-dividendos-con-su-productora-empresas","status":"publish","type":"post","link":"https:\/\/www.europesays.com\/es\/696884\/","title":{"rendered":"\u2018El Hormiguero\u2019 m\u00e1s \u2018deluxe\u2019: Pablo Motos y su socio se reparten un r\u00e9cord de nueve millones en dividendos con su productora | Empresas"},"content":{"rendered":"<p class=\"\">El programa <a href=\"https:\/\/elpais.com\/espana\/2026-06-17\/feijoo-no-tiene-caja-fuerte-pero-si-el-hormiguero.html\" target=\"_self\" rel=\"nofollow noopener\" title=\"https:\/\/elpais.com\/espana\/2026-06-17\/feijoo-no-tiene-caja-fuerte-pero-si-el-hormiguero.html\">El Hormiguero<\/a> no solo es l\u00edder del prime time de la televisi\u00f3n en Espa\u00f1a, sino que tambi\u00e9n es muy rentable para sus productores. 7 y Acci\u00f3n, la compa\u00f1\u00eda que coproduce el show de Antena 3 junto a <a href=\"https:\/\/cincodias.elpais.com\/companias\/2026-07-23\/atresmedia-eleva-sus-ingresos-un-26-con-el-avance-de-los-negocios-procedentes-de-la-diversificacion.html\" target=\"_self\" rel=\"nofollow noopener\" title=\"https:\/\/cincodias.elpais.com\/companias\/2026-07-23\/atresmedia-eleva-sus-ingresos-un-26-con-el-avance-de-los-negocios-procedentes-de-la-diversificacion.html\">Atresmedia<\/a>, reparti\u00f3 el pasado a\u00f1o un r\u00e9cord de nueve millones de euros en dividendos a sus dos accionistas, el presentador Pablo Motos y su socio Jorge Salvador, seg\u00fan se desprende de las cuentas de la empresa de 2025 presentadas recientemente en el Registro Mercantil.<\/p>\n<p class=\"\">7 y Acci\u00f3n es la productora que Motos y Salvador pusieron en marcha en 2008 especialmente para <a href=\"https:\/\/elpais.com\/television\/2026-04-15\/pablo-motos-y-sonsoles-onega-se-disculpan-tras-afirmar-erroneamente-que-los-libros-tienen-el-21-de-iva-nadie-comprobo-el-dato.html\" target=\"_self\" rel=\"nofollow noopener\" title=\"https:\/\/elpais.com\/television\/2026-04-15\/pablo-motos-y-sonsoles-onega-se-disculpan-tras-afirmar-erroneamente-que-los-libros-tienen-el-21-de-iva-nadie-comprobo-el-dato.html\">gestionar El Hormiguero<\/a>, que hab\u00eda nacido dos a\u00f1os antes en Cuatro. Desde 2011 se emite en Antena 3 como l\u00edder casi indiscutible -\u00fanicamente en <a href=\"https:\/\/elpais.com\/television\/2026-03-20\/el-especial-de-la-revuelta-con-pedro-almodovar-gano-a-el-hormiguero-en-audiencia-tres-meses-despues.html\" target=\"_self\" rel=\"nofollow noopener\" title=\"https:\/\/elpais.com\/television\/2026-03-20\/el-especial-de-la-revuelta-con-pedro-almodovar-gano-a-el-hormiguero-en-audiencia-tres-meses-despues.html\">ocasiones La revuelta<\/a> en TVE o alg\u00fan partido de f\u00fatbol lo desbancan- en la franja de m\u00e1xima audiencia de la televisi\u00f3n. <a href=\"https:\/\/cincodias.elpais.com\/companias\/2025-12-12\/atresmedia-recurre-ante-el-supremo-la-sentencia-que-le-obliga-a-dejar-de-emitir-el-rosco-de-pasapalabra.html\" target=\"_self\" rel=\"nofollow noopener\" title=\"https:\/\/cincodias.elpais.com\/companias\/2025-12-12\/atresmedia-recurre-ante-el-supremo-la-sentencia-que-le-obliga-a-dejar-de-emitir-el-rosco-de-pasapalabra.html\">Junto a Pasapalabra<\/a>, es el mayor motor de audiencia y publicidad para la <a href=\"https:\/\/cincodias.elpais.com\/companias\/2026-07-02\/la-justicia-obliga-a-atresmedia-a-indemnizar-a-la-socorrista-del-video-viral-la-he-liado-parda.html\" target=\"_self\" rel=\"nofollow noopener\" title=\"https:\/\/cincodias.elpais.com\/companias\/2026-07-02\/la-justicia-obliga-a-atresmedia-a-indemnizar-a-la-socorrista-del-video-viral-la-he-liado-parda.html\">cadena de Atresmedia<\/a>.<\/p>\n<p class=\"\">La productora del programa ingres\u00f3 el pasado a\u00f1o 35,1 millones de euros, un 6,8% m\u00e1s que el a\u00f1o anterior, lo que supuso su m\u00e1ximo hist\u00f3rico en facturaci\u00f3n. A nivel beneficios, 7 y Acci\u00f3n gan\u00f3 6,7 millones, un 0,8% menos que el a\u00f1o anterior, fundamentalmente por el incremento del 4,3% en gasto de personal, hasta los 15,5 millones. Su beneficio antes de impuestos, de 8,92 millones, supone un elevado margen del 25% de su facturaci\u00f3n.<\/p>\n<p class=\"\">Este nivel de beneficios, que se ha ido repitiendo en los \u00faltimos a\u00f1os, ha permitido a los socios repartirse los nueve millones, de los que siete millones proceden de reservas gracias a las ganancias anteriores, y otros dos millones los reparten como dividendo a cuenta. Motos y Salvador son due\u00f1os al 50% de la productora, que controlan a trav\u00e9s de sus propias sociedades: <a href=\"https:\/\/cincodias.elpais.com\/companias\/2024-08-06\/pablo-motos-y-jorge-salvador-ganan-un-55-mas-con-el-hormiguero-y-se-reparten-cinco-millones-en-dividendos.html\" target=\"_self\" rel=\"nofollow noopener\" title=\"https:\/\/cincodias.elpais.com\/companias\/2024-08-06\/pablo-motos-y-jorge-salvador-ganan-un-55-mas-con-el-hormiguero-y-se-reparten-cinco-millones-en-dividendos.html\">Japala Japala<\/a> y Prime Time Productions, respectivamente. Estos dividendos corresponden a su faceta como empresarios de 7 y Acci\u00f3n, independientemente de si reciben adem\u00e1s alg\u00fan sueldo por su trabajo en El Hormiguero. Las cuentas de la compa\u00f1\u00eda solo recogen que cobran 100.000 euros adicionales como administradores de la sociedad.<\/p>\n<p class=\"\">7 y Acci\u00f3n ha convertido en millonarios a sus accionistas. La empresa ha repartido a los dos socios 34 millones en los \u00faltimos cinco a\u00f1os: <a href=\"https:\/\/cincodias.elpais.com\/cincodias\/2022\/09\/15\/companias\/1663266137_723441.html\" target=\"_self\" rel=\"nofollow noopener\" title=\"https:\/\/cincodias.elpais.com\/cincodias\/2022\/09\/15\/companias\/1663266137_723441.html\">ocho millones en 2021<\/a>; cuatro en 2022; cinco al a\u00f1o siguiente; otros <a href=\"https:\/\/elpais.com\/economia\/2025-07-30\/el-hormiguero-bate-records-reparte-ocho-millones-en-dividendos-a-pablo-motos-y-jorge-salvador.html\" target=\"_self\" rel=\"nofollow noopener\" title=\"https:\/\/elpais.com\/economia\/2025-07-30\/el-hormiguero-bate-records-reparte-ocho-millones-en-dividendos-a-pablo-motos-y-jorge-salvador.html\">ocho en 2024<\/a>, y finalmente lo nueve millones de 2025.<\/p>\n<p class=\"\">Los datos de cu\u00e1nto cuesta a Atresmedia el show televisivo de El Hormiguero no son p\u00fablicos, y tampoco ese presupuesto est\u00e1 explicitado en las cuentas de 7 y Acci\u00f3n. Diversos medios han calculado en anteriores temporadas que cada programa diario puede costar entre 120.000 y 150.000 euros. En el caso de su competencia, RTVE inform\u00f3 en febrero que <a href=\"https:\/\/elpais.com\/television\/2026-07-09\/la-asistente-de-shakira-se-cuela-sin-querer-en-la-revuelta-con-una-historica-intervencion-gracias-diana.html\" target=\"_self\" rel=\"nofollow noopener\" title=\"https:\/\/elpais.com\/television\/2026-07-09\/la-asistente-de-shakira-se-cuela-sin-querer-en-la-revuelta-con-una-historica-intervencion-gracias-diana.html\">renovaba La revuelta<\/a> durante dos temporadas hasta el curso 2027\/2028 por 31,56 millones -15,78 millones por a\u00f1o-, <a href=\"https:\/\/elpais.com\/television\/2026-02-04\/la-revuelta-renueva-en-tve-al-menos-por-una-temporada.html\" target=\"_self\" rel=\"nofollow noopener\" title=\"https:\/\/elpais.com\/television\/2026-02-04\/la-revuelta-renueva-en-tve-al-menos-por-una-temporada.html\">lo que significa algo menos de 100.000 euros por cada programa<\/a> coproducido por El Terrat y <a href=\"https:\/\/cincodias.elpais.com\/companias\/2024-02-24\/la-productora-de-broncano-para-la-resistencia-entra-en-beneficios.html\" target=\"_self\" rel=\"nofollow noopener\" title=\"https:\/\/cincodias.elpais.com\/companias\/2024-02-24\/la-productora-de-broncano-para-la-resistencia-entra-en-beneficios.html\">Encofrados Encofrasa<\/a> -productora de David Broncano, Jorge Ponce y Ricardo Castella-.<\/p>\n<p>Audiencias y programas<\/p>\n<p class=\"\">El Hormiguero es el principal y m\u00e1s duradero programa de 7 y Acci\u00f3n. Actualmente, solo cuenta con cierta regularidad con el concurso El Desaf\u00edo, presentado por Roberto Leal, ya en la sexta temporada y tambi\u00e9n para Antena 3. Ha producido, no obstante, versiones del show de Motos en otros pa\u00edses y adicionalmente otros formatos en el pasado como Hipnot\u00edzame, El Camino a casa o Tonter\u00edas las justas.<\/p>\n<p class=\"\">El programa presentado por Motos lleva 20 temporadas en antena. Acab\u00f3 2025, el a\u00f1o referente a las \u00faltimas cuentas de 7 y Acci\u00f3n, como el programa m\u00e1s visto, con una media del 15,2% de cuota de pantalla y 4,3 millones de espectadores \u00fanicos. Su \u00e9xito est\u00e1 basado en un c\u00f3ctel que combina invitados famosos, como recientemente <a href=\"https:\/\/elpais.com\/television\/2026-06-16\/tom-holland-y-zendaya-en-el-hormiguero-no-sabemos-si-se-divierten-pero-la-pareja-mas-buscada-sabe-promocionarse.html\" target=\"_self\" rel=\"nofollow noopener\" title=\"https:\/\/elpais.com\/television\/2026-06-16\/tom-holland-y-zendaya-en-el-hormiguero-no-sabemos-si-se-divierten-pero-la-pareja-mas-buscada-sabe-promocionarse.html\">Zendaya y Tom Holland<\/a> -los actores de la nueva pel\u00edcula de la saga de Spiderman-, humor y, en las \u00faltimas temporadas, tambi\u00e9n una tertulia de actualidad.<\/p>\n<p class=\"\">La productora cont\u00f3 el pasado a\u00f1o con 100 empleados. Entre los rostros m\u00e1s conocidos se encuentran Juan Ib\u00e1\u00f1ez -en el papel de la hormiga Trancas- y Dami\u00e1n Moll\u00e1 -como Barrancas-, adem\u00e1s de rostros habituales como Marron, Luis Piedrahita, El Monaguillo y tertulianos como <a href=\"https:\/\/elpais.com\/icon\/2026-07-25\/tu-si-tu-no-madrid-empieza-a-llenarse-de-clubes-privados-para-ricos.html\" target=\"_self\" rel=\"nofollow noopener\" title=\"https:\/\/elpais.com\/icon\/2026-07-25\/tu-si-tu-no-madrid-empieza-a-llenarse-de-clubes-privados-para-ricos.html\">Tamara Falc\u00f3<\/a>, Nuria Roca, <a href=\"https:\/\/elpais.com\/television\/2025-10-24\/juan-del-val-cambia-su-papel-en-el-hormiguero-para-acudir-a-una-entrevista-salvaje.html\" target=\"_self\" rel=\"nofollow noopener\" title=\"https:\/\/elpais.com\/television\/2025-10-24\/juan-del-val-cambia-su-papel-en-el-hormiguero-para-acudir-a-una-entrevista-salvaje.html\">Juan del Val<\/a> o Cristina Pardo.<\/p>\n","protected":false},"excerpt":{"rendered":"El programa El Hormiguero no solo es l\u00edder del prime time de la televisi\u00f3n en Espa\u00f1a, sino que&hellip;\n","protected":false},"author":2,"featured_media":696885,"comment_status":"","ping_status":"","sticky":false,"template":"","format":"standard","meta":{"footnotes":""},"categories":[171],"tags":[4040,151,9029,5813,2308,146,147,25,24,5812,9557,9028,518,23,807,214,3156],"class_list":["post-696884","post","type-post","status-publish","format-standard","has-post-thumbnail","category-tv","tag-antena-3","tag-atresmedia","tag-david-broncano","tag-el-hormiguero","tag-empresas","tag-entertainment","tag-entretenimiento","tag-es","tag-espana","tag-pablo-motos","tag-productoras","tag-productoras-television","tag-rtve","tag-spain","tag-television","tag-tv","tag-tve"],"share_on_mastodon":{"url":"https:\/\/pubeurope.com\/@es\/117047109003247098","error":""},"_links":{"self":[{"href":"https:\/\/www.europesays.com\/es\/wp-json\/wp\/v2\/posts\/696884","targetHints":{"allow":["GET"]}}],"collection":[{"href":"https:\/\/www.europesays.com\/es\/wp-json\/wp\/v2\/posts"}],"about":[{"href":"https:\/\/www.europesays.com\/es\/wp-json\/wp\/v2\/types\/post"}],"author":[{"embeddable":true,"href":"https:\/\/www.europesays.com\/es\/wp-json\/wp\/v2\/users\/2"}],"replies":[{"embeddable":true,"href":"https:\/\/www.europesays.com\/es\/wp-json\/wp\/v2\/comments?post=696884"}],"version-history":[{"count":0,"href":"https:\/\/www.europesays.com\/es\/wp-json\/wp\/v2\/posts\/696884\/revisions"}],"wp:featuredmedia":[{"embeddable":true,"href":"https:\/\/www.europesays.com\/es\/wp-json\/wp\/v2\/media\/696885"}],"wp:attachment":[{"href":"https:\/\/www.europesays.com\/es\/wp-json\/wp\/v2\/media?parent=696884"}],"wp:term":[{"taxonomy":"category","embeddable":true,"href":"https:\/\/www.europesays.com\/es\/wp-json\/wp\/v2\/categories?post=696884"},{"taxonomy":"post_tag","embeddable":true,"href":"https:\/\/www.europesays.com\/es\/wp-json\/wp\/v2\/tags?post=696884"}],"curies":[{"name":"wp","href":"https:\/\/api.w.org\/{rel}","templated":true}]}}