{"id":696944,"date":"2026-08-06T07:11:22","date_gmt":"2026-08-06T07:11:22","guid":{"rendered":"https:\/\/www.europesays.com\/es\/696944\/"},"modified":"2026-08-06T07:11:22","modified_gmt":"2026-08-06T07:11:22","slug":"la-demoledora-critica-de-luis-figo-a-infantino-da-la-vuelta-al-mundo-ha-mentido-enganado-e-intentado-engordar-su-nido","status":"publish","type":"post","link":"https:\/\/www.europesays.com\/es\/696944\/","title":{"rendered":"La demoledora cr\u00edtica de Luis Figo a Infantino da la vuelta al mundo: &#8216;Ha mentido, enga\u00f1ado e intentado engordar su nido&#8217;"},"content":{"rendered":"<p>El exfutbolista portugu\u00e9s <b>Luis Figo <\/b>ha sorprendido con una feroz y demoledora cr\u00edtica al todav\u00eda presidente de la FIFA, <b><a href=\"https:\/\/www.huffingtonpost.es\/deporte\/infantino-queda-fracaso-mundial-correo-interno-numero-dos-deja-red-presidente-fifa-f202608.html\" rel=\"nofollow noopener\" target=\"_blank\">Gianni Infantino<\/a><\/b>, en una carta escrita para el diario brit\u00e1nico Daily Mail, uno de los medios m\u00e1s prestigiosos del Reino Unido, en la que pide su dimisi\u00f3n tras <a href=\"https:\/\/www.huffingtonpost.es\/deporte\/el-futbol-venta-claves-polemico-plan-infantino-privatizar-mundial-ayuda-yerno-trump-f202607.html\" rel=\"nofollow noopener\" target=\"_blank\">la \u00faltima pol\u00e9mica que rodea al mandatario<\/a>.<\/p>\n<p>Infantino se ha enfangado con su pol\u00e9mico <a href=\"https:\/\/www.huffingtonpost.es\/deporte\/y-poco-infantino-pronuncia-marruecos-sobre-mundial-2030-el-mejor-historia-pais-mas-hermoso-f202607.html\" rel=\"nofollow noopener\" target=\"_blank\">plan de intentar privatizar el Mundial vendiendo el 30% del capital accionarial a inversores privados<\/a>, encabezados por el fondo <b>Thrive Capital<\/b>, propiedad del hermano de Jared Kushner, yerno de Donald Trump. La operaci\u00f3n se realizar\u00eda a trav\u00e9s de FIFA Forward Enterprise (FFE), seg\u00fan el diario The Times, una entidad subsidiaria que tendr\u00eda la totalidad de los derechos comerciales de la FIFA.<\/p>\n<p>Esto ha dado un vuelco al mundo del f\u00fatbol y ha provocado que la UEFA y los clubes se re\u00fanan en masa para posicionarse en contra de esta decisi\u00f3n y de Infantino. Las 55 federaciones que son miembros de la UEFA han votado a favor de boicotear los Mundiales si la FIFA sigue adelante con este proyecto.<\/p>\n<p>\u00abInfantino debe irse\u00bb<\/p>\n<p>Ahora es Figo quien tambi\u00e9n se ha posicionado en contra, a pesar de la buena relaci\u00f3n que ha mantenido con Infantino, pero considera que esta vez ha cruzado el l\u00edmite: \u00abPodr\u00eda escribir 10.000 palabras sobre los problemas de la FIFA. Pero la soluci\u00f3n solo requiere tres: Infantino debe irse. He amado el f\u00fatbol toda mi vida. <b>Fui jugador profesional durante 20 a\u00f1os. Y cr\u00e9anme, me he topado con algunos sinverg\u00fcenzas durante mi trayectoria en este deporte<\/b>\u00ab.<\/p>\n<p>\u00abPero lo que he visto al descubierto en los \u00faltimos 10 d\u00edas es<b> el comportamiento m\u00e1s bajo, enga\u00f1oso y cobardemente ego\u00edsta que jam\u00e1s haya presenciado<\/b>. El hombre que har\u00eda algo as\u00ed, el hombre que intentar\u00eda imponer cambios tan importantes solo para enriquecerse a s\u00ed mismo y a sus amigos, es una reliquia del pasado del juego y no deber\u00eda tener cabida en su futuro\u00bb, ha defendido el portugu\u00e9s.<\/p>\n<p>Seg\u00fan Figo, si tan buena idea era, se pregunta por qu\u00e9 no se lo dijo a todos los miembros cuando los tuvo reunidos en una sala antes de la final del Mundial entre Espa\u00f1a y Argentina. Y, si tan s\u00f3lido era el plan, el exfutbolista se pregunta por qu\u00e9 no ha informado a los miembros de los riesgos, as\u00ed como de los beneficios que ha descrito Infantino.<\/p>\n<p>\u00abPero nada de esto se hizo. <b>Porque no es una buena idea. No es s\u00f3lido cuando no se es transparente sobre las ganancias exorbitantes<\/b> que siempre buscan las firmas de capital privado\u00bb, ha lamentado. \u00abNo es valiente no explicar que, una vez vendida tu participaci\u00f3n, esta se pierde para siempre y que has desheredado a tus sucesores como propietarios de la Copa del Mundo\u00bb, ha a\u00f1adido justo despu\u00e9s.<\/p>\n<p>\u00abEs demasiado tarde para salvar su dignidad\u00bb<\/p>\n<p>\u00abY no es honesto cuando no mencionas que, despu\u00e9s de haber entregado la Copa del Mundo en bandeja de plata a tus colegas en Washington D.C., te van a dar un trabajo que vale cinco veces tu salario actual\u00bb, ha criticado.<\/p>\n<p>La conclusi\u00f3n de Figo es demoledora y es la que ha reflejado en un tuit que ya han visto m\u00e1s de 2,5 millones de personas y que supera los 64.000 &#8216;me gusta&#8217;: \u00ab<b>Infantino ha<\/b> <b>degradado el cargo que prometi\u00f3 elevar<\/b>. Ha mentido, enga\u00f1ado e intentado engordar su propio nido a expensas del deporte que se supone que debe servir\u00bb.<\/p>\n<p>\u00abHa perdido el apoyo de su personal senior, sus asesores m\u00e1s cercanos, la inmensa mayor\u00eda de las personas que dedican sus vidas a este deporte e incluso, al parecer, del ganador del Premio FIFA al Deporte por la Paz. <b>Es demasiado tarde para salvar su dignidad, pero no es demasiado tarde para salvar el f\u00fatbol. Deber\u00eda irse. Ahora<\/b>\u00ab, ha sentenciado.<\/p>\n","protected":false},"excerpt":{"rendered":"El exfutbolista portugu\u00e9s Luis Figo ha sorprendido con una feroz y demoledora cr\u00edtica al todav\u00eda presidente de la&hellip;\n","protected":false},"author":2,"featured_media":696945,"comment_status":"","ping_status":"","sticky":false,"template":"","format":"standard","meta":{"footnotes":""},"categories":[93],"tags":[168,25,24,43288,16435,23,167],"class_list":["post-696944","post","type-post","status-publish","format-standard","has-post-thumbnail","category-deportes","tag-deportes","tag-es","tag-espana","tag-gianni-infantino","tag-luis-figo","tag-spain","tag-sports"],"share_on_mastodon":{"url":"https:\/\/pubeurope.com\/@es\/117047321243768511","error":""},"_links":{"self":[{"href":"https:\/\/www.europesays.com\/es\/wp-json\/wp\/v2\/posts\/696944","targetHints":{"allow":["GET"]}}],"collection":[{"href":"https:\/\/www.europesays.com\/es\/wp-json\/wp\/v2\/posts"}],"about":[{"href":"https:\/\/www.europesays.com\/es\/wp-json\/wp\/v2\/types\/post"}],"author":[{"embeddable":true,"href":"https:\/\/www.europesays.com\/es\/wp-json\/wp\/v2\/users\/2"}],"replies":[{"embeddable":true,"href":"https:\/\/www.europesays.com\/es\/wp-json\/wp\/v2\/comments?post=696944"}],"version-history":[{"count":0,"href":"https:\/\/www.europesays.com\/es\/wp-json\/wp\/v2\/posts\/696944\/revisions"}],"wp:featuredmedia":[{"embeddable":true,"href":"https:\/\/www.europesays.com\/es\/wp-json\/wp\/v2\/media\/696945"}],"wp:attachment":[{"href":"https:\/\/www.europesays.com\/es\/wp-json\/wp\/v2\/media?parent=696944"}],"wp:term":[{"taxonomy":"category","embeddable":true,"href":"https:\/\/www.europesays.com\/es\/wp-json\/wp\/v2\/categories?post=696944"},{"taxonomy":"post_tag","embeddable":true,"href":"https:\/\/www.europesays.com\/es\/wp-json\/wp\/v2\/tags?post=696944"}],"curies":[{"name":"wp","href":"https:\/\/api.w.org\/{rel}","templated":true}]}}