{"id":697076,"date":"2026-08-06T09:09:25","date_gmt":"2026-08-06T09:09:25","guid":{"rendered":"https:\/\/www.europesays.com\/es\/697076\/"},"modified":"2026-08-06T09:09:25","modified_gmt":"2026-08-06T09:09:25","slug":"el-director-de-la-oms-advierte-que-el-brote-de-ebola-en-rdc-se-duplica-en-casos-semanales","status":"publish","type":"post","link":"https:\/\/www.europesays.com\/es\/697076\/","title":{"rendered":"El director de la OMS advierte que el brote de \u00e9bola en RDC se duplica en casos semanales"},"content":{"rendered":"<p class=\"ft-text\">El director general de la Organizaci\u00f3n Mundial de la Salud (OMS)<strong>, Tedros Adhanom Ghebreyesus, ha adv<\/strong>ertido sobre la necesidad de intensificar de manera \u00aburgente\u00bb y \u00abmasiva\u00bb la respuesta al que se ha convertido en el<a class=\"ft-link ft-link--decoration\" href=\"https:\/\/www.elperiodico.com\/es\/internacional\/20260727\/rd-congo-eleva-1-405-132838379\" target=\"_blank\" rel=\"nofollow noopener\"> brote de \u00e9bola m\u00e1s letal registrado en Rep\u00fablica Democr\u00e1tica del Congo (RDC).<\/a><\/p>\n<p class=\"ft-text\">\u00abEl brote se est\u00e1 propagando m\u00e1s r\u00e1pido de lo que podemos ampliar nuestra respuesta, y los nuevos casos se han duplicado en algunos focos de la enfermedad solo durante la \u00faltima semana\u00bb, ha alertado Tedros en un mensaje en redes en el cual ha llamado a \u00abintensificar de forma urgente y masiva todos los esfuerzos, en todos los pilares de respuesta y por parte de todos los socios\u00bb.<\/p>\n<p class=\"ft-text\">Ello implica, seg\u00fan ha precisado, llegar a \u00abtodas las comunidades afectadas a pesar de la inseguridad y los desplazamientos\u00bb, reforzar la coordinaci\u00f3n bajo el liderazgo del Gobierno, garantizar que los trabajadores sanitarios cuenten con la protecci\u00f3n, formaci\u00f3n y apoyo que necesitan, y acelerar el acceso a la atenci\u00f3n sanitaria, vigilancia y entierros dignos y seguros.<\/p>\n<p class=\"ft-text\">De acuerdo con el \u00faltimo balance del Instituto Nacional de Salud P\u00fablica del pa\u00eds africano, hasta la fecha se han registrado 3.874 casos confirmados, de los cuales 717 se encuentran en situaci\u00f3n de aislamiento u hospitalizados.<\/p>\n<p class=\"ft-text\">Del mismo modo, la autoridad sanitaria ha se\u00f1alado que mientras 749 pacientes se han recuperado desde el inicio de la pandemia, 1.751 han perdido la vida por cuenta de la enfermedad, elevando la tasa de mortalidad al 45,1%.<\/p>\n<p class=\"ft-text\"><strong>Este brote de la cepa Bundibugyo, para la cual todav\u00eda no existe vacuna aprobada, fue declarado el pasado 15 de mayo<\/strong> y, seg\u00fan el Instituto sanitario, se mantiene en las cinco provincias afectadas: Alto U\u00e9l\u00e9, Ituri, Kivu Norte, Kivu Sur y Tshopo, con 51 zonas sanitarias impactadas por el virus.<\/p>\n","protected":false},"excerpt":{"rendered":"El director general de la Organizaci\u00f3n Mundial de la Salud (OMS), Tedros Adhanom Ghebreyesus, ha advertido sobre la&hellip;\n","protected":false},"author":2,"featured_media":697077,"comment_status":"","ping_status":"","sticky":false,"template":"","format":"standard","meta":{"footnotes":""},"categories":[92],"tags":[10854,11335,411,34141,25,24,165,3572,166,23],"class_list":["post-697076","post","type-post","status-publish","format-standard","has-post-thumbnail","category-salud","tag-advierte","tag-brote","tag-director","tag-ebola","tag-es","tag-espana","tag-health","tag-oms","tag-salud","tag-spain"],"share_on_mastodon":{"url":"https:\/\/pubeurope.com\/@es\/117047785084052522","error":""},"_links":{"self":[{"href":"https:\/\/www.europesays.com\/es\/wp-json\/wp\/v2\/posts\/697076","targetHints":{"allow":["GET"]}}],"collection":[{"href":"https:\/\/www.europesays.com\/es\/wp-json\/wp\/v2\/posts"}],"about":[{"href":"https:\/\/www.europesays.com\/es\/wp-json\/wp\/v2\/types\/post"}],"author":[{"embeddable":true,"href":"https:\/\/www.europesays.com\/es\/wp-json\/wp\/v2\/users\/2"}],"replies":[{"embeddable":true,"href":"https:\/\/www.europesays.com\/es\/wp-json\/wp\/v2\/comments?post=697076"}],"version-history":[{"count":0,"href":"https:\/\/www.europesays.com\/es\/wp-json\/wp\/v2\/posts\/697076\/revisions"}],"wp:featuredmedia":[{"embeddable":true,"href":"https:\/\/www.europesays.com\/es\/wp-json\/wp\/v2\/media\/697077"}],"wp:attachment":[{"href":"https:\/\/www.europesays.com\/es\/wp-json\/wp\/v2\/media?parent=697076"}],"wp:term":[{"taxonomy":"category","embeddable":true,"href":"https:\/\/www.europesays.com\/es\/wp-json\/wp\/v2\/categories?post=697076"},{"taxonomy":"post_tag","embeddable":true,"href":"https:\/\/www.europesays.com\/es\/wp-json\/wp\/v2\/tags?post=697076"}],"curies":[{"name":"wp","href":"https:\/\/api.w.org\/{rel}","templated":true}]}}