{"id":697092,"date":"2026-08-06T09:21:26","date_gmt":"2026-08-06T09:21:26","guid":{"rendered":"https:\/\/www.europesays.com\/es\/697092\/"},"modified":"2026-08-06T09:21:26","modified_gmt":"2026-08-06T09:21:26","slug":"siguenza-abre-la-ii-vuelta-ciclista-castilla-la-mancha-leader-nuevaalcarria","status":"publish","type":"post","link":"https:\/\/www.europesays.com\/es\/697092\/","title":{"rendered":"Sig\u00fcenza abre la II Vuelta Ciclista Castilla-La Mancha LEADER | NuevaAlcarria"},"content":{"rendered":"<p>La Sierra Norte volver\u00e1 a convertirse esta semana en uno de los grandes escenarios del deporte regional con la salida, desde Sig\u00fcenza, de la primera etapa de la II Vuelta Ciclista Castilla-La Mancha LEADER. La cita, impulsada por diecis\u00e9is Grupos de Desarrollo Rural de la regi\u00f3n, entre ellos ADEL Sierra Norte, trasciende el \u00e1mbito deportivo para convertirse en una herramienta de promoci\u00f3n territorial y desarrollo rural.<\/p>\n<p><a href=\"https:\/\/ad.doubleclick.net\/ddm\/trackclk\/N5132.645338NUEVAALCARRIA.COM2\/B36192645.453319754;dc_trk_aid=647075775;dc_trk_cid=231013270;dc_lat=;dc_rdid=;tag_for_child_directed_treatment=;tfua=;gdpr=${GDPR};gdpr_consent=${GDPR_CONSENT_755};ltd=;dc_tdv=1\" rel=\"nofollow noopener\" target=\"_blank\">&#13;<br \/>\n&#13;<br \/>\n<img decoding=\"async\" src=\"https:\/\/www.europesays.com\/es\/wp-content\/uploads\/2026\/08\/1786008084_19_JCCM PREVENCION INCENDIOS Del 3 al 9 agost 2026.GIF\"\/>&#13;<br \/>\n<\/a>&#13;<br \/>\n&#13;<br \/>\n<img loading=\"lazy\" decoding=\"async\" src=\"https:\/\/www.europesays.com\/es\/wp-content\/uploads\/2026\/08\/1786008086_851_B36192645.453319754;dc_trk_aid=647075775;dc_trk_cid=231013270;ord=[timestamp];dc_lat=;dc_rdid=;tag_f.gif\" attributionsrc=\"\" border=\"0\" height=\"1\" width=\"1\" alt=\"Advertisement\"\/><\/p>\n<p>El viernes 7 de agosto, el pelot\u00f3n femenino tomar\u00e1 la salida en Sig\u00fcenza a las 11.15 horas para completar un recorrido que atravesar\u00e1 Barbatona, Estri\u00e9gana, Alcolea del Pinar, La Hortezuela de Oc\u00e9n, Padilla del Condado, Riba de Saelices, Saelices de la Sal, Esplegares, Sacecorbo y Canredondo antes de llegar a Cifuentes. Un itinerario que permitir\u00e1 mostrar algunos de los paisajes m\u00e1s representativos del norte de Guadalajara y acercar a participantes y visitantes la riqueza natural, patrimonial y cultural del territorio.<\/p>\n<p>\u00a0<\/p>\n<p><strong>Mucho m\u00e1s que una carrera<\/strong><\/p>\n<p>Para ADEL Sierra Norte, formar parte de esta iniciativa supone seguir apostando por proyectos capaces de generar oportunidades para el medio rural. La II Vuelta Ciclista Castilla-La Mancha LEADER recorrer\u00e1 m\u00e1s de 1.000 kil\u00f3metros, pasar\u00e1 por 102 municipios de las cinco provincias de Castilla-La Mancha y reunir\u00e1 a 35 equipos y 210 ciclistas en categor\u00edas femenina, \u00e9lite y sub-23, consolid\u00e1ndose como una de las grandes citas deportivas del verano en la regi\u00f3n.<\/p>\n<p>La presidenta de ADEL Sierra Norte, Mar\u00eda Jes\u00fas Merino, destaca que esta Vuelta representa perfectamente el esp\u00edritu del desarrollo rural. \u201cCada etapa es una oportunidad para ense\u00f1ar nuestros pueblos, nuestros paisajes, nuestro patrimonio y el trabajo que se realiza desde el territorio para generar oportunidades. Que Sig\u00fcenza sea el punto de partida de esta primera etapa femenina es un motivo de orgullo para toda la comarca\u00bb, se\u00f1ala la presidenta.<\/p>\n<p>Merino subraya adem\u00e1s que iniciativas de estas caracter\u00edsticas contribuyen a dinamizar la actividad econ\u00f3mica local, favorecen la llegada de visitantes y refuerzan la imagen de la Sierra Norte como un territorio vivo, atractivo y capaz de acoger acontecimientos de primer nivel.<\/p>\n<p>La II Vuelta Ciclista Castilla-La Mancha LEADER se disputar\u00e1 entre los d\u00edas 7 y 13 de agosto y recorrer\u00e1 las cinco provincias de Castilla-La Mancha bajo un modelo singular que sit\u00faa al medio rural en el centro de la competici\u00f3n, convirtiendo el deporte en un escaparate para el patrimonio, la cultura y el futuro de los pueblos.<\/p>\n","protected":false},"excerpt":{"rendered":"La Sierra Norte volver\u00e1 a convertirse esta semana en uno de los grandes escenarios del deporte regional con&hellip;\n","protected":false},"author":2,"featured_media":697093,"comment_status":"","ping_status":"","sticky":false,"template":"","format":"standard","meta":{"footnotes":""},"categories":[273],"tags":[442,125826,313,312,168,25,24,439,441,443,440,59873,23431,23,167],"class_list":["post-697092","post","type-post","status-publish","format-standard","has-post-thumbnail","category-ciclismo","tag-actualidad-guadalajara","tag-adel","tag-ciclismo","tag-cycling","tag-deportes","tag-es","tag-espana","tag-guadalajara","tag-informacion-guadalajara","tag-noticias-guadalajara","tag-nueva-alcarria","tag-sierra-norte","tag-siguenza","tag-spain","tag-sports"],"share_on_mastodon":{"url":"https:\/\/pubeurope.com\/@es\/117047833496019643","error":""},"_links":{"self":[{"href":"https:\/\/www.europesays.com\/es\/wp-json\/wp\/v2\/posts\/697092","targetHints":{"allow":["GET"]}}],"collection":[{"href":"https:\/\/www.europesays.com\/es\/wp-json\/wp\/v2\/posts"}],"about":[{"href":"https:\/\/www.europesays.com\/es\/wp-json\/wp\/v2\/types\/post"}],"author":[{"embeddable":true,"href":"https:\/\/www.europesays.com\/es\/wp-json\/wp\/v2\/users\/2"}],"replies":[{"embeddable":true,"href":"https:\/\/www.europesays.com\/es\/wp-json\/wp\/v2\/comments?post=697092"}],"version-history":[{"count":0,"href":"https:\/\/www.europesays.com\/es\/wp-json\/wp\/v2\/posts\/697092\/revisions"}],"wp:featuredmedia":[{"embeddable":true,"href":"https:\/\/www.europesays.com\/es\/wp-json\/wp\/v2\/media\/697093"}],"wp:attachment":[{"href":"https:\/\/www.europesays.com\/es\/wp-json\/wp\/v2\/media?parent=697092"}],"wp:term":[{"taxonomy":"category","embeddable":true,"href":"https:\/\/www.europesays.com\/es\/wp-json\/wp\/v2\/categories?post=697092"},{"taxonomy":"post_tag","embeddable":true,"href":"https:\/\/www.europesays.com\/es\/wp-json\/wp\/v2\/tags?post=697092"}],"curies":[{"name":"wp","href":"https:\/\/api.w.org\/{rel}","templated":true}]}}