{"id":697364,"date":"2026-08-06T13:11:21","date_gmt":"2026-08-06T13:11:21","guid":{"rendered":"https:\/\/www.europesays.com\/es\/697364\/"},"modified":"2026-08-06T13:11:21","modified_gmt":"2026-08-06T13:11:21","slug":"la-moncloa-interior-pone-en-marcha-el-comite-estatal-de-coordinacion-y-direccion-del-dispositivo-para-encarar-el-eclipse-solar","status":"publish","type":"post","link":"https:\/\/www.europesays.com\/es\/697364\/","title":{"rendered":"La Moncloa. Interior pone en marcha el Comit\u00e9 Estatal de Coordinaci\u00f3n y Direcci\u00f3n del dispositivo para encarar el eclipse solar"},"content":{"rendered":"<p>&#13;&#13;<img decoding=\"async\" alt=\"El ministro de Interior, Fernando Grande-Marlaska, ha presidido la constituci\u00f3n del Comit\u00e9 Estatal de Coordinaci\u00f3n y Direcci\u00f3n.\" title=\"El ministro de Interior, Fernando Grande-Marlaska, ha presidido la constituci\u00f3n del Comit\u00e9 Estatal de Coordinaci\u00f3n y Direcci\u00f3n.\" src=\"https:\/\/www.europesays.com\/es\/wp-content\/uploads\/2026\/08\/060826-cecod-eclipse-solar.jpg\"\/>&#13;El ministro de Interior, Fernando Grande-Marlaska, ha presidido la constituci\u00f3n del Comit\u00e9 Estatal de Coordinaci\u00f3n y Direcci\u00f3n.&#13;&#13;<\/p>\n<p>&#13;<\/p>\n<p>El ministro del Interior, Fernando Grande-Marlaska, ha presidido la constituci\u00f3n del Comit\u00e9 Estatal de Coordinaci\u00f3n y Direcci\u00f3n (CECOD) del dispositivo estatal dispuesto para garantizar la seguridad y el bienestar de los cientos de miles de personas que, la pr\u00f3xima semana, se desplazar\u00e1n por la mitad norte de la Pen\u00ednsula para seguir desde los m\u00e1s de 350 puntos habilitados para ello la evoluci\u00f3n del eclipse solar que tendr\u00e1 su c\u00e9nit el pr\u00f3ximo 12 de agosto. <\/p>\n<p>Grande-Marlaska ha aprovechado la puesta en marcha del CECOD para pedir a la ciudadan\u00eda \u00abresponsabilidad y m\u00e1xima prudencia\u00bb dado que el evento astron\u00f3mico coincide con un periodo de alto riesgo de <a href=\"https:\/\/www.lamoncloa.gob.es\/serviciosdeprensa\/notasprensa\/interior\/Paginas\/2023\/130723-incendios-forestales-como-prevenir-y-actuar.aspx\" onclick=\"javascript:GoogleTrackEvent(&#039;True&#039;,&#039;Contenido&#039;,&#039;Click&#039;,&#039;[https:\/\/www.lamoncloa.gob.es\/serviciosdeprensa\/notasprensa\/interior\/Paginas\/2026\/060826-cecod-eclipse-solar.aspx] incendios forestales. [\/serviciosdeprensa\/notasprensa\/interior\/Paginas\/2023\/130723-incendios-forestales-como-prevenir-y-actuar.aspx]&#039;);\" rel=\"nofollow noopener\" target=\"_blank\">incendios forestales<\/a>. \u00abLas altas temperaturas, la sequedad acumulada del combustible vegetal y la elevada presi\u00f3n sobre espacios naturales por los desplazamientos previstos obligan a extremar las medidas de prevenci\u00f3n\u00bb, ha explicado.<\/p>\n<p>Los an\u00e1lisis realizados por la Secretar\u00eda General de Protecci\u00f3n Civil y Emergencias han identificado numerosos puntos de observaci\u00f3n ubicados en zonas con riesgo muy alto de incendio forestal, ha recordado Grande-Marlaska, que ha insistido en la necesidad de trasladar a la ciudadan\u00eda el mensaje de que \u00abdisfrutar de este acontecimiento astron\u00f3mico debe ser plenamente compatible con la protecci\u00f3n del medio natural y con el cumplimiento estricto de las medidas de prevenci\u00f3n\u00bb.<\/p>\n<p>Adem\u00e1s del ministro del Interior, en la reuni\u00f3n del CECOD han participado la secretaria general de Protecci\u00f3n Civil y Emergencias, Virginia Barcones, junto a otros responsables de esa secretar\u00eda general; el director general de Coordinaci\u00f3n y Estudios de la Secretar\u00eda de Estado de Seguridad, Eugenio Pereiro; el director general de Tr\u00e1fico, Pere Navarro, as\u00ed como miembros de las direcciones adjuntas operativas de Polic\u00eda Nacional y Guardia Civil.<\/p>\n<p>Tambi\u00e9n integran el CECOD el Departamento de Seguridad Nacional de Presidencia del Gobierno; la Direcci\u00f3n General de Pol\u00edtica de Defensa y la Unidad Militar de Emergencias (UME) del Ministerio de Defensa; as\u00ed como la Direcci\u00f3n General de Biodiversidad, Bosques y Desertificaci\u00f3n y la Agencia Estatal de Meteorolog\u00eda, del Ministerio de la Transici\u00f3n Ecol\u00f3gica y para el Reto Democr\u00e1tico, que han estado representados por sus m\u00e1ximos responsables en una reuni\u00f3n celebrada por medios telem\u00e1ticos.<\/p>\n<p>Plan Espec\u00edfico de Protecci\u00f3n Civil<\/p>\n<p>El CECOD ha permitido poner en com\u00fan el Plan Espec\u00edfico de Protecci\u00f3n Civil elaborado por la Secretar\u00eda General de Protecci\u00f3n Civil y Emergencias, as\u00ed como las medidas de coordinaci\u00f3n y preparaci\u00f3n impulsadas junto al conjunto de administraciones y organismos participantes.<\/p>\n<p>Uno de los resultados m\u00e1s relevantes de esta colaboraci\u00f3n es la creaci\u00f3n de un Puesto de Mando Unificado en el Centro Nacional de Emergencias (CENEM) que facilitar\u00e1 la coordinaci\u00f3n operativa durante los d\u00edas previos y durante el propio eclipse.<\/p>\n<p>El Plan de Protecci\u00f3n Civil id\u00e9ntica cinco \u00e1mbitos prioritarios de atenci\u00f3n: las aglomeraciones masivas de personas, las afectaciones a la movilidad, la posible saturaci\u00f3n de las telecomunicaciones, los incendios forestales y los riesgos sanitarios asociados al calor o a una observaci\u00f3n inadecuada del eclipse.<\/p>\n<p>Adem\u00e1s, y como el eclipse afectar\u00e1 a numerosas comunidades aut\u00f3nomas y movilizar\u00e1 recursos de muy distinta naturaleza, se ha previsto un refuerzo de los mecanismos de intercambio de informaci\u00f3n entre administraciones: delegaciones y subdelegaciones del Gobierno, servicios de emergencias auton\u00f3micos, Fuerzas y Cuerpos de Seguridad y operadores estrat\u00e9gicos, lo que permitir\u00e1 compartir una misma imagen de situaci\u00f3n y responder con rapidez a cualquier incidencia que pudiera producirse.<\/p>\n<p>Plan de Seguridad<\/p>\n<p>Las previsiones apuntan que se producir\u00e1n entre 1,8 y 2,9 millones de desplazamientos hacia y desde los m\u00e1s de 350 puntos de observaci\u00f3n identificados en la franja geogr\u00e1fica desde la que ser\u00e1 posible observar el eclipse en su totalidad. Adem\u00e1s, se han fijado 123 zonas de exclusi\u00f3n a las que, por circunstancias medioambientales o por obst\u00e1culos que impiden su evacuaci\u00f3n si fuera preciso, el acceso est\u00e1 limitado o prohibido.<\/p>\n<p>Para atender esta contingencia, la planificaci\u00f3n contempla diferentes fases de intervenci\u00f3n que incluyen una de seguimiento reforzado durante los d\u00edas previos al eclipse mientras que, el d\u00eda del evento astron\u00f3mico, se mantendr\u00e1 una monitorizaci\u00f3n continua de la situaci\u00f3n operativa y meteorol\u00f3gica con capacidad de activar los mecanismos de respuesta que fueran necesarios en caso de emergencia.<\/p>\n<p>Adem\u00e1s, la Secretar\u00eda de Estado de Seguridad aprob\u00f3 el pasado 2 de junio el Plan Especial de Seguridad con directrices b\u00e1sicas respecto a las principales actuaciones que habr\u00e1n de contemplar los dispositivos de seguridad de las Fuerzas de Seguridad, alineados con los planes auton\u00f3micos y municipales.<\/p>\n<p>Esta planificaci\u00f3n pone el foco en la adopci\u00f3n de medidas de prevenci\u00f3n y del refuerzo de la presencia policial en las \u00e1reas de observaci\u00f3n, para garantizar la seguridad vial y la movilidad ordenada en torno a los principales accesos y ejes de retorno, y con car\u00e1cter general en los principales ejes de transporte terrestre que se ver\u00e1n afectados por el incremento de la movilidad.<\/p>\n<p>Tambi\u00e9n se reforzar\u00e1 la seguridad en nodos de transporte, puertos y aeropuertos, as\u00ed como la protecci\u00f3n del litoral y del espacio mar\u00edtimo ante la previsi\u00f3n de un incremento de la presencia de embarcaciones en aguas mar\u00edtimas pr\u00f3ximas a la costa con motivo de la observaci\u00f3n del eclipse.<\/p>\n<p>Polic\u00eda Nacional y Guardia Civil aumentar\u00e1n sus dispositivos de atenci\u00f3n a las personas visitantes, en especial en 26 de sus <a href=\"https:\/\/web.guardiacivil.es\/es\/colaboracion\/planturismoseguro\/ServicioAtencionTuristaExtranjero\/\" target=\"_blank\" onclick=\"javascript:GoogleTrackEvent(&#039;True&#039;,&#039;Contenido&#039;,&#039;Click&#039;,&#039;[https:\/\/www.lamoncloa.gob.es\/serviciosdeprensa\/notasprensa\/interior\/Paginas\/2026\/060826-cecod-eclipse-solar.aspx] Servicios de Atenci\u00f3n al Turista Extranjero\/a (SATE). [https:\/\/web.guardiacivil.es\/es\/colaboracion\/planturismoseguro\/ServicioAtencionTuristaExtranjero\/]&#039;);\" rel=\"nofollow noopener\">Servicios de Atenci\u00f3n al Turista Extranjero\/a (SATE)<\/a> ubicados en territorios de la franja de totalidad, con contar\u00e1n adem\u00e1s con oficinas itinerantes y refuerzo de informaci\u00f3n en diferentes idiomas, y difundir\u00e1n de manera coordinada mensajes preventivos a trav\u00e9s de la aplicaci\u00f3n <a href=\"https:\/\/alertcops.ses.mir.es\/publico\/alertcops\/\" target=\"_blank\" onclick=\"javascript:GoogleTrackEvent(&#039;True&#039;,&#039;Contenido&#039;,&#039;Click&#039;,&#039;[https:\/\/www.lamoncloa.gob.es\/serviciosdeprensa\/notasprensa\/interior\/Paginas\/2026\/060826-cecod-eclipse-solar.aspx] AlertCops. [https:\/\/alertcops.ses.mir.es\/publico\/alertcops\/]&#039;);\" rel=\"nofollow noopener\">AlertCops<\/a>, sus redes sociales y p\u00e1ginas web.<\/p>\n<p>La suma de efectivos policiales adscritos a servicios y dispositivos del eclipse supera los 33.600 agentes. En esta ocasi\u00f3n, el peso del dispositivo recaer\u00e1 en Guardia Civil, con m\u00e1s de 24.200 agentes, dada la mayor afecci\u00f3n de los riesgos a contemplar en \u00e1mbitos rurales y la dimensi\u00f3n del despliegue que ser\u00e1 preciso por parte de la Agrupaci\u00f3n de Tr\u00e1fico, que dedicar\u00e1 a estas labores casi 2.500 efectivos.<\/p>\n<p>Asimismo, veinte embarcaciones del Servicio Mar\u00edtimo (once en el Mediterr\u00e1neo y nueve en el Atl\u00e1ntico) integrar\u00e1n dispositivos de prevenci\u00f3n ad hoc en el litoral costero e insular afectado, dada la previsi\u00f3n del c\u00famulo de observadores que hagan uso de este medio en dichos enclaves mar\u00edtimos.<\/p>\n<p>&#13;<\/p>\n","protected":false},"excerpt":{"rendered":"&#13;&#13;&#13;El ministro de Interior, Fernando Grande-Marlaska, ha presidido la constituci\u00f3n del Comit\u00e9 Estatal de Coordinaci\u00f3n y Direcci\u00f3n.&#13;&#13; &#13;&hellip;\n","protected":false},"author":2,"featured_media":697365,"comment_status":"","ping_status":"","sticky":false,"template":"","format":"standard","meta":{"footnotes":""},"categories":[5],"tags":[517,17,18,25,24,13,14,11,584,19,20,9,10,15,16,2330,23,12,21,22],"class_list":["post-697364","post","type-post","status-publish","format-standard","has-post-thumbnail","category-titulares","tag-actualidad","tag-breaking-news","tag-breakingnews","tag-es","tag-espana","tag-featured-news","tag-featurednews","tag-headlines","tag-interior","tag-latest-news","tag-latestnews","tag-news","tag-noticias","tag-noticias-destacadas","tag-noticiasdestacadas","tag-prensa","tag-spain","tag-titulares","tag-ultimas-noticias","tag-ultimasnoticias"],"share_on_mastodon":{"url":"https:\/\/pubeurope.com\/@es\/117048737766437704","error":""},"_links":{"self":[{"href":"https:\/\/www.europesays.com\/es\/wp-json\/wp\/v2\/posts\/697364","targetHints":{"allow":["GET"]}}],"collection":[{"href":"https:\/\/www.europesays.com\/es\/wp-json\/wp\/v2\/posts"}],"about":[{"href":"https:\/\/www.europesays.com\/es\/wp-json\/wp\/v2\/types\/post"}],"author":[{"embeddable":true,"href":"https:\/\/www.europesays.com\/es\/wp-json\/wp\/v2\/users\/2"}],"replies":[{"embeddable":true,"href":"https:\/\/www.europesays.com\/es\/wp-json\/wp\/v2\/comments?post=697364"}],"version-history":[{"count":0,"href":"https:\/\/www.europesays.com\/es\/wp-json\/wp\/v2\/posts\/697364\/revisions"}],"wp:featuredmedia":[{"embeddable":true,"href":"https:\/\/www.europesays.com\/es\/wp-json\/wp\/v2\/media\/697365"}],"wp:attachment":[{"href":"https:\/\/www.europesays.com\/es\/wp-json\/wp\/v2\/media?parent=697364"}],"wp:term":[{"taxonomy":"category","embeddable":true,"href":"https:\/\/www.europesays.com\/es\/wp-json\/wp\/v2\/categories?post=697364"},{"taxonomy":"post_tag","embeddable":true,"href":"https:\/\/www.europesays.com\/es\/wp-json\/wp\/v2\/tags?post=697364"}],"curies":[{"name":"wp","href":"https:\/\/api.w.org\/{rel}","templated":true}]}}