{"id":697610,"date":"2026-08-06T16:33:13","date_gmt":"2026-08-06T16:33:13","guid":{"rendered":"https:\/\/www.europesays.com\/es\/697610\/"},"modified":"2026-08-06T16:33:13","modified_gmt":"2026-08-06T16:33:13","slug":"florentino-perez-rompe-otro-record-diomande-el-fichaje-mas-caro-de-la-historia-del-real-madrid-expansion","status":"publish","type":"post","link":"https:\/\/www.europesays.com\/es\/697610\/","title":{"rendered":"Florentino P\u00e9rez rompe otro r\u00e9cord: Diomande, el fichaje m\u00e1s caro de la historia del Real Madrid &#8211; Expansi\u00f3n"},"content":{"rendered":"<ol>\n<li><a href=\"https:\/\/news.google.com\/rss\/articles\/CBMimAFBVV95cUxNMXFPYVNLeldLRGt2cHZFSVZSOGdJMW1sa1M4bGdGX0k2RGFWM0M3azJaWThURnhMN0xPQkx3NDQ0VUFKX2ZKV0VvMHZZZUpad1hEeUlGa3VyV0owWENYY2N6ZGxoRy1TRV92MUVqcWN4dnQ1WVQ2SVlKQ0w5RUhoSXlWZkkwbXE0eVNwVFc4Z2RmOF9FbzFHWtIBmAFBVV95cUxPX2tMY0lWM1ZRN0EtbDdEa09JSEFRSG52SWNKVXZNWkphTV9SQnk5d2g1QWVwSnc4TXV6cW9KdVEwMVMyanBfWU9nNUhfeUNISVFQakhGeFV1dDVDYTJPdkkwaVVjdld6R1BrOVprSVZETHg1WTFpNHNWbm9tblRsR3RHcjlWTWRJQXJlWU9HZHUyN2QtRGRldA?oc=5\" target=\"_blank\" rel=\"nofollow noopener\">Florentino P\u00e9rez rompe otro r\u00e9cord: Diomande, el fichaje m\u00e1s caro de la historia del Real Madrid<\/a>&nbsp;&nbsp;Expansi\u00f3n<\/li>\n<li><a href=\"https:\/\/news.google.com\/rss\/articles\/CBMingFBVV95cUxOU29PWVFQbGR6RDg1QkN2QTV3eVAxMEJGUG9tQkRmb2FVcDNhcDc3bC1uck5RVmF4VTFCa3lndXg4S3FfVG9yaElpVDNPb0VnaTRqa0FVNi1VX01TZnZfZU5UWTZ4aHpET3JSNnFSVG16VFB2R0R1ZUpJVEw1MnlfQ21DNVp0ejMzTE1kNGotajZwUGdpVmVZbFpoZ3RPdw?oc=5\" target=\"_blank\" rel=\"nofollow noopener\">Comunicado Oficial: Diomande<\/a>&nbsp;&nbsp;Real Madrid CF | Web Oficial<\/li>\n<li><a href=\"https:\/\/news.google.com\/rss\/articles\/CBMipgFBVV95cUxOeTdpemZPNmNuMDZ4Y2NCNWlyZmN4V1dEU1lRWkJvUUtKaFBscy1pQlA3dW1Jblh5SkozMXZfX2M3N0EzQndHejVMdDl4MGxTSzNBMGZua2h0cXZ2NkhHOUVRUjhHVzBqeWQxaVJyeUJTcG1UYm9lRS11VXhFNGZLQkdqTmNYSTNGOHFJYUx1X0pPZXFlcWgzd0hleEFySGlwTVJKTmNn?oc=5\" target=\"_blank\" rel=\"nofollow noopener\">El Real Madrid ficha a Yan Diomande para las pr\u00f3ximas siete temporadas<\/a>&nbsp;&nbsp;ABC<\/li>\n<li><a href=\"https:\/\/news.google.com\/rss\/articles\/CBMinAFBVV95cUxPSW1BT1NTeXlQMklVNHFBX2VoTTBEWndmWk5IRVFCckw3R3NNb0d1TXFWQXo0YllOZnBjNk5OYmNlZDhMdm1IeE80czc1MlRPMUg2NGtodi0ySmFaNXdNYkpLWl9ZNVRLRkEwNld0Q2ctcjQtdmxneE5pLXk0cUczMllkeFI0clViQWg2bnA0bUJNRk5EMG1QeXhueEU?oc=5\" target=\"_blank\" rel=\"nofollow noopener\">El Madrid hace oficial el fichaje m\u00e1s caro de su historia: 125 millones m\u00e1s 10 en variables por Yan Diomande<\/a>&nbsp;&nbsp;El Mundo<\/li>\n<li><a href=\"https:\/\/news.google.com\/rss\/articles\/CBMijgFBVV95cUxNSTZzLWk1TkRzNm9NTEFNdTAzTlhWdWdqb2tUampOOGtGVlg3cVhjYmduYlhWamJOazM5MVNGR0hIM0xLaFFQVWZIN1pvTzNOdEoyRkM4cTZKRl8wUTF3RzVCUkgxckZ2VWdjUktCcEdncEpEazY2T2ZVYWE1ZGk4T0d6NFBScC01cjFfTE9B0gGOAUFVX3lxTFB6aG9fTmlSTVFBR2k4NmNBQ1l5VWtDa3FYNGxIV3o3ckthVkstcWFUbm9QbEVQTHJQQTQ3SGhoVmh2TW5qLURRMm1QN2xTeUhoV19GeGM4VFlYeWpFWUpjeTRYcnNtN2p2S3BWQjdlNDNRbDFaT01DM0h2aDA0aERTc3BRMnZvNVVzT1kyUFE?oc=5\" target=\"_blank\" rel=\"nofollow noopener\">La regla de la UEFA que desmonta el &#8216;truco&#8217; del Real Madrid con Diomande<\/a>&nbsp;&nbsp;SPORT<\/li>\n<\/ol>\n","protected":false},"excerpt":{"rendered":"Florentino P\u00e9rez rompe otro r\u00e9cord: Diomande, el fichaje m\u00e1s caro de la historia del Real Madrid&nbsp;&nbsp;Expansi\u00f3n Comunicado Oficial:&hellip;\n","protected":false},"author":2,"featured_media":697611,"comment_status":"","ping_status":"","sticky":false,"template":"","format":"standard","meta":{"footnotes":""},"categories":[93],"tags":[168,1564,42352,25,24,23,167],"class_list":["post-697610","post","type-post","status-publish","format-standard","has-post-thumbnail","category-deportes","tag-deportes","tag-directivos","tag-directivos-deporte-negocio","tag-es","tag-espana","tag-spain","tag-sports"],"share_on_mastodon":{"url":"","error":""},"_links":{"self":[{"href":"https:\/\/www.europesays.com\/es\/wp-json\/wp\/v2\/posts\/697610","targetHints":{"allow":["GET"]}}],"collection":[{"href":"https:\/\/www.europesays.com\/es\/wp-json\/wp\/v2\/posts"}],"about":[{"href":"https:\/\/www.europesays.com\/es\/wp-json\/wp\/v2\/types\/post"}],"author":[{"embeddable":true,"href":"https:\/\/www.europesays.com\/es\/wp-json\/wp\/v2\/users\/2"}],"replies":[{"embeddable":true,"href":"https:\/\/www.europesays.com\/es\/wp-json\/wp\/v2\/comments?post=697610"}],"version-history":[{"count":0,"href":"https:\/\/www.europesays.com\/es\/wp-json\/wp\/v2\/posts\/697610\/revisions"}],"wp:featuredmedia":[{"embeddable":true,"href":"https:\/\/www.europesays.com\/es\/wp-json\/wp\/v2\/media\/697611"}],"wp:attachment":[{"href":"https:\/\/www.europesays.com\/es\/wp-json\/wp\/v2\/media?parent=697610"}],"wp:term":[{"taxonomy":"category","embeddable":true,"href":"https:\/\/www.europesays.com\/es\/wp-json\/wp\/v2\/categories?post=697610"},{"taxonomy":"post_tag","embeddable":true,"href":"https:\/\/www.europesays.com\/es\/wp-json\/wp\/v2\/tags?post=697610"}],"curies":[{"name":"wp","href":"https:\/\/api.w.org\/{rel}","templated":true}]}}