{"id":698154,"date":"2026-08-06T23:15:15","date_gmt":"2026-08-06T23:15:15","guid":{"rendered":"https:\/\/www.europesays.com\/es\/698154\/"},"modified":"2026-08-06T23:15:15","modified_gmt":"2026-08-06T23:15:15","slug":"trump-aprueba-dos-decretos-para-volver-a-limitar-de-forma-parcial-la-ciudadania-por-nacimiento-pese-a-la-decision-del-supremo-inmigracion-en-estados-unidos","status":"publish","type":"post","link":"https:\/\/www.europesays.com\/es\/698154\/","title":{"rendered":"Trump aprueba dos decretos para volver a limitar de forma parcial la ciudadan\u00eda por nacimiento pese a la decisi\u00f3n del Supremo | Inmigraci\u00f3n en Estados Unidos"},"content":{"rendered":"<p class=\"\">El presidente de Estados Unidos, Donald Trump, vuelve a la carga <a href=\"https:\/\/elpais.com\/us\/migracion\/2026-07-09\/trump-pedira-una-revision-al-supremo-del-fallo-que-mantiene-la-ciudadania-por-nacimiento.html\" target=\"_self\" rel=\"nofollow noopener\" title=\"https:\/\/elpais.com\/us\/migracion\/2026-07-09\/trump-pedira-una-revision-al-supremo-del-fallo-que-mantiene-la-ciudadania-por-nacimiento.html\">con una de sus ideas m\u00e1s controvertidas<\/a>: quiere limitar el derecho de ciudadan\u00eda por nacimiento que est\u00e1 consagrado en la Constituci\u00f3n del pa\u00eds desde hace casi 150 a\u00f1os. El mandatario republicano ha firmado dos \u00f3rdenes ejecutivas para negar la ciudadan\u00eda en determinadas circunstancias <a href=\"https:\/\/elpais.com\/us\/2026-04-01\/que-es-la-ciudadania-por-nacimiento-y-por-que-se-debate-esta-semana-en-el-tribunal-supremo.html\" target=\"_self\" rel=\"nofollow noopener\" title=\"https:\/\/elpais.com\/us\/2026-04-01\/que-es-la-ciudadania-por-nacimiento-y-por-que-se-debate-esta-semana-en-el-tribunal-supremo.html\">a los ni\u00f1os nacidos en Estados Unidos de padres extranjeros<\/a>, seg\u00fan adelant\u00f3 el medio Axios. La Casa Blanca quiere acabar con el llamado \u201cturismo de maternidad o nacimiento\u201d pese a que no existen estad\u00edsticas oficiales sobre este fen\u00f3meno y la mayor\u00eda de organizaciones civiles concuerdan en que es un fen\u00f3meno minoritario.<\/p>\n<p class=\"\">La medida est\u00e1 limitada a casos muy concretos, tendr\u00e1 un alcance muy limitado y genera serias dudas sobre su legalidad por los precedentes jur\u00eddicos.<\/p>\n<p class=\"\">La intenci\u00f3n de Trump de anular la nacionalidad por nacimiento en Estados Unidos, <a href=\"https:\/\/elpais.com\/us\/migracion\/2026-06-30\/en-que-queda-el-derecho-a-la-ciudadania-por-nacimiento-claves-de-la-decision-del-supremo-de-ee-uu.html\" target=\"_self\" rel=\"nofollow noopener\" title=\"https:\/\/elpais.com\/us\/migracion\/2026-06-30\/en-que-queda-el-derecho-a-la-ciudadania-por-nacimiento-claves-de-la-decision-del-supremo-de-ee-uu.html\">uno de los derechos que definen la esencia del pa\u00eds,<\/a> fue una de las primeras medidas que aprob\u00f3 nada m\u00e1s regresar a la Casa Blanca para su segundo mandato. Sin embargo, hace poco m\u00e1s de un mes, <a href=\"https:\/\/elpais.com\/us\/migracion\/2026-04-01\/la-ciudadania-por-nacimiento-llega-al-supremo-de-estados-unidos-un-caso-que-definira-el-futuro-del-pais.html\" target=\"_self\" rel=\"nofollow noopener\" title=\"https:\/\/elpais.com\/us\/migracion\/2026-04-01\/la-ciudadania-por-nacimiento-llega-al-supremo-de-estados-unidos-un-caso-que-definira-el-futuro-del-pais.html\">el Tribunal Supremo dict\u00f3 una sentencia que declar\u00f3 ilegal la orden de Trump<\/a>. El fallo consagr\u00f3 ese derecho, que otorga la nacionalidad autom\u00e1tica a los beb\u00e9s nacidos en Estados Unidos de padres indocumentados, y que est\u00e1 recogido en la 14\u00ba Enmienda de la Constituci\u00f3n.<\/p>\n<p class=\"\">Pese al varapalo del Supremo, el republicano vuelve a insistir. El ocupante del Despacho Oval se dispone a firmar dos \u00f3rdenes presidenciales para desafiar al Supremo. \u201cEl privilegio de la ciudadan\u00eda estadounidense sigue siendo un regalo invaluable y trascendental\u201d, se\u00f1ala el empresario que se hizo famoso en programas de telerrealidad.<\/p>\n<p class=\"\">La <a href=\"https:\/\/www.whitehouse.gov\/fact-sheets\/2026\/08\/fact-sheet-president-donald-j-trump-ends-birth-tourism-and-protects-the-meaning-and-value-of-american-citizenship\/\" target=\"_blank\" rel=\"nofollow noopener\" title=\"https:\/\/www.whitehouse.gov\/fact-sheets\/2026\/08\/fact-sheet-president-donald-j-trump-ends-birth-tourism-and-protects-the-meaning-and-value-of-american-citizenship\/\">Casa Blanca ha encontrado un resquicio legal por el cual cree que puede sacar adelante <\/a>la nueva pol\u00edtica que restringe derechos a los inmigrantes. Considera que la sentencia del alto tribunal le permite limitar la ciudadan\u00eda por derecho de nacimiento bajo determinadas excepciones. <\/p>\n<p class=\"\">\u201cTras la decisi\u00f3n del Tribunal Supremo, la Administraci\u00f3n sigue protegi\u00e9ndose contra los intentos de obtener la ciudadan\u00eda por parte de agentes extranjeros malintencionados y otras categor\u00edas de extranjeros que, seg\u00fan reconoci\u00f3 el Tribunal Supremo, no re\u00fanen los requisitos para obtener la ciudadan\u00eda por derecho de nacimiento en virtud de excepciones hist\u00f3ricamente reconocidas\u201d, se\u00f1ala la Casa Blanca a trav\u00e9s de un comunicado.<\/p>\n<p class=\"\">Por eso, los nuevos decretos se aplican \u00fanicamente a cuatro circunstancias concretas. Esta limitaci\u00f3n se aplicar\u00e1 a beb\u00e9s nacidos en Estados Unidos de padres extranjeros que trabajen en la delegaci\u00f3n diplom\u00e1tica para otro gobierno. La Constituci\u00f3n recoge una limitaci\u00f3n del derecho de nacionalidad para los embajadores y ahora Trump la extiende para otros empleados diplom\u00e1ticos. <\/p>\n<p class=\"\">La segunda limitaci\u00f3n afectar\u00eda a los ni\u00f1os de personas clasificadas como enemigos extranjeros, incluidos aquellos que pertenecen a grupos terroristas declarados por el gobierno federal. <\/p>\n<p class=\"\">Otra de las excepciones se dirige a los hijos nacidos en territorios estadounidenses en el exterior, como <a href=\"https:\/\/elpais.com\/us\/migracion\/2026-08-05\/una-detencion-pone-en-la-mira-un-acuerdo-opaco-entre-el-gobierno-de-puerto-rico-y-el-ice-para-compartir-informacion-de-migrantes.html\" target=\"_self\" rel=\"nofollow noopener\" title=\"https:\/\/elpais.com\/us\/migracion\/2026-08-05\/una-detencion-pone-en-la-mira-un-acuerdo-opaco-entre-el-gobierno-de-puerto-rico-y-el-ice-para-compartir-informacion-de-migrantes.html\">Puerto Rico<\/a>. Esta limitaci\u00f3n solo ser\u00eda aplicable si el Congreso modifica la ley para eliminar la ciudadan\u00eda autom\u00e1tica en esos territorios.<\/p>\n<p class=\"\">Por \u00faltimo, la orden ejecutiva de Trump afecta a beb\u00e9s de madres que ingresan a Estados Unidos \u201cde forma expresa y enga\u00f1osa con el \u00fanico prop\u00f3sito de tener un hijo\u201d en el pa\u00eds. <\/p>\n<p class=\"\">Los decretos se enfrentar\u00e1n al escrutinio del Supremo y despiertan muchas dudas sobre su legalidad. Las organizaciones civiles recurrir\u00e1n en los tribunales. No obstante, habr\u00e1 que esperar a que se pronuncien los nueve magistrados del Supremo. <\/p>\n<p class=\"\">Trump ya anunci\u00f3 que recurrir\u00eda pidiendo al Supremo una revisi\u00f3n del fallo. En la cuenta de su red Truth Social, el republicano escribi\u00f3 que solicitar\u00e1 \u201cINMEDIATAMENTE una nueva audiencia ante la Corte Suprema de Estados Unidos. Este error judicial destruir\u00e1 a Estados Unidos si no modifican su decisi\u00f3n, que es una absoluta locura\u201d.<\/p>\n","protected":false},"excerpt":{"rendered":"El presidente de Estados Unidos, Donald Trump, vuelve a la carga con una de sus ideas m\u00e1s controvertidas:&hellip;\n","protected":false},"author":2,"featured_media":698155,"comment_status":"","ping_status":"","sticky":false,"template":"","format":"standard","meta":{"footnotes":""},"categories":[42],"tags":[889,17,18,4329,352,629,13,14,11,61,62,63,64,19,20,892,890,9,2556,10,15,16,17918,952,897,12,30580,21,22,2558,65,66,67],"class_list":["post-698154","post","type-post","status-publish","format-standard","has-post-thumbnail","category-internacional","tag-america","tag-breaking-news","tag-breakingnews","tag-casa-blanca","tag-donald-trump","tag-estados-unidos","tag-featured-news","tag-featurednews","tag-headlines","tag-internacional","tag-international","tag-international-news","tag-internationalnews","tag-latest-news","tag-latestnews","tag-migracion","tag-migrantes","tag-news","tag-norteamerica","tag-noticias","tag-noticias-destacadas","tag-noticiasdestacadas","tag-partido-republicano-ee-uu","tag-politica","tag-politica-migratoria-ee-uu","tag-titulares","tag-tribunal-supremo-eeuu","tag-ultimas-noticias","tag-ultimasnoticias","tag-washington-d-c","tag-world","tag-world-news","tag-worldnews"],"share_on_mastodon":{"url":"","error":"Validation failed: Text character limit of 500 exceeded"},"_links":{"self":[{"href":"https:\/\/www.europesays.com\/es\/wp-json\/wp\/v2\/posts\/698154","targetHints":{"allow":["GET"]}}],"collection":[{"href":"https:\/\/www.europesays.com\/es\/wp-json\/wp\/v2\/posts"}],"about":[{"href":"https:\/\/www.europesays.com\/es\/wp-json\/wp\/v2\/types\/post"}],"author":[{"embeddable":true,"href":"https:\/\/www.europesays.com\/es\/wp-json\/wp\/v2\/users\/2"}],"replies":[{"embeddable":true,"href":"https:\/\/www.europesays.com\/es\/wp-json\/wp\/v2\/comments?post=698154"}],"version-history":[{"count":0,"href":"https:\/\/www.europesays.com\/es\/wp-json\/wp\/v2\/posts\/698154\/revisions"}],"wp:featuredmedia":[{"embeddable":true,"href":"https:\/\/www.europesays.com\/es\/wp-json\/wp\/v2\/media\/698155"}],"wp:attachment":[{"href":"https:\/\/www.europesays.com\/es\/wp-json\/wp\/v2\/media?parent=698154"}],"wp:term":[{"taxonomy":"category","embeddable":true,"href":"https:\/\/www.europesays.com\/es\/wp-json\/wp\/v2\/categories?post=698154"},{"taxonomy":"post_tag","embeddable":true,"href":"https:\/\/www.europesays.com\/es\/wp-json\/wp\/v2\/tags?post=698154"}],"curies":[{"name":"wp","href":"https:\/\/api.w.org\/{rel}","templated":true}]}}