{"id":698196,"date":"2026-08-06T23:51:21","date_gmt":"2026-08-06T23:51:21","guid":{"rendered":"https:\/\/www.europesays.com\/es\/698196\/"},"modified":"2026-08-06T23:51:21","modified_gmt":"2026-08-06T23:51:21","slug":"sara-carbonero-demuestra-que-solo-hacen-falta-un-vestido-de-flores-y-un-bolso-de-crochet-para-tener-el-look-mas-bonito-de-agosto","status":"publish","type":"post","link":"https:\/\/www.europesays.com\/es\/698196\/","title":{"rendered":"Sara Carbonero demuestra que solo hacen falta un vestido de flores y un bolso de crochet para tener el look m\u00e1s bonito de agosto"},"content":{"rendered":"<p><a title=\"Sara Carbonero sigue disfrutando del verano con ese estilo bohemio y natural\" href=\"https:\/\/www.larazon.es\/lifestyle\/moda\/truco-estilo-sara-carbonero-transformar-vestido-basico-look-perfecto-noches-verano-pueblo_202608056a72ee22a046ad6ebc9e45ff.html\" target=\"_blank\" rel=\"nofollow noopener\">Sara Carbonero sigue disfrutando del verano con ese estilo bohemio y natural<\/a> que la ha convertido desde hace a\u00f1os en una de las grandes referencias de la moda relajada. Sin necesidad de recurrir a tendencias pasajeras ni a prendas complicadas, la periodista vuelve a demostrar que los mejores estilismos estivales suelen construirse a partir de b\u00e1sicos atemporales que funcionan temporada tras temporada.<\/p>\n<p>En una de sus \u00faltimas publicaciones, la periodista comparte un primer plano de un look que resume a la perfecci\u00f3n su forma de vestir. Un vestido estampado de flores en tonos c\u00e1lidos, un <b>bolso de crochet<\/b> firmado por SlowLove y una pulsera de inspiraci\u00f3n artesanal forman una combinaci\u00f3n tan sencilla como efectiva para disfrutar de los \u00faltimos d\u00edas del verano con mucho estilo.<\/p>\n<p>El vestido de flores que nunca pasa de moda<\/p>\n<p>Si hay una prenda que siempre regresa cuando suben las temperaturas es el <b>vestido floral<\/b>. En el caso de Sara Carbonero, vuelve a apostar por un dise\u00f1o ligero y vaporoso con estampado de flores en tonos tierra, mostaza, azul y rosa que transmite ese aire rom\u00e1ntico y desenfadado que tanto caracteriza su armario.<\/p>\n<p>Este tipo de vestidos se han convertido en un imprescindible porque son capaces de adaptarse a cualquier ocasi\u00f3n. Funcionan para una comida al aire libre, una tarde de paseo o una cena informal, y adem\u00e1s combinan igual de bien con sandalias planas, alpargatas o incluso zapatillas blancas.<\/p>\n<p><img decoding=\"async\" loading=\"lazy\" src=\"https:\/\/www.europesays.com\/es\/wp-content\/uploads\/2026\/08\/sara-carbonero_123.jpg\" alt=\"Sara Carbonero.\" width=\"1320\" height=\"2291\"\/><b>Sara Carbonero.<\/b> Instagram<\/p>\n<p>Lejos de desaparecer con el paso de las temporadas, el estampado floral sigue siendo uno de los grandes protagonistas del verano y vuelve a demostrar por qu\u00e9 contin\u00faa ocupando un lugar privilegiado en cualquier armario.<\/p>\n<p>El bolso de crochet que confirma que las fibras naturales siguen reinando<\/p>\n<p>El otro gran protagonista del estilismo es el bolso de crochet de SlowLove. Elaborado con <b>fibras naturales y acabado artesanal, aporta textura<\/b> y ese aire mediterr\u00e1neo que cada verano vuelve a conquistar tanto las pasarelas como el street style.<\/p>\n<p>Los bolsos de crochet se han consolidado como uno de los accesorios m\u00e1s vers\u00e1tiles de la temporada. Combinan con vestidos, prendas de lino o incluso con unos sencillos vaqueros y una camiseta blanca, aportando siempre un toque relajado y muy veraniego.<\/p>\n<p>En el caso de <a title=\"Sara Carbonero\" href=\"https:\/\/www.larazon.es\/gente\/famosos\/consuelo-sara-carbonero-paula-echevarria-muerte-padre-estara-contigo-notaras_202608036a708cd8a5690f0473624700.html\" target=\"_blank\" rel=\"nofollow noopener\">Sara Carbonero<\/a>, adem\u00e1s, el dise\u00f1o encaja perfectamente con la filosof\u00eda de SlowLove, donde la artesan\u00eda, los materiales naturales y las piezas atemporales son parte de su identidad.<\/p>\n<p>La combinaci\u00f3n que siempre funciona en agosto<\/p>\n<p>M\u00e1s all\u00e1 de las prendas concretas, la periodista vuelve a recordar que no hace falta complicarse para conseguir un look bonito. Un vestido de flores, un bolso de crochet y unos accesorios de inspiraci\u00f3n artesanal son suficientes para construir un estilismo c\u00f3modo, femenino y f\u00e1cil de copiar.<\/p>\n<p>Mientras muchas tendencias aparecen y desaparecen cada temporada, esta combinaci\u00f3n sigue demostrando que nunca falla. Precisamente por eso, el vestido floral y el bolso de crochet contin\u00faan siendo dos de las <b>compras m\u00e1s inteligentes del verano <\/b>y todo apunta a que volver\u00e1n a convertirse en los grandes protagonistas durante todo el mes de agosto.<\/p>\n","protected":false},"excerpt":{"rendered":"Sara Carbonero sigue disfrutando del verano con ese estilo bohemio y natural que la ha convertido desde hace&hellip;\n","protected":false},"author":2,"featured_media":698197,"comment_status":"","ping_status":"","sticky":false,"template":"","format":"standard","meta":{"footnotes":""},"categories":[174],"tags":[255,146,147,25,24,256,1023,15968,23,1793,5732],"class_list":["post-698196","post","type-post","status-publish","format-standard","has-post-thumbnail","category-famosos","tag-celebrities","tag-entertainment","tag-entretenimiento","tag-es","tag-espana","tag-famosos","tag-moda","tag-sara-carbonero","tag-spain","tag-verano","tag-vestidos"],"share_on_mastodon":{"url":"https:\/\/pubeurope.com\/@es\/117051254024856911","error":""},"_links":{"self":[{"href":"https:\/\/www.europesays.com\/es\/wp-json\/wp\/v2\/posts\/698196","targetHints":{"allow":["GET"]}}],"collection":[{"href":"https:\/\/www.europesays.com\/es\/wp-json\/wp\/v2\/posts"}],"about":[{"href":"https:\/\/www.europesays.com\/es\/wp-json\/wp\/v2\/types\/post"}],"author":[{"embeddable":true,"href":"https:\/\/www.europesays.com\/es\/wp-json\/wp\/v2\/users\/2"}],"replies":[{"embeddable":true,"href":"https:\/\/www.europesays.com\/es\/wp-json\/wp\/v2\/comments?post=698196"}],"version-history":[{"count":0,"href":"https:\/\/www.europesays.com\/es\/wp-json\/wp\/v2\/posts\/698196\/revisions"}],"wp:featuredmedia":[{"embeddable":true,"href":"https:\/\/www.europesays.com\/es\/wp-json\/wp\/v2\/media\/698197"}],"wp:attachment":[{"href":"https:\/\/www.europesays.com\/es\/wp-json\/wp\/v2\/media?parent=698196"}],"wp:term":[{"taxonomy":"category","embeddable":true,"href":"https:\/\/www.europesays.com\/es\/wp-json\/wp\/v2\/categories?post=698196"},{"taxonomy":"post_tag","embeddable":true,"href":"https:\/\/www.europesays.com\/es\/wp-json\/wp\/v2\/tags?post=698196"}],"curies":[{"name":"wp","href":"https:\/\/api.w.org\/{rel}","templated":true}]}}