{"id":698216,"date":"2026-08-07T00:04:17","date_gmt":"2026-08-07T00:04:17","guid":{"rendered":"https:\/\/www.europesays.com\/es\/698216\/"},"modified":"2026-08-07T00:04:17","modified_gmt":"2026-08-07T00:04:17","slug":"las-tormentas-en-catalunya-obligan-a-cortar-seis-lineas-de-rodalies-y-dejan-granizo-de-mas-de-seis-centimetros","status":"publish","type":"post","link":"https:\/\/www.europesays.com\/es\/698216\/","title":{"rendered":"Las tormentas en Catalunya obligan a cortar seis l\u00edneas de Rodalies y dejan granizo de m\u00e1s de seis cent\u00edmetros"},"content":{"rendered":"<p class=\"c-paragraph\">Una cadena de tormentas est\u00e1 descargando desde primera hora de la tarde lluvias torrenciales en <a href=\"https:\/\/www.20minutos.es\/tags\/temas\/catalunya.html\" title=\"Catalunya\" rel=\"nofollow noopener\" target=\"_blank\">Catalunya<\/a>, algunas de ellas acompa\u00f1adas de granizo de m\u00e1s de seis cent\u00edmetros. Las fuertes precipitaciones tambi\u00e9n han obligado a <b>cortar seis l\u00edneas de Rodalies: <\/b>la\u00a0R1, R2Nord, R11 y RG1 entre Ma\u00e7anet-Massanes y Girona por afectaci\u00f3n en las catenarias; y las l\u00edneas R13 y R14 entre Calaf y Manresa por inundaciones, seg\u00fan ha informado Adif. En un primer momento la R3 entre Manlleu y Torell\u00f3 tambi\u00e9n hab\u00eda sido suspendida por la ca\u00edda de un \u00e1rbol sobre la infraestructura, aunque la circulaci\u00f3n ya ha sido restablecida.<\/p>\n<p class=\"c-paragraph\">Protecci\u00f3 Civil ha emitido un aviso de peligro para las pr\u00f3ximas horas debido a las previsiones meteorol\u00f3gicas. Seg\u00fan el Servei Meteorol\u00f2gic de Catalunya (Meteocat), puede haber <b>intensas tormentas, rachas de viento muy fuertes y reventones o tornados <\/b>en buena parte de Catalunya. En concreto, en las comarcas del Ripoll\u00e8s, la Garrotxa, Cerdanya, Alt Urgell, Bergued\u00e0, Bages, Anoia, Solson\u00e8s, Llu\u00e7an\u00e8s, Moian\u00e8s, Osona, la Selva, Pla de l&#8217;Estany y el Giron\u00e8s.\u00a0Por ello, <b>el grado de peligro m\u00e1ximo es de seis sobre seis.<\/b><\/p>\n<p class=\"c-paragraph\">A primera hora de la tarde se han visto fuertes precipitaciones en Olot, Sant Joan de les Fonts y La Canya, en la Garrotxa (Girona), donde ha ca\u00eddo una<b> intensa tormenta con fuertes vientos que ha dejado bolas de granizo de tama\u00f1o considerable<\/b>. Algunos usuarios han publicado en redes sociales im\u00e1genes de las bolas de hielo compar\u00e1ndolas incluso con pelotas de golf y monedas de euros para mostrar su tama\u00f1o. Adem\u00e1s, los Bombers han informado que desde las 12 a las 20 horas<b>\u00a0han recibido\u00a0161\u00a0avisos <\/b>relacionados con las lluvias, mientras que el 112 ha recibido 301 llamadas que han generado 115 expedientes.<\/p>\n<p class=\"c-paragraph\">Con el paso de las horas, las precipitaciones se han ido trasladando, dejando una cortina de agua y piedra extensa por toda la comunidad. En el Bages, concretamente en la localidad de Fals,<b> se han registrado piedras de hasta 6,4 cent\u00edmetros<\/b>, mientras que en el Camping L\u2019Hostalet de Serrateix, en la zona del Bergued\u00e0, l<b>os campistas se han refugiado de la lluvia y las piedras en el interior de los bungalows.\u00a0<\/b><\/p>\n<p class=\"c-paragraph\">A ra\u00edz de las precipitaciones ha habido un <b>deslizamiento que ha obligado a cortar la carretera de les Valls del Valira, la N-145, en el l\u00edmite de la frontera con Andorra<\/b> en direcci\u00f3n a la Seu d&#8217;Urgell. Por el momento hay cuatro kil\u00f3metros de retenciones en sentido sur. Patrullas de los Mossos d&#8217;Esquadra se han desplazado hasta la zona para regular el tr\u00e1fico mientras se retiran las piedras y el barro acumulado en la carretera.\u00a0<\/p>\n<p>Pendientes de posibles crecidas de r\u00edos y rieras<\/p>\n<p class=\"c-paragraph\">La previsi\u00f3n es que las intensas lluvias se mantengan hasta esta noche, por lo que en muchas zonas se puede ver c\u00f3mo la tromba de agua se va desplazando. Por su parte, la Ag\u00e8ncia Catalana de l&#8217;Aigua (ACA)\u00a0y la Confederaci\u00f3n Hidrogr\u00e1fica del Ebro (CHE) han\u00a0<b>intensificado\u00a0la vigilancia ante la posible crecida de r\u00edos y rieras<\/b>\u00a0y la afectaci\u00f3n que esto pueda tener en puntos inundables. Esta \u00faltima ha informado a las 17:20 horas que han registrado lluvias intensas en\u00a0<b>Is\u00f2vol (66l\/m\u00b2), Pont de Sabat\u00e9 (45l\/m\u00b2) y Vielha (45l\/m\u00b2).<\/b><\/p>\n<p>El plan Inuncat, activo desde el mi\u00e9rcoles<\/p>\n<p class=\"c-paragraph\">La\u00a0<a href=\"https:\/\/www.20minutos.es\/tags\/temas\/generalitat-de-catalunya.html\" title=\"Generalitat de Catalunya\" rel=\"nofollow noopener\" target=\"_blank\">Generalitat<\/a>\u00a0activ\u00f3 el plan\u00a0Inuncat\u00a0en fase de alerta el mi\u00e9rcoles ante la previsi\u00f3n de<b>\u00a0tormentas fuertes este jueves.<\/b>\u00a0Se prev\u00e9 que en las pr\u00f3ximas horas se supere el umbral de peligro por intensidad de lluvia, es decir\u00a0<b>m\u00e1s de 40 litros por metro cuadrado en 30 minutos<\/b>, y se acumule hasta<b>\u00a0m\u00e1s de 60 litros por metro cuadrado en 3 horas<\/b>\u00a0en gran parte de\u00a0<a href=\"https:\/\/www.20minutos.es\/tags\/temas\/catalunya.html\" title=\"Catalunya\" rel=\"nofollow noopener\" target=\"_blank\">Catalunya<\/a>.\u00a0<\/p>\n<p class=\"c-paragraph\">Ante esta situaci\u00f3n, desde Protecci\u00f3 Civil se ha pedido a la ciudadan\u00eda extremar las precauciones, sobre todo en los desplazamientos y en las actividades al aire libre. Tambi\u00e9n se ha recomendado fijarse y tener cuidado en las zonas donde <b>se puedan producir acumulaciones r\u00e1pidas de agua o crecidas repentinas de rieras y torrentes.<\/b><\/p>\n<p class=\"c-paragraph\">Por ello, se ha pedido evitar aparcar en rieras o puntos inundables y no atravesar r\u00edos, ni zonas anegadas de agua, ni a pie ni con veh\u00edculo; reducir los desplazamientos; alejarse de cauces, barrancos y pasos subterr\u00e1neos inundables, y <b>seguir la evoluci\u00f3n de las previsiones meteorol\u00f3gicas y las indicaciones de las autoridades.<\/b><\/p>\n<p>Los municipios, en alerta tambi\u00e9n<\/p>\n<p class=\"c-paragraph\">Asimismo, Protecci\u00f3 Civil tambi\u00e9n ha solicitado a los municipios de las comarcas afectadas que revisen los puntos inundables habituales y <b>adopten las medidas preventivas que consideren necesarias. <\/b>Una de las localidades que lo ha hecho ha sido Terrassa, cuyo alcalde ha explicado en redes que han activado entre las 17 y las 20 horas el Plan de Emergencias Municipal Municipal en fase de alerta.<\/p>\n","protected":false},"excerpt":{"rendered":"Una cadena de tormentas est\u00e1 descargando desde primera hora de la tarde lluvias torrenciales en Catalunya, algunas de&hellip;\n","protected":false},"author":2,"featured_media":698217,"comment_status":"","ping_status":"","sticky":false,"template":"","format":"standard","meta":{"footnotes":""},"categories":[8],"tags":[3830,17,18,7800,25,24,13,14,3087,11,19,20,6194,9,10,15,16,5043,23,12,21,22],"class_list":["post-698216","post","type-post","status-publish","format-standard","has-post-thumbnail","category-espana","tag-alerta","tag-breaking-news","tag-breakingnews","tag-catalunya","tag-es","tag-espana","tag-featured-news","tag-featurednews","tag-fuertes","tag-headlines","tag-latest-news","tag-latestnews","tag-lluvias","tag-news","tag-noticias","tag-noticias-destacadas","tag-noticiasdestacadas","tag-por","tag-spain","tag-titulares","tag-ultimas-noticias","tag-ultimasnoticias"],"share_on_mastodon":{"url":"https:\/\/pubeurope.com\/@es\/117051304876263167","error":""},"_links":{"self":[{"href":"https:\/\/www.europesays.com\/es\/wp-json\/wp\/v2\/posts\/698216","targetHints":{"allow":["GET"]}}],"collection":[{"href":"https:\/\/www.europesays.com\/es\/wp-json\/wp\/v2\/posts"}],"about":[{"href":"https:\/\/www.europesays.com\/es\/wp-json\/wp\/v2\/types\/post"}],"author":[{"embeddable":true,"href":"https:\/\/www.europesays.com\/es\/wp-json\/wp\/v2\/users\/2"}],"replies":[{"embeddable":true,"href":"https:\/\/www.europesays.com\/es\/wp-json\/wp\/v2\/comments?post=698216"}],"version-history":[{"count":0,"href":"https:\/\/www.europesays.com\/es\/wp-json\/wp\/v2\/posts\/698216\/revisions"}],"wp:featuredmedia":[{"embeddable":true,"href":"https:\/\/www.europesays.com\/es\/wp-json\/wp\/v2\/media\/698217"}],"wp:attachment":[{"href":"https:\/\/www.europesays.com\/es\/wp-json\/wp\/v2\/media?parent=698216"}],"wp:term":[{"taxonomy":"category","embeddable":true,"href":"https:\/\/www.europesays.com\/es\/wp-json\/wp\/v2\/categories?post=698216"},{"taxonomy":"post_tag","embeddable":true,"href":"https:\/\/www.europesays.com\/es\/wp-json\/wp\/v2\/tags?post=698216"}],"curies":[{"name":"wp","href":"https:\/\/api.w.org\/{rel}","templated":true}]}}