{"id":698230,"date":"2026-08-07T00:18:27","date_gmt":"2026-08-07T00:18:27","guid":{"rendered":"https:\/\/www.europesays.com\/es\/698230\/"},"modified":"2026-08-07T00:18:27","modified_gmt":"2026-08-07T00:18:27","slug":"las-mejores-series-que-puedes-ver-ahora-en-prime-video-disney-y-movistar-plus","status":"publish","type":"post","link":"https:\/\/www.europesays.com\/es\/698230\/","title":{"rendered":"Las mejores series que puedes ver ahora en Prime Video, Disney y Movistar Plus"},"content":{"rendered":"<p class=\"ft-text\">Agosto es, por excelencia, el mes del descanso. O, al menos, el de bajar el ritmo.<strong> Las vacaciones, las tardes interminables y el calor <\/strong>convierten cualquier plan tranquilo en <strong>una aut\u00e9ntica tentaci\u00f3n<\/strong>. Y si hay un placer al que cuesta<a class=\"ft-link ft-link--decoration\" href=\"https:\/\/www.elperiodico.com\/es\/vida-y-estilo\/20260602\/mejor-ventilador-techo-mejores-bc-130922023\" target=\"_blank\" rel=\"nofollow noopener\"> resistirse cuando las temperaturas aprietan<\/a>, es quedarse en casa, bajar las persianas, preparar <a class=\"ft-link ft-link--decoration\" href=\"https:\/\/www.elperiodico.com\/es\/shopping\/20260731\/termo-mantener-frio-cafe-nespresso-travel-tumbler-132945232\" target=\"_blank\" rel=\"nofollow noopener\">una bebida bien fr\u00eda<\/a> y darle al bot\u00f3n de play.<\/p>\n<p class=\"ft-text\">Porque s\u00ed, volver a ver Friends, Breaking Bad o The Big Bang Theory siempre funciona. Pero<strong> este mes las plataformas de streaming llegan cargadas de novedades <\/strong>que hacen que, por una vez, <strong>merezca la pena salir de la zona de confort y descubrir nuevas historias<\/strong>.<\/p>\n<p class=\"ft-text\">Desde <strong>regresos muy esperados hasta estrenos que ya se han colado entre las series m\u00e1s vistas<\/strong>, agosto trae motivos de sobra para plantearse una suscripci\u00f3n a<strong> <\/strong><a class=\"ft-link ft-link--decoration\" href=\"https:\/\/www.elperiodico.com\/es\/shopping\/20260722\/oferta-movistar-plus-tres-meses-mitad-de-precio-verano-bc-132696979\" target=\"_blank\" rel=\"nofollow noopener\"><strong>Movistar Plus+<\/strong><\/a><strong>,<\/strong> <strong>Disney+<\/strong> o <strong>Prime Video<\/strong>. M\u00e1s a\u00fan si tenemos en cuenta que <strong>algunas de ellas mantienen promociones <\/strong>que permiten acceder a todo su cat\u00e1logo por mucho menos de lo habitual.<\/p>\n<p>Furious | Disney+<img decoding=\"async\" src=\"https:\/\/www.europesays.com\/es\/wp-content\/uploads\/2026\/08\/492d739f-7550-4a67-8fe1-22ad554fbe3a_alta-libre-aspect-ratio_default_0_x600y266.jpg\" width=\"1200\" height=\"800\" alt=\"Furious, el estreno de Disney + que se sit\u00faa como una de las m\u00e1s vistas del momento\" class=\"ft-helper-img-rd\" loading=\"lazy\" fetchpriority=\"auto\"\/><\/p>\n<p class=\"ft-helper-fontColor-quaternary ft-helper-fontSize-body-S ft-helper-spacer-t-xxs\">Furious, el estreno de Disney + que se sit\u00faa como una de las m\u00e1s vistas del momento  \/ Disney +<\/p>\n<p class=\"ft-text\">Apenas ha necesitado unos d\u00edas para situarse entre las <a class=\"ft-link ft-link--decoration\" href=\"https:\/\/www.elperiodico.com\/es\/shopping\/20260506\/oferta-disney-termina-descuento-cupon-bc-129917330\" target=\"_blank\" rel=\"nofollow noopener\">series m\u00e1s vistas de Disney+<\/a>.<\/p>\n<p class=\"ft-text\"><strong>Furious<\/strong> sigue a Alice Black, una agente del FBI obsesionada con capturar a una calculadora asesina en serie. Sin embargo, conforme ambas se acercan, la frontera entre la justicia y la venganza comienza a difuminarse.<\/p>\n<p class=\"ft-text\">Con un ritmo muy intenso y giros constantes, es una de las incorporaciones m\u00e1s interesantes del cat\u00e1logo este verano.<\/p>\n<p>Harry Wild (Temporada 3) | Movistar Plus<img decoding=\"async\" src=\"https:\/\/www.europesays.com\/es\/wp-content\/uploads\/2026\/08\/9178ee7c-7aaf-46f8-9503-502edd06fad0_alta-libre-aspect-ratio_default_0_x600y266.jpg\" width=\"1200\" height=\"800\" alt=\"Harry Wild (Temporada 3) | Movistar Plus+\" class=\"ft-helper-img-rd\" loading=\"lazy\" fetchpriority=\"auto\"\/><\/p>\n<p class=\"ft-helper-fontColor-quaternary ft-helper-fontSize-body-S ft-helper-spacer-t-xxs\">Harry Wild (Temporada 3) | Movistar Plus+  \/ Cortes\u00eda Movistar Plus<\/p>\n<p class=\"ft-text\">Si eres de los que disfrutan resolviendo asesinatos antes que los propios detectives, <strong>Harry Wild<\/strong> deber\u00eda estar ya en tu lista. La serie, que <strong>acaba de estrenar su tercera temporada<\/strong>, recupera a su carism\u00e1tica protagonista: una profesora de ingl\u00e9s reci\u00e9n jubilada que descubre un talento inesperado para resolver cr\u00edmenes.<\/p>\n<p class=\"ft-text\">Con un aire que recuerda a las novelas de Agatha Christie y <strong>un equilibrio perfecto entre misterio, humor e intriga<\/strong>, es una de esas producciones ideales para ver cap\u00edtulo tras cap\u00edtulo sin darte cuenta del tiempo.<\/p>\n<p>Aprovecha esta promoci\u00f3n para suscribirte a Movistar Plus<\/p>\n<p class=\"ft-text\">Por tiempo limitado, puedes suscribirte a<strong> Movistar Plus pagando 4,99 euros durante tres meses<\/strong>. Una misma sucripci\u00f3n que no solo te permitir\u00e1 disfrutar de todas las series y pel\u00edculas del cat\u00e1logo sino que, adem\u00e1s, te permitir\u00e1 disfrutar de su amplio cat\u00e1logo deportivo.<\/p>\n<p>Ted Lasso (Temporada 4) | Prime Video<img decoding=\"async\" src=\"https:\/\/www.europesays.com\/es\/wp-content\/uploads\/2026\/08\/22eba6df-f85c-4aae-b258-8b5640419d5d_alta-libre-aspect-ratio_default_0_x600y266.jpg\" width=\"1200\" height=\"800\" alt=\"Ted Lasso (Temporada 4) | Prime Video\" class=\"ft-helper-img-rd\" loading=\"lazy\" fetchpriority=\"auto\"\/><\/p>\n<p class=\"ft-helper-fontColor-quaternary ft-helper-fontSize-body-S ft-helper-spacer-t-xxs\">Ted Lasso (Temporada 4) | Prime Video  \/ Prime Video<\/p>\n<p class=\"ft-text\">Pocas series <strong>hab\u00edan dejado una despedida tan cerrada<\/strong>&#8230; y, al mismo tiempo, <strong>tantos espectadores pidiendo una continuaci\u00f3n.<\/strong><\/p>\n<p class=\"ft-text\">Tres a\u00f1os despu\u00e9s de aquel supuesto final, <strong>Ted Lasso<\/strong> vuelve con una cuarta temporada en la que el entrenador interpretado por Jason Sudeikis <strong>afronta un nuevo reto<\/strong>: <strong>ponerse al frente de un equipo de f\u00fatbol femenino<\/strong>. Mantiene el optimismo, las inolvidables pastitas y ese tono tan reconfortante que convirti\u00f3 a la serie en un fen\u00f3meno mundial.<\/p>\n<p>Disfruta del primer mes de suscripci\u00f3n completamente gratis<\/p>\n<p class=\"ft-text\">Si te suscribes a Amazon Prime, no solo podr\u00e1s disfrutar de la entrega r\u00e1pida y gratis de millones de productos y m\u00e1s. Sino que, adem\u00e1s, podr\u00e1s disfrutar de pel\u00edculas y series populares, incluidos t\u00edtulos Amazon Original galardonados. \u00bfLo mejor? El primer mes es gratuito, \u00a1aprovecha!<\/p>\n<p>Rapa (Temporada 3) | Movistar Plus+<img decoding=\"async\" src=\"https:\/\/www.europesays.com\/es\/wp-content\/uploads\/2026\/08\/048ce029-a9a1-4b11-bfac-177ba03ffe5e_alta-libre-aspect-ratio_default_0_x600y266.jpg\" width=\"1200\" height=\"800\" alt=\"Rapa (Temporada 3) | Movistar Plus+\" class=\"ft-helper-img-rd\" loading=\"lazy\" fetchpriority=\"auto\"\/><\/p>\n<p class=\"ft-helper-fontColor-quaternary ft-helper-fontSize-body-S ft-helper-spacer-t-xxs\">Rapa (Temporada 3) | Movistar Plus+  \/ Cortes\u00eda<\/p>\n<p class=\"ft-text\">El<strong> thriller espa\u00f1ol <\/strong>contin\u00faa demostrando que vive uno de sus mejores momentos.<\/p>\n<p class=\"ft-text\"><strong>Rapa regresa con una tercera temporada <\/strong>en la que Maite, sargento de la Guardia Civil, y Tom\u00e1s, un profesor de literatura obsesionado con las novelas polic\u00edacas, vuelven a unir fuerzas para<strong> resolver un nuevo crimen en Galicia<\/strong>.<\/p>\n<p class=\"ft-text\">Una<strong> combinaci\u00f3n de suspense, paisajes espectaculares y personajes muy bien construidos <\/strong>que ha convertido a la serie en una de las producciones espa\u00f1olas mejor valoradas de los \u00faltimos a\u00f1os.<\/p>\n<p>Una tienda para asesinos (Temporada 2) | Disney+<img decoding=\"async\" src=\"https:\/\/www.europesays.com\/es\/wp-content\/uploads\/2026\/08\/4311240f-a496-4d13-9065-d0f1ede07ca0_alta-libre-aspect-ratio_default_0_x600y266.jpg\" width=\"1200\" height=\"800\" alt=\"Una tienda para asesinos (Temporada 2) disponible en Disney +\" class=\"ft-helper-img-rd\" loading=\"lazy\" fetchpriority=\"auto\"\/><\/p>\n<p class=\"ft-helper-fontColor-quaternary ft-helper-fontSize-body-S ft-helper-spacer-t-xxs\">Una tienda para asesinos (Temporada 2) disponible en Disney +  \/ Cortes\u00eda Disney +<\/p>\n<p class=\"ft-text\">Despu\u00e9s de sorprender con su primera entrega, <strong>el thriller coreano regresa con nuevos episodios cargados de acci\u00f3n<\/strong>.<\/p>\n<p class=\"ft-text\">La historia sigue a Jian, una joven que, tras la muerte de su t\u00edo, descubre que ha heredado un misterioso negocio que esconde mucho m\u00e1s de lo que aparenta. Lo que parec\u00eda una simple tienda acaba convirti\u00e9ndose en una carrera por sobrevivir mientras varios desconocidos intentan hacerse con el secreto que su familiar proteg\u00eda.<\/p>\n<p class=\"ft-text\"><strong>Si te engancharon las producciones coreanas cargadas de tensi\u00f3n<\/strong>, esta segunda temporada promete mantener el nivel.<\/p>\n<p>Se tiene que morir mucha gente | Movistar Plus<img decoding=\"async\" src=\"https:\/\/www.europesays.com\/es\/wp-content\/uploads\/2026\/08\/2eaa6a69-e72a-4bac-b13d-3e481c0f35f1_alta-libre-aspect-ratio_default_0_x600y266.jpg\" width=\"1200\" height=\"800\" alt=\"Se tiene que morir mucha gente | Movistar Plus+\" class=\"ft-helper-img-rd\" loading=\"lazy\" fetchpriority=\"auto\"\/><\/p>\n<p class=\"ft-helper-fontColor-quaternary ft-helper-fontSize-body-S ft-helper-spacer-t-xxs\">Se tiene que morir mucha gente | Movistar Plus+  \/ Freepik<\/p>\n<p class=\"ft-text\">No todo en agosto tienen que ser asesinatos, persecuciones o investigaciones imposibles.<\/p>\n<p class=\"ft-text\">Aunque no sea un estreno reciente, <strong>Se tiene que morir mucha gente<\/strong> se ha convertido en una de esas comedias que entran casi sin hacer ruido y terminan siendo el mejor acompa\u00f1amiento para desconectar.<\/p>\n<p class=\"ft-text\">La serie sigue la vida de tres amigas que, tras m\u00e1s de veinte a\u00f1os de relaci\u00f3n, atraviesan diferentes crisis personales que acaban explotando de la forma m\u00e1s divertida e inesperada. Fresca, \u00e1cida y muy cercana, es perfecta para quienes buscan algo ligero sin renunciar a un buen guion.<\/p>\n<p class=\"ft-text\">Las noticias que se publican en la secci\u00f3n\u00a0<a href=\"https:\/\/www.elperiodico.com\/es\/shopping\/\" class=\"ft-link ft-link--decoration\" rel=\"nofollow noopener\" target=\"_blank\">ESNCIAL\u00a0<\/a>sugieren de forma objetiva e independiente productos y servicios que pueden ser de inter\u00e9s para los lectores. Cuando el usuario realiza una compra a trav\u00e9s de los enlaces espec\u00edficos que aparecen en esas noticias,\u00a0<strong>Prensa Ib\u00e9rica\u00a0<\/strong>percibe una comisi\u00f3n.<\/p>\n","protected":false},"excerpt":{"rendered":"Agosto es, por excelencia, el mes del descanso. O, al menos, el de bajar el ritmo. Las vacaciones,&hellip;\n","protected":false},"author":2,"featured_media":698231,"comment_status":"","ping_status":"","sticky":false,"template":"","format":"standard","meta":{"footnotes":""},"categories":[171],"tags":[1060,146,147,25,24,1878,13086,805,23,214],"class_list":["post-698230","post","type-post","status-publish","format-standard","has-post-thumbnail","category-tv","tag-disney","tag-entertainment","tag-entretenimiento","tag-es","tag-espana","tag-movistar-plus","tag-prime-video","tag-series","tag-spain","tag-tv"],"share_on_mastodon":{"url":"https:\/\/pubeurope.com\/@es\/117051360800263583","error":""},"_links":{"self":[{"href":"https:\/\/www.europesays.com\/es\/wp-json\/wp\/v2\/posts\/698230","targetHints":{"allow":["GET"]}}],"collection":[{"href":"https:\/\/www.europesays.com\/es\/wp-json\/wp\/v2\/posts"}],"about":[{"href":"https:\/\/www.europesays.com\/es\/wp-json\/wp\/v2\/types\/post"}],"author":[{"embeddable":true,"href":"https:\/\/www.europesays.com\/es\/wp-json\/wp\/v2\/users\/2"}],"replies":[{"embeddable":true,"href":"https:\/\/www.europesays.com\/es\/wp-json\/wp\/v2\/comments?post=698230"}],"version-history":[{"count":0,"href":"https:\/\/www.europesays.com\/es\/wp-json\/wp\/v2\/posts\/698230\/revisions"}],"wp:featuredmedia":[{"embeddable":true,"href":"https:\/\/www.europesays.com\/es\/wp-json\/wp\/v2\/media\/698231"}],"wp:attachment":[{"href":"https:\/\/www.europesays.com\/es\/wp-json\/wp\/v2\/media?parent=698230"}],"wp:term":[{"taxonomy":"category","embeddable":true,"href":"https:\/\/www.europesays.com\/es\/wp-json\/wp\/v2\/categories?post=698230"},{"taxonomy":"post_tag","embeddable":true,"href":"https:\/\/www.europesays.com\/es\/wp-json\/wp\/v2\/tags?post=698230"}],"curies":[{"name":"wp","href":"https:\/\/api.w.org\/{rel}","templated":true}]}}