{"id":698296,"date":"2026-08-07T01:10:13","date_gmt":"2026-08-07T01:10:13","guid":{"rendered":"https:\/\/www.europesays.com\/es\/698296\/"},"modified":"2026-08-07T01:10:13","modified_gmt":"2026-08-07T01:10:13","slug":"espana-confia-en-albergar-la-final-del-mundial-2030-porque-la-merece","status":"publish","type":"post","link":"https:\/\/www.europesays.com\/es\/698296\/","title":{"rendered":"Espa\u00f1a conf\u00eda en albergar la final del Mundial 2030 porque la &#8216;merece&#8217;"},"content":{"rendered":"\n<p>MADRID\u00a0\u2014\u00a0El gobierno espa\u00f1ol se mantuvo confiado en que la final del Mundial de 2030 se disputar\u00e1 en Espa\u00f1a.<\/p>\n<p>La ministra de Deportes, Milagros Tol\u00f3n, manifest\u00f3, tras un informe seg\u00fan el cual la FIFA supuestamente otorg\u00f3 la final al coanfitri\u00f3n Marruecos, que Espa\u00f1a \u201cmerec\u00eda\u201d albergar el partido por el t\u00edtulo.<\/p>\n<p>\u201cSomos los actuales campeones del mundo en las categor\u00edas masculina y femenina, y Espa\u00f1a y Portugal encabezaron la candidatura para el Mundial de 2030, a la que Marruecos se sum\u00f3 despu\u00e9s. Tenemos muchas ventajas y fortalezas como pa\u00eds\u201d, se\u00f1al\u00f3 a \u00faltima hora del mi\u00e9rcoles Tol\u00f3n a Cadena Ser.<\/p>\n<p>Espa\u00f1a, Portugal y Marruecos son los principales coanfitriones de 2030. Marruecos espera albergar la final en el previsto Estadio Rey Hassan II, con capacidad para 115.000 espectadores, cerca de Casablanca. Espa\u00f1a tiene al menos dos aspirantes: el estadio Santiago Bernab\u00e9u del Real Madrid y el Camp Nou del Barcelona.<\/p>\n<p>La FIFA neg\u00f3 el martes un informe de medios brit\u00e1nicos que suger\u00eda que el presidente Gianni Infantino, en su b\u00fasqueda de apoyo para su presidencia, ofreci\u00f3 a Marruecos la organizaci\u00f3n de la final en 2030.<\/p>\n<p>Un portavoz de la FIFA afirm\u00f3 que es \u201cfalso y enga\u00f1oso afirmar que el presidente de la FIFA haya hecho alguna promesa en relaci\u00f3n con la organizaci\u00f3n de la final del Mundial de la FIFA 2030. La FIFA tomar\u00e1 una decisi\u00f3n a su debido tiempo\u201d.<\/p>\n<p>Tol\u00f3n se\u00f1al\u00f3 que el gobierno espa\u00f1ol estaba \u201csorprendido\u201d por el informe de que la FIFA le dio la final a Marruecos.<\/p>\n<p>\u201cLo m\u00e1s importante es que la FIFA ya lo ha desmentido. Estamos trabajando con la FIFA y nuestra pr\u00f3xima reuni\u00f3n es en septiembre. Han sido muy claros y enf\u00e1ticos al negar esta noticia. Seguiremos trabajando porque queremos, y tiene que ser, que la final del Mundial sea en Espa\u00f1a\u201d, a\u00f1adi\u00f3 Tol\u00f3n. <\/p>\n<p>___<\/p>\n<p>Deportes de AP: <a class=\"link\" href=\"https:\/\/apnews.com\/hub\/deportes\" target=\"_blank\" rel=\"nofollow noopener\">https:\/\/apnews.com\/hub\/deportes<\/a><\/p>\n","protected":false},"excerpt":{"rendered":"MADRID\u00a0\u2014\u00a0El gobierno espa\u00f1ol se mantuvo confiado en que la final del Mundial de 2030 se disputar\u00e1 en Espa\u00f1a.&hellip;\n","protected":false},"author":2,"featured_media":698297,"comment_status":"","ping_status":"","sticky":false,"template":"","format":"standard","meta":{"footnotes":""},"categories":[93],"tags":[125975,168,25,24,1489,14013,1058,582,8803,10666,697,125976,74600,1070,14035,1462,23,167],"class_list":["post-698296","post","type-post","status-publish","format-standard","has-post-thumbnail","category-deportes","tag-coanfitrion-marruecos","tag-deportes","tag-es","tag-espana","tag-espanol","tag-fifa","tag-final","tag-gobierno","tag-informe","tag-masculino","tag-medio","tag-miercoles-tolon","tag-milagros-tolon","tag-mundial","tag-organizacion","tag-portugal","tag-spain","tag-sports"],"share_on_mastodon":{"url":"https:\/\/pubeurope.com\/@es\/117051564191517419","error":""},"_links":{"self":[{"href":"https:\/\/www.europesays.com\/es\/wp-json\/wp\/v2\/posts\/698296","targetHints":{"allow":["GET"]}}],"collection":[{"href":"https:\/\/www.europesays.com\/es\/wp-json\/wp\/v2\/posts"}],"about":[{"href":"https:\/\/www.europesays.com\/es\/wp-json\/wp\/v2\/types\/post"}],"author":[{"embeddable":true,"href":"https:\/\/www.europesays.com\/es\/wp-json\/wp\/v2\/users\/2"}],"replies":[{"embeddable":true,"href":"https:\/\/www.europesays.com\/es\/wp-json\/wp\/v2\/comments?post=698296"}],"version-history":[{"count":0,"href":"https:\/\/www.europesays.com\/es\/wp-json\/wp\/v2\/posts\/698296\/revisions"}],"wp:featuredmedia":[{"embeddable":true,"href":"https:\/\/www.europesays.com\/es\/wp-json\/wp\/v2\/media\/698297"}],"wp:attachment":[{"href":"https:\/\/www.europesays.com\/es\/wp-json\/wp\/v2\/media?parent=698296"}],"wp:term":[{"taxonomy":"category","embeddable":true,"href":"https:\/\/www.europesays.com\/es\/wp-json\/wp\/v2\/categories?post=698296"},{"taxonomy":"post_tag","embeddable":true,"href":"https:\/\/www.europesays.com\/es\/wp-json\/wp\/v2\/tags?post=698296"}],"curies":[{"name":"wp","href":"https:\/\/api.w.org\/{rel}","templated":true}]}}