{"id":698362,"date":"2026-08-07T02:00:13","date_gmt":"2026-08-07T02:00:13","guid":{"rendered":"https:\/\/www.europesays.com\/es\/698362\/"},"modified":"2026-08-07T02:00:13","modified_gmt":"2026-08-07T02:00:13","slug":"grand-theft-auto-vi-estrenara-un-vistazo-extendido-a-traves-de-netflix","status":"publish","type":"post","link":"https:\/\/www.europesays.com\/es\/698362\/","title":{"rendered":"\u201cGrand Theft Auto VI\u201d estrenar\u00e1 un \u201cvistazo extendido\u201d a trav\u00e9s de Netflix"},"content":{"rendered":"<p>      CNN Espa\u00f1ol\u00a0\u2014\u00a0\n    <\/p>\n<p class=\"paragraph inline-placeholder vossi-paragraph\" data-uri=\"es.cms.cnn.com\/_components\/paragraph\/instances\/cmsi87pgj000p27owgsdw8jgh@published\" data-editable=\"text\" data-component-name=\"paragraph\" data-article-gutter=\"true\">\n            Un nuevo adelanto del esperado videojuego \u201cGrand Theft Auto VI\u201d est\u00e1 en camino. Rockstar Games inform\u00f3 que el pr\u00f3ximo 27 de agosto estrenar\u00e1 un \u201cvistazo extendido\u201d del juego a trav\u00e9s de Netflix, como parte de una colaboraci\u00f3n in\u00e9dita con la plataforma de streaming.\n    <\/p>\n<p class=\"paragraph inline-placeholder vossi-paragraph\" data-uri=\"es.cms.cnn.com\/_components\/paragraph\/instances\/cmsi87uxy00013b6rgxdplgue@published\" data-editable=\"text\" data-component-name=\"paragraph\" data-article-gutter=\"true\">\n            En un comunicado, Netflix expres\u00f3 que esta alianza representa \u201cla pr\u00f3xima generaci\u00f3n de narrativa y contenido\u201d que busca desarrollar la compa\u00f1\u00eda. Adem\u00e1s, Brandon Riegg, vicepresidente de Series de No Ficci\u00f3n de Netflix, afirm\u00f3 que la empresa se siente honrada de asociarse con Rockstar Games para presentar este nuevo vistazo a la pr\u00f3xima entrega de la franquicia.\n    <\/p>\n<p class=\"paragraph inline-placeholder vossi-paragraph\" data-uri=\"es.cms.cnn.com\/_components\/paragraph\/instances\/cmsi87uxz00023b6ryf9q96f3@published\" data-editable=\"text\" data-component-name=\"paragraph\" data-article-gutter=\"true\">\n            Seg\u00fan el comunicado de Netflix, el \u201cvistazo extendido\u201d ofrecer\u00e1 un nuevo adelanto de uno de los videojuegos m\u00e1s esperados de los \u00faltimos a\u00f1os y permitir\u00e1 conocer m\u00e1s sobre el t\u00edtulo que, seg\u00fan la compa\u00f1\u00eda, \u201cdefinir\u00e1 la pr\u00f3xima era del entretenimiento\u201d. Sin embargo, no se revelaron m\u00e1s detalles sobre el contenido ni la duraci\u00f3n del video, que se estrenar\u00e1 el 27 de agosto a las 3 p.m. (hora de Miami).\n    <\/p>\n<p class=\"paragraph inline-placeholder vossi-paragraph\" data-uri=\"es.cms.cnn.com\/_components\/paragraph\/instances\/cmsi87uxz00033b6r417gdec2@published\" data-editable=\"text\" data-component-name=\"paragraph\" data-article-gutter=\"true\">\n            Adem\u00e1s, Rockstar Games comparti\u00f3 en sus redes sociales un breve video promocional en el que aparecen Jason y Luc\u00eda, los protagonistas de la historia, ambientada en Vice City, una ciudad inspirada en Miami.\n    <\/p>\n<blockquote class=\"instagram__post\">\n<blockquote class=\"instagram-media\" data-instgrm-permalink=\"https:\/\/www.instagram.com\/reel\/Dbsqkosgj3y\/?utm_source=ig_embed&amp;utm_campaign=loading\" data-instgrm-version=\"14\" style=\" background:#FFF; border:0; border-radius:3px; box-shadow:0 0 1px 0 rgba(0,0,0,0.5),0 1px 10px 0 rgba(0,0,0,0.15); margin: 1px; max-width:658px; min-width:326px; padding:0; width:99.375%; width:-webkit-calc(100% - 2px); width:calc(100% - 2px);\"\/>\n<\/blockquote>\n<p class=\"paragraph inline-placeholder vossi-paragraph\" data-uri=\"es.cms.cnn.com\/_components\/paragraph\/instances\/cmsi87uxz00043b6rer6ci4kz@published\" data-editable=\"text\" data-component-name=\"paragraph\" data-article-gutter=\"true\">\n            Tras el anuncio, las publicaciones comenzaron a llenarse de comentarios de usuarios que expresaban su molestia por la necesidad de contar con una suscripci\u00f3n a Netflix para ver el nuevo adelanto. Poco despu\u00e9s, Rockstar Games aclar\u00f3 que el video tambi\u00e9n estar\u00e1 disponible en su canal oficial de YouTube ese mismo 27 de agosto, aunque reci\u00e9n a las 9 p.m. (hora de Miami).\n    <\/p>\n<p class=\"paragraph inline-placeholder vossi-paragraph\" data-uri=\"es.cms.cnn.com\/_components\/paragraph\/instances\/cmsi87uxz00053b6rzv0ylzsu@published\" data-editable=\"text\" data-component-name=\"paragraph\" data-article-gutter=\"true\">\n            \u201cGrand Theft Auto VI\u201d estar\u00e1 disponible para PlayStation 5 y Xbox Series X|S el pr\u00f3ximo 19 de noviembre.\n    <\/p>\n<p>              <script async src=\"\/\/www.instagram.com\/embed.js\"><\/script><\/p>\n","protected":false},"excerpt":{"rendered":"CNN Espa\u00f1ol\u00a0\u2014\u00a0 Un nuevo adelanto del esperado videojuego \u201cGrand Theft Auto VI\u201d est\u00e1 en camino. Rockstar Games inform\u00f3&hellip;\n","protected":false},"author":2,"featured_media":698363,"comment_status":"","ping_status":"","sticky":false,"template":"","format":"standard","meta":{"footnotes":""},"categories":[81],"tags":[119,123,124,25,24,17779,1101,75674,152,117,121,122,23,118,120,132],"class_list":["post-698362","post","type-post","status-publish","format-standard","has-post-thumbnail","category-ciencia-y-tecnologia","tag-ciencia","tag-ciencia-y-tecnologia","tag-cienciaytecnologia","tag-es","tag-espana","tag-grand-theft-auto-vi","tag-gta","tag-gta-vi","tag-netflix","tag-science","tag-science-and-technology","tag-scienceandtechnology","tag-spain","tag-technology","tag-tecnologia","tag-videojuegos"],"share_on_mastodon":{"url":"https:\/\/pubeurope.com\/@es\/117051760590004032","error":""},"_links":{"self":[{"href":"https:\/\/www.europesays.com\/es\/wp-json\/wp\/v2\/posts\/698362","targetHints":{"allow":["GET"]}}],"collection":[{"href":"https:\/\/www.europesays.com\/es\/wp-json\/wp\/v2\/posts"}],"about":[{"href":"https:\/\/www.europesays.com\/es\/wp-json\/wp\/v2\/types\/post"}],"author":[{"embeddable":true,"href":"https:\/\/www.europesays.com\/es\/wp-json\/wp\/v2\/users\/2"}],"replies":[{"embeddable":true,"href":"https:\/\/www.europesays.com\/es\/wp-json\/wp\/v2\/comments?post=698362"}],"version-history":[{"count":0,"href":"https:\/\/www.europesays.com\/es\/wp-json\/wp\/v2\/posts\/698362\/revisions"}],"wp:featuredmedia":[{"embeddable":true,"href":"https:\/\/www.europesays.com\/es\/wp-json\/wp\/v2\/media\/698363"}],"wp:attachment":[{"href":"https:\/\/www.europesays.com\/es\/wp-json\/wp\/v2\/media?parent=698362"}],"wp:term":[{"taxonomy":"category","embeddable":true,"href":"https:\/\/www.europesays.com\/es\/wp-json\/wp\/v2\/categories?post=698362"},{"taxonomy":"post_tag","embeddable":true,"href":"https:\/\/www.europesays.com\/es\/wp-json\/wp\/v2\/tags?post=698362"}],"curies":[{"name":"wp","href":"https:\/\/api.w.org\/{rel}","templated":true}]}}