{"id":698967,"date":"2026-08-07T10:08:20","date_gmt":"2026-08-07T10:08:20","guid":{"rendered":"https:\/\/www.europesays.com\/es\/698967\/"},"modified":"2026-08-07T10:08:20","modified_gmt":"2026-08-07T10:08:20","slug":"ya-hay-fechas-y-horas-para-los-nuevos-episodios-de-poketoon-por-el-30o-aniversario-de-pokemon","status":"publish","type":"post","link":"https:\/\/www.europesays.com\/es\/698967\/","title":{"rendered":"Ya hay fechas y horas para los nuevos episodios de Pok\u00e9toon por el 30\u00ba aniversario de Pok\u00e9mon"},"content":{"rendered":"<p>                Hace <strong>47 minutos<\/strong>            <\/p>\n<p>                    Actualizado hace <strong>31 minutos<\/strong>                <\/p>\n<p><strong>\u00a1Hoy tenemos noticias de esta serie!<\/strong>\u00a0Nos llegan novedades sobre el regreso de\u00a0<a href=\"https:\/\/www.nintenderos.com\/2022\/08\/the-pokemon-company-sube-todos-los-episodios-de-poketoon-a-youtube\/\" rel=\"nofollow noopener\" target=\"_blank\">Pok\u00e9toon<\/a>.<\/p>\n<p>Esta serie de cortos animados regres\u00f3 con su segunda temporada hace un tiempo. Ya compartimos con vosotros\u00a0<a href=\"https:\/\/www.nintenderos.com\/2024\/11\/todos-los-capitulos-de-la-segunda-temporada-de-poketoon\/\" rel=\"nofollow noopener\" target=\"_blank\">el recopilatorio de todos los episodios de esta segunda temporada<\/a>, y tambi\u00e9n\u00a0<a href=\"https:\/\/www.nintenderos.com\/2024\/11\/poketoon-publicado-el-episodio-final-de-esta-temporada-y-recopilatorio-de-todos-los-anteriores\/\" rel=\"nofollow noopener\" target=\"_blank\">el final<\/a>. Luego la serie\u00a0<a href=\"https:\/\/www.nintenderos.com\/2025\/02\/poketoon-regresa-con-un-nuevo-episodio-de-murkrow-y-otra-animacion-pokemon-de-cramorant-y-arrokuda\/\" rel=\"nofollow noopener\" target=\"_blank\">regres\u00f3 con un episodio extra<\/a>\u00a0y ahora <a href=\"https:\/\/www.nintenderos.com\/2026\/07\/poketoon-anuncia-nuevos-episodios-para-celebrar-el-30o-aniversario-de-pokemon\/\" rel=\"nofollow noopener\" target=\"_blank\">se ha confirmado<\/a> que, como parte de las celebraciones por el\u00a0<strong data-start=\"39\" data-end=\"70\">30\u00ba aniversario de Pok\u00e9mon<\/strong>, tendremos el estreno de\u00a0<strong data-start=\"103\" data-end=\"139\">dos nuevos episodios de Pok\u00e9toon<\/strong>.<\/p>\n<p>Uno de ellos estar\u00e1 protagonizado por\u00a0<strong data-start=\"179\" data-end=\"192\">Wartortle<\/strong>, mientras que el otro se centrar\u00e1 en\u00a0<strong data-start=\"230\" data-end=\"257\">Mabosstiff y Whimsicott<\/strong>. Hoy se han desvelado sus fechas:<\/p>\n<p>            <a class=\"c-post-inline-related__card\" href=\"https:\/\/www.nintenderos.com\/2026\/08\/ver-online-ataque-a-los-titanes-guia-completa\/\" rel=\"related nofollow noopener\" target=\"_blank\"><\/p>\n<p>                <img decoding=\"async\" class=\"c-post-inline-related__thumb-img\" loading=\"lazy\" width=\"100\" height=\"100\" src=\"https:\/\/www.europesays.com\/es\/wp-content\/uploads\/2026\/08\/titan_26683.nphd_-160x160.jpg\" alt=\"Ver online Ataque a los Titanes: Gu\u00eda completa\"\/><\/p>\n<p>            Ver online Ataque a los Titanes: Gu\u00eda completa<br \/>\n        <\/a><br \/>\n            <a class=\"c-post-inline-related__card\" href=\"https:\/\/www.nintenderos.com\/2026\/08\/ver-jujutsu-kaisen-online-guia-completa-para-ver-el-anime-en-espanol-y-sin-cortes\/\" rel=\"related nofollow noopener\" target=\"_blank\"><\/p>\n<p>                <img decoding=\"async\" class=\"c-post-inline-related__thumb-img\" loading=\"lazy\" width=\"100\" height=\"100\" src=\"https:\/\/www.europesays.com\/es\/wp-content\/uploads\/2026\/08\/Jujutsu-Kaisen-160x160.jpg\" alt=\"Ver Jujutsu Kaisen online: Gu\u00eda completa para ver el anime en espa\u00f1ol y sin cortes\"\/><\/p>\n<p>            Ver Jujutsu Kaisen online: Gu\u00eda completa para ver el anime en espa\u00f1ol y sin cortes<br \/>\n        <\/a><\/p>\n<ul>\n<li data-section-id=\"1udqzs9\" data-start=\"0\" data-end=\"147\">Los dos pr\u00f3ximos episodios de <strong data-start=\"32\" data-end=\"44\">Pok\u00e9Toon<\/strong> ya tienen fecha de estreno y se emitir\u00e1n como <strong data-start=\"91\" data-end=\"146\">premieres en el canal oficial de Pok\u00e9mon en YouTube<\/strong>.\n<ul>\n<li data-section-id=\"o146cz\" data-start=\"148\" data-end=\"240\"><strong data-start=\"150\" data-end=\"204\" data-is-only-node=\"\">Episodio 1: Wartortle &amp; The Continuation of Summer<\/strong> \u2014 12 de agosto a las <strong data-start=\"226\" data-end=\"239\">13:00 UTC<\/strong>.<\/li>\n<li data-section-id=\"1okxfp3\" data-start=\"241\" data-end=\"337\" data-is-last-node=\"\"><strong data-start=\"243\" data-end=\"301\" data-is-only-node=\"\">Episodio 2: Prankster Whimsicott and Backup Mabosstiff<\/strong> \u2014 19 de agosto a las <strong data-start=\"323\" data-end=\"336\">13:00 UTC<\/strong>.<\/li>\n<\/ul>\n<\/li>\n<\/ul>\n<p><img decoding=\"async\" class=\"aligncenter\" src=\"https:\/\/www.europesays.com\/es\/wp-content\/uploads\/2026\/08\/HPGEJhHWYAEy2Tq.png\" alt=\"Imagen\"\/><\/p>\n<p>\u00bfQu\u00e9 os ha parecido este episodio de Pok\u00e9toon? No dud\u00e9is en compartir vuestra opini\u00f3n en los comentarios.\u00a0Pod\u00e9is consultar adem\u00e1s\u00a0<a class=\"c-link c-message_attachment__title_link\" href=\"https:\/\/www.nintenderos.com\/2023\/08\/todos-juegos-pokemon-nintendo-switch-2023\/\" target=\"_blank\" rel=\"noopener noreferrer nofollow\" data-qa=\"message_attachment_title_link\">todos los juegos de Pok\u00e9mon para Nintendo Switch<\/a>.\u00a0Tambi\u00e9n puedes consultar en la web\u00a0<a class=\"c-link c-message_attachment__title_link\" href=\"https:\/\/www.nintenderos.com\/2023\/06\/mejores-juegos-pokemon-historia\/\" data-qa=\"message_attachment_title_link\" rel=\"nofollow noopener\" target=\"_blank\">los mejores juegos de Pok\u00e9mon de la historia<\/a>.<\/p>\n<p><a class=\"external\" href=\"https:\/\/www.serebii.net\/\" rel=\"nofollow noopener\" target=\"_blank\">V\u00eda<\/a>.<\/p>\n<p class=\"c-gfollow-inline__title\">M\u00e1rcanos como fuente en Google<\/p>\n<p class=\"c-gfollow-inline__sub\">Ent\u00e9rate de las \u00faltimas noticias y ofertas de Nintendo antes que nadie<\/p>\n<p>        S\u00edguenos en Google<\/p>\n<p>    <a class=\"c-post-author__avatar\" href=\"https:\/\/www.nintenderos.com\/author\/albertomilln\/\" rel=\"nofollow noopener\" target=\"_blank\"><br \/>\n        <img loading=\"lazy\" alt=\"\" src=\"https:\/\/www.europesays.com\/es\/wp-content\/uploads\/2026\/08\/1786097300_946_614af94849378-bpfull.png\"  class=\"avatar avatar-96 photo c-post-author__avatar-img\" height=\"96\" width=\"96\" decoding=\"async\"\/>    <\/a><\/p>\n<p>            <a href=\"https:\/\/www.nintenderos.com\/author\/albertomilln\/\" rel=\"nofollow noopener\" target=\"_blank\">Alberto Mill\u00e1n<\/a><\/p>\n<p class=\"c-post-author__charge\">Director<\/p>\n<p class=\"c-post-author__bio\">A\u00fan jugando a Breath of the Wild. Puedes seguirme en Twitter o Instagram en los iconos de arriba.<\/p>\n","protected":false},"excerpt":{"rendered":"Hace 47 minutos Actualizado hace 31 minutos \u00a1Hoy tenemos noticias de esta serie!\u00a0Nos llegan novedades sobre el regreso&hellip;\n","protected":false},"author":2,"featured_media":698968,"comment_status":"","ping_status":"","sticky":false,"template":"","format":"standard","meta":{"footnotes":""},"categories":[171],"tags":[146,147,25,24,934,126044,23,214],"class_list":["post-698967","post","type-post","status-publish","format-standard","has-post-thumbnail","category-tv","tag-entertainment","tag-entretenimiento","tag-es","tag-espana","tag-pokemon","tag-poketoon","tag-spain","tag-tv"],"share_on_mastodon":{"url":"https:\/\/pubeurope.com\/@es\/117053681239885422","error":""},"_links":{"self":[{"href":"https:\/\/www.europesays.com\/es\/wp-json\/wp\/v2\/posts\/698967","targetHints":{"allow":["GET"]}}],"collection":[{"href":"https:\/\/www.europesays.com\/es\/wp-json\/wp\/v2\/posts"}],"about":[{"href":"https:\/\/www.europesays.com\/es\/wp-json\/wp\/v2\/types\/post"}],"author":[{"embeddable":true,"href":"https:\/\/www.europesays.com\/es\/wp-json\/wp\/v2\/users\/2"}],"replies":[{"embeddable":true,"href":"https:\/\/www.europesays.com\/es\/wp-json\/wp\/v2\/comments?post=698967"}],"version-history":[{"count":0,"href":"https:\/\/www.europesays.com\/es\/wp-json\/wp\/v2\/posts\/698967\/revisions"}],"wp:featuredmedia":[{"embeddable":true,"href":"https:\/\/www.europesays.com\/es\/wp-json\/wp\/v2\/media\/698968"}],"wp:attachment":[{"href":"https:\/\/www.europesays.com\/es\/wp-json\/wp\/v2\/media?parent=698967"}],"wp:term":[{"taxonomy":"category","embeddable":true,"href":"https:\/\/www.europesays.com\/es\/wp-json\/wp\/v2\/categories?post=698967"},{"taxonomy":"post_tag","embeddable":true,"href":"https:\/\/www.europesays.com\/es\/wp-json\/wp\/v2\/tags?post=698967"}],"curies":[{"name":"wp","href":"https:\/\/api.w.org\/{rel}","templated":true}]}}