{"id":699009,"date":"2026-08-07T10:38:19","date_gmt":"2026-08-07T10:38:19","guid":{"rendered":"https:\/\/www.europesays.com\/es\/699009\/"},"modified":"2026-08-07T10:38:19","modified_gmt":"2026-08-07T10:38:19","slug":"bugatti-destrier-molsheim-transforma-el-bolide-en-una-escultura-sobre-ruedas-conducible-en-carretera","status":"publish","type":"post","link":"https:\/\/www.europesays.com\/es\/699009\/","title":{"rendered":"Bugatti Destrier: Molsheim transforma el Bolide en una escultura sobre ruedas conducible en carretera"},"content":{"rendered":"<p data-journey-content=\"true\" data-node-id=\"4\" class=\"css-1ood0zq emevuu60\">Aunque se han cumplido ya m\u00e1s de 2 a\u00f1os desde que <strong data-node-id=\"4.1\">Bugatti<\/strong> presentara su hypercar de nueva generaci\u00f3n, el <a href=\"https:\/\/www.caranddriver.com\/es\/coches\/planeta-motor\/a61200856\/bugatti-tourbillon\/\" target=\"_blank\" data-vars-ga-outbound-link=\"https:\/\/www.caranddriver.com\/es\/coches\/planeta-motor\/a61200856\/bugatti-tourbillon\/\" data-vars-ga-ux-element=\"Hyperlink\" data-vars-ga-call-to-action=\"Bugatti Tourbillon\" data-node-id=\"4.3\" class=\"body-link css-1jjwy84 emevuu60\" rel=\"nofollow noopener\">Bugatti Tourbillon<\/a>, la firma de Molsheim ha seguido hasta el d\u00eda de hoy lanzando versiones especiales basadas en el Chiron, incluyendo los <a href=\"https:\/\/www.caranddriver.com\/es\/pruebas-coches\/a65591248\/bugatti-mistral-prueba\/\" target=\"_blank\" data-vars-ga-outbound-link=\"https:\/\/www.caranddriver.com\/es\/pruebas-coches\/a65591248\/bugatti-mistral-prueba\/\" data-vars-ga-ux-element=\"Hyperlink\" data-vars-ga-call-to-action=\"Mistral\" data-node-id=\"4.5\" class=\"body-link css-1jjwy84 emevuu60\" rel=\"nofollow noopener\">Mistral<\/a> y <a href=\"https:\/\/www.caranddriver.com\/es\/pruebas-coches\/a71304043\/bugatti-bolide-test\/\" target=\"_blank\" data-vars-ga-outbound-link=\"https:\/\/www.caranddriver.com\/es\/pruebas-coches\/a71304043\/bugatti-bolide-test\/\" data-vars-ga-ux-element=\"Hyperlink\" data-vars-ga-call-to-action=\"Bolide\" data-node-id=\"4.7\" class=\"body-link css-1jjwy84 emevuu60\" rel=\"nofollow noopener\">Bolide<\/a> que ofrecen un <strong data-node-id=\"4.9\">tiempo de descuento al prodigioso W16<\/strong>. A cada cual m\u00e1s exclusiva y espectacular que la anterior. Y es que la aparici\u00f3n del <strong data-node-id=\"4.11\">programa Solitaire<\/strong> y esa filosof\u00eda de los carroceros de principios del siglo XX ha elevado las posibilidades dentro de la marca para sus clientes, siempre que puedan permit\u00edrselo. <\/p>\n<p data-journey-content=\"true\" data-node-id=\"10\" class=\"css-1ood0zq emevuu60\">Y aunque el <a href=\"https:\/\/www.caranddriver.com\/es\/coches\/novedades\/a70511997\/bugatti-w16-mistral-la-perle-rare\/\" target=\"_blank\" data-vars-ga-outbound-link=\"https:\/\/www.caranddriver.com\/es\/coches\/novedades\/a70511997\/bugatti-w16-mistral-la-perle-rare\/\" data-vars-ga-ux-element=\"Hyperlink\" data-vars-ga-call-to-action=\"Mistral &#039;La Perle Rare&#039;\" data-node-id=\"10.1\" class=\"body-link css-1jjwy84 emevuu60\" rel=\"nofollow noopener\">Mistral &#8216;La Perle Rare&#8217;<\/a> o especialmente el <a href=\"https:\/\/www.caranddriver.com\/es\/coches\/novedades\/a65626558\/bugatti-brouillard\/\" target=\"_blank\" data-vars-ga-outbound-link=\"https:\/\/www.caranddriver.com\/es\/coches\/novedades\/a65626558\/bugatti-brouillard\/\" data-vars-ga-ux-element=\"Hyperlink\" data-vars-ga-call-to-action=\"Brouillard\" data-node-id=\"10.3\" class=\"body-link css-1jjwy84 emevuu60\" rel=\"nofollow noopener\">Brouillard<\/a> y el brillante homenaje al Veyron con el <a href=\"https:\/\/www.caranddriver.com\/es\/coches\/novedades\/a70089695\/bugatti-fkp-hommage-veyron\/\" target=\"_blank\" data-vars-ga-outbound-link=\"https:\/\/www.caranddriver.com\/es\/coches\/novedades\/a70089695\/bugatti-fkp-hommage-veyron\/\" data-vars-ga-ux-element=\"Hyperlink\" data-vars-ga-call-to-action=\"Bugatti F.K.P Hommage\" data-node-id=\"10.5\" class=\"body-link css-1jjwy84 emevuu60\" rel=\"nofollow noopener\">Bugatti F.K.P Hommage<\/a> son obras realmente especiales, en mi opini\u00f3n Bugatti ha vuelto a superarse con su \u00faltima obra. Se llama <strong data-node-id=\"10.7\">Bugatti Destrier<\/strong>, y es el resultado de <strong data-node-id=\"10.9\">coger un <a href=\"https:\/\/www.caranddriver.com\/es\/coches\/planeta-motor\/a37307810\/bugatti-bolide-produccion\/\" target=\"_blank\" data-vars-ga-outbound-link=\"https:\/\/www.caranddriver.com\/es\/coches\/planeta-motor\/a37307810\/bugatti-bolide-produccion\/\" data-vars-ga-ux-element=\"Hyperlink\" data-vars-ga-call-to-action=\"Bugatti Bolide\" data-node-id=\"10.9.1\" class=\"body-link css-1jjwy84 emevuu60\" rel=\"nofollow noopener\">Bugatti Bolide<\/a>, el famoso modelo track-only de la marca, ponerle matr\u00edcula y sacarlo del circuito, creando por el camino uno de los Bugatti m\u00e1s bonitos de los \u00faltimos tiempos<\/strong> que su afortunado y acaudalado propietario podr\u00e1 disfrutar tambi\u00e9n en carretera abierta.<\/p>\n<p><img draggable=\"true\" alt=\"bugatti destrier\" title=\"Bugatti Destrier\" loading=\"lazy\" width=\"4000\" height=\"2500\" decoding=\"async\" data-nimg=\"1\" style=\"color:transparent;width:100%;height:auto;\"   src=\"https:\/\/www.europesays.com\/es\/wp-content\/uploads\/2026\/08\/6583e940-4e92-41db-bbd6-a256dd467628.jpg\" class=\"css-0 e1ddfba50\"\/><\/p>\n<p>Bugatti\/\/Car and Driver<\/p>\n<p>Caracter\u00edsticas del Bugatti Destrier<\/p>\n<p data-journey-content=\"true\" data-node-id=\"16\" class=\"css-1ood0zq emevuu60\">Esa adaptaci\u00f3n de un coche hecho exclusivamente para circuito en un hypercar apto para la carretera es un laborioso esfuerzo que hemos visto antes en otras marcas y sobre todo en preparadores. Pero nunca en Bugatti. Y <strong data-node-id=\"16.1\">lejos de limitarse a realizar los cambios justos para homologarlo y ponerle una matr\u00edcula, lo que ha creado Bugatti con este Destrier es una carrocer\u00eda muy cambiada y elaborada<\/strong> que deja una combinaci\u00f3n de estilo retro con su parrilla delantera m\u00e1s ancha, faros redondeados y l\u00edneas musculosas pero elegantes con la silueta de un hypercar de circuito. <\/p>\n<p><img draggable=\"true\" alt=\"bugatti destrier\" title=\"Bugatti Destrier\" loading=\"lazy\" width=\"4000\" height=\"2500\" decoding=\"async\" data-nimg=\"1\" style=\"color:transparent;width:100%;height:auto;\"   src=\"https:\/\/www.europesays.com\/es\/wp-content\/uploads\/2026\/08\/7faa9901-9c83-47ce-8307-b8bb7e248ddf.jpg\" class=\"css-0 e1ddfba50\"\/><\/p>\n<p>Bugatti\/\/Car and Driver<\/p>\n<p><img draggable=\"true\" alt=\"bugatti destrier\" title=\"Bugatti Destrier\" loading=\"lazy\" width=\"4000\" height=\"2500\" decoding=\"async\" data-nimg=\"1\" style=\"color:transparent;width:100%;height:auto;\"   src=\"https:\/\/www.europesays.com\/es\/wp-content\/uploads\/2026\/08\/f845ed4b-68b9-4c65-b791-4c6a85bf8668.jpg\" class=\"css-0 e1ddfba50\"\/><\/p>\n<p>Bugatti\/\/Car and Driver<\/p>\n<p data-journey-content=\"true\" data-node-id=\"22\" class=\"css-1ood0zq emevuu60\">As\u00ed mantiene una generosa entrada de aire en el techo, un aler\u00f3n trasero brillantemente implementado en las nuevas l\u00edneas del coche y, por supuesto, la famosa cu\u00e1druple salida de escape del Bolide en dos pares verticales, de lo poco que evidencia su origen. Las llantas del Bolide de 18 pulgadas, pasan ahora a un nuevo dise\u00f1o de 20 y 21 pulgadas.<\/p>\n<blockquote data-theme-key=\"pullquote\" data-pullquote-align=\"center\" class=\"css-ed1ixo e1f76l351\">\n<blockquote class=\"css-fetnbk e1f76l350\"><p>El Destrier es el resultado de primar el dise\u00f1o en las extremas proporciones de un Bolide<\/p><\/blockquote>\n<\/blockquote>\n<p data-journey-content=\"true\" data-node-id=\"27\" class=\"css-1ood0zq emevuu60\">\u00abEl Destrier no es un coche que se entienda con la cabeza, sino que se siente con el coraz\u00f3n. <strong data-node-id=\"27.1\">El Bolide nos brind\u00f3 las proporciones m\u00e1s extremas que jam\u00e1s hayamos creado, y al liberarlas de la incesante b\u00fasqueda de carga aerodin\u00e1mica del Bolide, les permitimos expresarse como una escultura pura<\/strong>\u00ab, explica Frank Heyl, director de Dise\u00f1o de Bugatti. \u00abAs\u00ed como el chasis Type 57 le dio al mundo un ganador de Le Mans y el Atlantic, una misma plataforma ha producido ahora dos obras maestras completamente diferentes. Creo que el Destrier seguir\u00e1 deslumbrando en los concursos de elegancia dentro de 50 a\u00f1os\u00bb.<\/p>\n<p><img draggable=\"true\" alt=\"bugatti destrier\" title=\"Bugatti Destrier\" loading=\"lazy\" width=\"4000\" height=\"2500\" decoding=\"async\" data-nimg=\"1\" style=\"color:transparent;width:100%;height:auto;\"   src=\"https:\/\/www.europesays.com\/es\/wp-content\/uploads\/2026\/08\/e1e9cfa9-8582-4a95-85a0-d2c1bd5e9e4d.jpg\" class=\"css-0 e1ddfba50\"\/><\/p>\n<p>Bugatti\/\/Car and Driver<\/p>\n<p data-journey-content=\"true\" data-node-id=\"32\" class=\"css-1ood0zq emevuu60\">Otra genialidad de este dise\u00f1o es su <strong data-node-id=\"32.1\">exclusiva pintura multicapa \u00abSapphire Celeste\u00bb<\/strong>. Bugatti explica que ofrece un brillo inspirado en el diamante, que realza las esculturales formas de la carrocer\u00eda. Combinados con los diversos elementos en aluminio, ofrecen un contraste y un nivel de elegancia que recuerda, por supuesto, al m\u00edtico Type 57SC Atlantic, que antes de ser pintado de negro luc\u00eda un color azul. <\/p>\n<p data-journey-content=\"true\" data-node-id=\"36\" class=\"css-1ood0zq emevuu60\">Bugatti deja tan claro el <strong data-node-id=\"36.1\">predominio del dise\u00f1o sobre el rendimiento<\/strong> en este coche que solamente ha dejado la fibra de carbono sin pintar en el splitter delantero y el difusor trasero.<\/p>\n<p><img draggable=\"true\" alt=\"bugatti destrier\" title=\"Bugatti Destrier\" loading=\"lazy\" width=\"4000\" height=\"2500\" decoding=\"async\" data-nimg=\"1\" style=\"color:transparent;width:100%;height:auto;\"   src=\"https:\/\/www.europesays.com\/es\/wp-content\/uploads\/2026\/08\/c33a48cf-df7f-4392-b1a1-10116d830d4e.jpg\" class=\"css-0 e1ddfba50\"\/><\/p>\n<p>Bugatti\/\/Car and Driver<\/p>\n<p>El interior del Bugatti Destrier: Sastrer\u00eda de primer nivel<\/p>\n<p data-journey-content=\"true\" data-node-id=\"42\" class=\"css-1ood0zq emevuu60\">El interior, por supuesto, no se iba a quedar atr\u00e1s en esfuerzos de la mano de Solitaire para crear una obra \u00fanica. Aqu\u00ed el <strong data-node-id=\"42.1\">volante de coche de circuito<\/strong> a\u00fan presente se combina con un <strong data-node-id=\"42.3\">ambiente mucho m\u00e1s c\u00e1lido y cuidado, seg\u00fan la marca, inspirado en un taller de sastrer\u00eda<\/strong>. <\/p>\n<p><img draggable=\"true\" alt=\"bugatti destrier\" title=\"Bugatti Destrier\" loading=\"lazy\" width=\"3840\" height=\"2160\" decoding=\"async\" data-nimg=\"1\" style=\"color:transparent;width:100%;height:auto;\"   src=\"https:\/\/www.europesays.com\/es\/wp-content\/uploads\/2026\/08\/bb0faa44-ac55-4f92-a457-5c4e467fddb5.jpg\" class=\"css-0 e1ddfba50\"\/><\/p>\n<p>Bugatti\/\/Car and Driver<\/p>\n<p data-journey-content=\"true\" data-node-id=\"47\" class=\"css-1ood0zq emevuu60\">C<strong data-node-id=\"47.1\">ada material empleado y cada superficie dise\u00f1ada se ha seleccionado pensando en las preferencias de su futuro propietario<\/strong>. Predominan as\u00ed el cuero y el nobuk, ambos acabados en un color \u00abAmbre Voyageur\u00bb, un marr\u00f3n c\u00e1lido que le da un toque tan elegante y cl\u00e1sico como el exterior, y por \u00faltimo un innovador tejido de punto en 3D, \u00abinspirado en t\u00e9cnicas de alta costura y ropa deportiva de alto rendimiento\u00bb. Este bordado act\u00faa como un contraste para resaltar las formas de muchos elementos del coche, junto a elementos en aluminio.<\/p>\n<p><img draggable=\"true\" alt=\"bugatti destrier\" title=\"Bugatti Destrier\" loading=\"lazy\" width=\"3840\" height=\"2160\" decoding=\"async\" data-nimg=\"1\" style=\"color:transparent;width:100%;height:auto;\"   src=\"https:\/\/www.europesays.com\/es\/wp-content\/uploads\/2026\/08\/dc00e14e-35f4-41d3-984f-3baaf11edbaf.jpg\" class=\"css-0 e1ddfba50\"\/><\/p>\n<p>Bugatti\/\/Car and Driver<\/p>\n<p><img draggable=\"true\" alt=\"bugatti destrier\" title=\"Bugatti Destrier\" loading=\"lazy\" width=\"4000\" height=\"2500\" decoding=\"async\" data-nimg=\"1\" style=\"color:transparent;width:100%;height:auto;\"   src=\"https:\/\/www.europesays.com\/es\/wp-content\/uploads\/2026\/08\/28364352-f6b6-4c09-a127-9d3ae59478f3.jpg\" class=\"css-0 e1ddfba50\"\/><\/p>\n<p>Bugatti\/\/Car and Driver<\/p>\n<p data-journey-content=\"true\" data-node-id=\"52\" class=\"css-1ood0zq emevuu60\">Por supuesto, tampoco faltan detalles a Bugatti y sus or\u00edgenes, como una bandera francesa, mientras que el tap\u00f3n del dep\u00f3sito luce el emblema de Destrier junto a un 1\/1 que deja claro que estamos ante un <strong data-node-id=\"52.1\">one-off<\/strong>, un coche \u00fanico.<br data-node-id=\"52.3\"\/><\/p>\n<p data-journey-content=\"true\" data-node-id=\"56\" class=\"css-1ood0zq emevuu60\">En lo mec\u00e1nico, el Bugatti Destrier mantiene la f\u00f3rmula del Bolide con su <strong data-node-id=\"56.1\">motor W16 de 8.0 litros y cuatro turbos<\/strong> que desarrolla un total de <strong data-node-id=\"56.3\">1.600 CV de potencia<\/strong>. Todo ello manteniendo la estructura monocasco de fibra de carbono del Bolide.<\/p>\n<p><img draggable=\"true\" alt=\"bugatti destrier\" title=\"Bugatti Destrier\" loading=\"lazy\" width=\"4000\" height=\"2500\" decoding=\"async\" data-nimg=\"1\" style=\"color:transparent;width:100%;height:auto;\"   src=\"https:\/\/www.europesays.com\/es\/wp-content\/uploads\/2026\/08\/c34da065-f6dd-465b-b640-2044d71ac7c2.jpg\" class=\"css-0 e1ddfba50\"\/><\/p>\n<p>Bugatti\/\/Car and Driver<\/p>\n<p>Precio y lanzamiento del Bugatti Destrier<\/p>\n<p data-journey-content=\"true\" data-node-id=\"62\" class=\"css-1ood0zq emevuu60\">Como suele ser costumbre en deportivos y coches de lujo lanzados por estas fechas, el Bugatti Destrier <strong data-node-id=\"62.1\">se presentar\u00e1 en sociedad en la Monterey Car Week, con el colof\u00f3n final en el Concurso de Elegancia de Pebble Beach el 16 de agosto<\/strong>. <\/p>\n<p data-journey-content=\"true\" data-node-id=\"66\" class=\"css-1ood0zq emevuu60\">Ser\u00e1 as\u00ed la gran estrella de Bugatti en el evento. Su construcci\u00f3n y precio, como suele ser habitual en estas obras one-off de la marca, se mantiene de momento en secreto, pero si tenemos en cuenta que <strong data-node-id=\"66.1\">los Bugatti Bolide normales ya eran uno de los modelos m\u00e1s caros y exclusivos de la marca francesa con un precio de 4 millones de euros en una serie de 40 unidades<\/strong>, este Destrier sin duda apunta a ser uno de <a href=\"https:\/\/www.caranddriver.com\/es\/coches\/planeta-motor\/g37304006\/coches-mas-caros-del-mundo\/\" target=\"_blank\" data-vars-ga-outbound-link=\"https:\/\/www.caranddriver.com\/es\/coches\/planeta-motor\/g37304006\/coches-mas-caros-del-mundo\/\" data-vars-ga-ux-element=\"Hyperlink\" data-vars-ga-call-to-action=\"los coches m\u00e1s caros del mundo\" data-node-id=\"66.3\" class=\"body-link css-1jjwy84 emevuu60\" rel=\"nofollow noopener\">los coches m\u00e1s caros del mundo<\/a>.<\/p>\n<p><img draggable=\"true\" alt=\"bugatti destrier\" title=\"Bugatti Destrier\" loading=\"lazy\" width=\"4000\" height=\"2500\" decoding=\"async\" data-nimg=\"1\" style=\"color:transparent;width:100%;height:auto;\"   src=\"https:\/\/www.europesays.com\/es\/wp-content\/uploads\/2026\/08\/9e46d944-e3e5-40b9-830d-80dd679a0405.jpg\" class=\"css-0 e1ddfba50\"\/><\/p>\n<p>Bugatti\/\/Car and Driver<\/p>\n","protected":false},"excerpt":{"rendered":"Aunque se han cumplido ya m\u00e1s de 2 a\u00f1os desde que Bugatti presentara su hypercar de nueva generaci\u00f3n,&hellip;\n","protected":false},"author":2,"featured_media":699010,"comment_status":"","ping_status":"","sticky":false,"template":"","format":"standard","meta":{"footnotes":""},"categories":[80],"tags":[82,253,95,94,25,24,975,23],"class_list":["post-699009","post","type-post","status-publish","format-standard","has-post-thumbnail","category-economia","tag-business","tag-discover","tag-economia","tag-economy","tag-es","tag-espana","tag-seo","tag-spain"],"share_on_mastodon":{"url":"","error":""},"_links":{"self":[{"href":"https:\/\/www.europesays.com\/es\/wp-json\/wp\/v2\/posts\/699009","targetHints":{"allow":["GET"]}}],"collection":[{"href":"https:\/\/www.europesays.com\/es\/wp-json\/wp\/v2\/posts"}],"about":[{"href":"https:\/\/www.europesays.com\/es\/wp-json\/wp\/v2\/types\/post"}],"author":[{"embeddable":true,"href":"https:\/\/www.europesays.com\/es\/wp-json\/wp\/v2\/users\/2"}],"replies":[{"embeddable":true,"href":"https:\/\/www.europesays.com\/es\/wp-json\/wp\/v2\/comments?post=699009"}],"version-history":[{"count":0,"href":"https:\/\/www.europesays.com\/es\/wp-json\/wp\/v2\/posts\/699009\/revisions"}],"wp:featuredmedia":[{"embeddable":true,"href":"https:\/\/www.europesays.com\/es\/wp-json\/wp\/v2\/media\/699010"}],"wp:attachment":[{"href":"https:\/\/www.europesays.com\/es\/wp-json\/wp\/v2\/media?parent=699009"}],"wp:term":[{"taxonomy":"category","embeddable":true,"href":"https:\/\/www.europesays.com\/es\/wp-json\/wp\/v2\/categories?post=699009"},{"taxonomy":"post_tag","embeddable":true,"href":"https:\/\/www.europesays.com\/es\/wp-json\/wp\/v2\/tags?post=699009"}],"curies":[{"name":"wp","href":"https:\/\/api.w.org\/{rel}","templated":true}]}}