{"id":699055,"date":"2026-08-07T11:15:13","date_gmt":"2026-08-07T11:15:13","guid":{"rendered":"https:\/\/www.europesays.com\/es\/699055\/"},"modified":"2026-08-07T11:15:13","modified_gmt":"2026-08-07T11:15:13","slug":"isis-gayo-expone-66-abstracciones-de-un-eclipse-en-soria-sorianoticias","status":"publish","type":"post","link":"https:\/\/www.europesays.com\/es\/699055\/","title":{"rendered":"Isis Gayo expone &#8217;66 Abstracciones de un Eclipse&#8217; en Soria &#8211; SoriaNoticias"},"content":{"rendered":"<p>El Taller de Arte &#8216;La Casa de la Juana&#8217;, en el C\u00edrculo Amistad Numancia, acoge del 10 al 16 de agosto la exposici\u00f3n &#8217;66 Abstracciones de un Eclipse&#8217; de Isis Gayo. La muestra consta de 66 tablas en t\u00e9cnica mixta que estudian las fases de la luz durante este fen\u00f3meno astron\u00f3mico.<\/p>\n<p class=\"prip\">El Taller de Arte &#8216;La Casa de la Juana&#8217;, ubicado en el C\u00edrculo Amistad Numancia, acoge a partir de este lunes una muestra pict\u00f3rica que analiza las fases lum\u00ednicas de un eclipse. La artista <strong>Isis Gayo<\/strong> presenta una colecci\u00f3n de 66 tablas en t\u00e9cnica mixta que se podr\u00e1 visitar con acceso libre hasta el pr\u00f3ximo 16 de agosto.<\/p>\n<p>La inauguraci\u00f3n oficial de la exposici\u00f3n tendr\u00e1 lugar este lunes 10 de agosto a las 19.00 horas en las instalaciones del taller, situado en la segunda planta del emblem\u00e1tico edificio de la calle El Collado, n\u00famero 23. Tras la apertura, los visitantes podr\u00e1n contemplar la obra en horario de ma\u00f1ana, de 12.00 a 14.00 horas, y de tarde, de 19.00 a 21.00 horas.<\/p>\n<p>La muestra est\u00e1 compuesta por un total de <strong>66 tablas de formato vertical<\/strong>, con unas dimensiones de 40&#215;15 cent\u00edmetros cada una. Para su creaci\u00f3n, Gayo ha empleado una t\u00e9cnica mixta que combina acr\u00edlico, tinta china y posca dorado sobre un soporte de contrachapado de pino.<\/p>\n<p>El estudio de las tres fases de la luz<\/p>\n<p>El proyecto art\u00edstico se estructura como un estudio minucioso de los cambios lum\u00ednicos que acontecen durante un eclipse solar. La colecci\u00f3n se divide de manera equitativa en tres bloques tem\u00e1ticos, con 22 tablas dedicadas a cada una de las fases de la luz:<\/p>\n<ul>\n<li><strong>La luz de antes:<\/strong> Representa el momento en que la Luna nueva busca el encuentro con el Sol, bajo una atm\u00f3sfera de tarde mansa y azul.<\/li>\n<p>&#13;<\/p>\n<li><strong>La luz durante:<\/strong> Plasma el instante del encuentro, cuando cesa la vibraci\u00f3n del astro y llega la noche con el apag\u00f3n solar.<\/li>\n<p>&#13;<\/p>\n<li><strong>La luz despu\u00e9s:<\/strong> Muestra el paso de la Luna y la liberaci\u00f3n de la energ\u00eda enjaulada del Sol en un atardecer.<\/li>\n<p>&#13;\n<\/ul>\n<p>El Taller de Arte &#8216;La Casa de la Juana&#8217;<\/p>\n<p>Esta muestra se enmarca dentro de la actividad de &#8216;La Casa de la Juana&#8217;, el Taller de Arte del C\u00edrculo Amistad Numancia que naci\u00f3 en el a\u00f1o 2022. Este espacio surgi\u00f3 con el prop\u00f3sito de albergar el trabajo creativo de sus cuatro artistas integrantes: <strong>Isis Gayo, Azahara del Campo, Miriam Tello y Cristina Ortega<\/strong>.<\/p>\n<p>Adem\u00e1s de servir como espacio de trabajo, el colectivo busca generar sinergias con la ciudad de Soria y su territorio. Para ello, organizan talleres, encuentros con creadores locales y for\u00e1neos, y colaboraciones con entidades p\u00fablicas y privadas, empleando el arte como un lenguaje de expresi\u00f3n universal.<\/p>\n","protected":false},"excerpt":{"rendered":"El Taller de Arte &#8216;La Casa de la Juana&#8217;, en el C\u00edrculo Amistad Numancia, acoge del 10 al&hellip;\n","protected":false},"author":2,"featured_media":699056,"comment_status":"","ping_status":"","sticky":false,"template":"","format":"standard","meta":{"footnotes":""},"categories":[173],"tags":[4071,229,233,231,230,232,234,21379,146,147,25,24,4806,246,23],"class_list":["post-699055","post","type-post","status-publish","format-standard","has-post-thumbnail","category-arte-y-diseno","tag-agenda","tag-arte","tag-arte-y-diseno","tag-arts","tag-arts-and-design","tag-design","tag-diseno","tag-el-collado","tag-entertainment","tag-entretenimiento","tag-es","tag-espana","tag-eventos","tag-soria","tag-spain"],"share_on_mastodon":{"url":"https:\/\/pubeurope.com\/@es\/117053943173647466","error":""},"_links":{"self":[{"href":"https:\/\/www.europesays.com\/es\/wp-json\/wp\/v2\/posts\/699055","targetHints":{"allow":["GET"]}}],"collection":[{"href":"https:\/\/www.europesays.com\/es\/wp-json\/wp\/v2\/posts"}],"about":[{"href":"https:\/\/www.europesays.com\/es\/wp-json\/wp\/v2\/types\/post"}],"author":[{"embeddable":true,"href":"https:\/\/www.europesays.com\/es\/wp-json\/wp\/v2\/users\/2"}],"replies":[{"embeddable":true,"href":"https:\/\/www.europesays.com\/es\/wp-json\/wp\/v2\/comments?post=699055"}],"version-history":[{"count":0,"href":"https:\/\/www.europesays.com\/es\/wp-json\/wp\/v2\/posts\/699055\/revisions"}],"wp:featuredmedia":[{"embeddable":true,"href":"https:\/\/www.europesays.com\/es\/wp-json\/wp\/v2\/media\/699056"}],"wp:attachment":[{"href":"https:\/\/www.europesays.com\/es\/wp-json\/wp\/v2\/media?parent=699055"}],"wp:term":[{"taxonomy":"category","embeddable":true,"href":"https:\/\/www.europesays.com\/es\/wp-json\/wp\/v2\/categories?post=699055"},{"taxonomy":"post_tag","embeddable":true,"href":"https:\/\/www.europesays.com\/es\/wp-json\/wp\/v2\/tags?post=699055"}],"curies":[{"name":"wp","href":"https:\/\/api.w.org\/{rel}","templated":true}]}}