{"id":699191,"date":"2026-08-07T12:55:14","date_gmt":"2026-08-07T12:55:14","guid":{"rendered":"https:\/\/www.europesays.com\/es\/699191\/"},"modified":"2026-08-07T12:55:14","modified_gmt":"2026-08-07T12:55:14","slug":"la-pelicula-lilo-y-stitch-llega-este-sabado-al-cine-de-verano-de-mostoles","status":"publish","type":"post","link":"https:\/\/www.europesays.com\/es\/699191\/","title":{"rendered":"La pel\u00edcula \u201cLilo y Stitch\u201d llega este s\u00e1bado al Cine de Verano de M\u00f3stoles"},"content":{"rendered":"<ul>\n<li class=\" cmAlignjustify\"><strong>La proyecci\u00f3n tendr\u00e1 lugar el s\u00e1bado 8 de agosto a las 22:00 h, en el parque frente al Zoco de Parque Coimbra.<\/strong><\/li>\n<\/ul>\n<ul>\n<li class=\" cmAlignjustify\"><strong>La pel\u00edcula es una nueva versi\u00f3n en acci\u00f3n real del cl\u00e1sico de animaci\u00f3n de Disney de 2002, \u00abLilo y Stitch\u00bb, que ofrece las aventuras de una ni\u00f1a hawaiana solitaria junto a un extraterrestre fugitivo que adem\u00e1s de su amigo se convertir\u00e1 en su familia.   <\/strong><\/li>\n<\/ul>\n<p class=\"cmParagraph cmAlignjustify\"><img loading=\"lazy\" decoding=\"async\" src=\"https:\/\/www.europesays.com\/es\/wp-content\/uploads\/2026\/08\/1479270-destacada Cine de verano 8 agosto.jpg\" width=\"400\" height=\"225\" alt=\"destacada Cine de verano 8 agosto\"\/>El Ayuntamiento de M\u00f3stoles, a trav\u00e9s de la Concejal\u00eda de Educaci\u00f3n y Cultura, ha programado para este s\u00e1bado 8 de agosto, en el ciclo de Cine de Verano, la pel\u00edcula \u00ab<strong>Lilo y Stitch\u00bb <\/strong>(2025), que se proyectar\u00e1 en el parque El Zoco, situado en la calle del Casta\u00f1o esquina con la calle Eucalipto, junto al Centro Comercial El Zoco de Parque Coimbra. <\/p>\n<p class=\"cmParagraph cmAlignjustify\">Esta pel\u00edcula de Live Action, es decir, un remake de acci\u00f3n real, protagonizada por actores de carne y hueso en lugar de dibujos animados, animaci\u00f3n por computadora o t\u00edteres, es una nueva versi\u00f3n del cl\u00e1sico de animaci\u00f3n de Disney de 2002, \u00abLilo y Stitch\u00bb. <\/p>\n<p class=\"cmParagraph cmAlignjustify\">La trama ofrece acci\u00f3n y aventura, comedia y ciencia ficci\u00f3n, dirigida para todos los p\u00fablicos, que cuenta la historia de amistad entre una ni\u00f1a hawaiana solitaria y un extraterrestre fugitivo que se convierte en m\u00e1s que en un amigo inseparable: en su familia. <\/p>\n<p class=\"cmParagraph cmAlignjustify\">Por otro lado, el pr\u00f3ximo 15 de agosto el ciclo de Cine de Verano se cerrar\u00e1 con \u00abUna pel\u00edcula de Minecraft\u00bb, basada en el exitoso videojuego que recrea este mundo virtual de una curiosa est\u00e9tica geom\u00e9trica tridimensional en forma de cubo.<\/p>\n","protected":false},"excerpt":{"rendered":"La proyecci\u00f3n tendr\u00e1 lugar el s\u00e1bado 8 de agosto a las 22:00 h, en el parque frente al&hellip;\n","protected":false},"author":2,"featured_media":699192,"comment_status":"","ping_status":"","sticky":false,"template":"","format":"standard","meta":{"footnotes":""},"categories":[91],"tags":[1201,6853,1250,6854,777,2800,5509,146,147,25,24,6852,1928,6850,6849,10,4111,6851,23,6855],"class_list":["post-699191","post","type-post","status-publish","format-standard","has-post-thumbnail","category-entretenimiento","tag-alcalde","tag-atencioacuten-ciudadana","tag-ayuntamiento","tag-callejero","tag-ciudad","tag-distritos","tag-empleo","tag-entertainment","tag-entretenimiento","tag-es","tag-espana","tag-inversioacuten","tag-joven","tag-juventud","tag-moacutestoles","tag-noticias","tag-presupuestos","tag-sede-electroacutenica","tag-spain","tag-webs-municipales"],"share_on_mastodon":{"url":"https:\/\/pubeurope.com\/@es\/117054336700173310","error":""},"_links":{"self":[{"href":"https:\/\/www.europesays.com\/es\/wp-json\/wp\/v2\/posts\/699191","targetHints":{"allow":["GET"]}}],"collection":[{"href":"https:\/\/www.europesays.com\/es\/wp-json\/wp\/v2\/posts"}],"about":[{"href":"https:\/\/www.europesays.com\/es\/wp-json\/wp\/v2\/types\/post"}],"author":[{"embeddable":true,"href":"https:\/\/www.europesays.com\/es\/wp-json\/wp\/v2\/users\/2"}],"replies":[{"embeddable":true,"href":"https:\/\/www.europesays.com\/es\/wp-json\/wp\/v2\/comments?post=699191"}],"version-history":[{"count":0,"href":"https:\/\/www.europesays.com\/es\/wp-json\/wp\/v2\/posts\/699191\/revisions"}],"wp:featuredmedia":[{"embeddable":true,"href":"https:\/\/www.europesays.com\/es\/wp-json\/wp\/v2\/media\/699192"}],"wp:attachment":[{"href":"https:\/\/www.europesays.com\/es\/wp-json\/wp\/v2\/media?parent=699191"}],"wp:term":[{"taxonomy":"category","embeddable":true,"href":"https:\/\/www.europesays.com\/es\/wp-json\/wp\/v2\/categories?post=699191"},{"taxonomy":"post_tag","embeddable":true,"href":"https:\/\/www.europesays.com\/es\/wp-json\/wp\/v2\/tags?post=699191"}],"curies":[{"name":"wp","href":"https:\/\/api.w.org\/{rel}","templated":true}]}}