{"id":699453,"date":"2026-08-07T16:05:17","date_gmt":"2026-08-07T16:05:17","guid":{"rendered":"https:\/\/www.europesays.com\/es\/699453\/"},"modified":"2026-08-07T16:05:17","modified_gmt":"2026-08-07T16:05:17","slug":"aqui-no-hay-playa-cancelado-el-playabus-de-logrono","status":"publish","type":"post","link":"https:\/\/www.europesays.com\/es\/699453\/","title":{"rendered":"Aqu\u00ed no hay playa: cancelado el &#8216;playabus&#8217; de Logro\u00f1o"},"content":{"rendered":"<p><a href=\"#\" onclick=\"window.open('https:\/\/www.facebook.com\/sharer.php?u=https:\/\/nuevecuatrouno.com\/2026\/08\/07\/aqui-no-hay-playa-cancelado-el-playabus-de-logrono\/&amp;t=Aqu\u00ed no hay playa: cancelado el \u2018playabus\u2019 de Logro\u00f1o', 'facebookShare', 'width=626,height=436'); return false;\" title=\"Facebook\"><\/p>\n<p>COMPARTE<\/p>\n<p><\/a><br \/>\n<a href=\"#\" onclick=\"window.open('https:\/\/x.com\/share?text=Aqu\u00ed no hay playa: cancelado el \u2018playabus\u2019 de Logro\u00f1o -&amp;url=https:\/\/nuevecuatrouno.com\/2026\/08\/07\/aqui-no-hay-playa-cancelado-el-playabus-de-logrono\/', 'twitterShare', 'width=626,height=436'); return false;\" title=\"X\"><img decoding=\"async\" src=\"https:\/\/www.europesays.com\/es\/wp-content\/uploads\/2026\/08\/1786118716_662_x-twitter-art.png\" style=\"padding-top: 6px;\"\/>POSTEA<\/a><br \/>\n<a href=\"whatsapp:\/\/send?text=Aqu\u00ed no hay playa: cancelado el \u2018playabus\u2019 de Logro\u00f1o https:\/\/nuevecuatrouno.com\/2026\/08\/07\/aqui-no-hay-playa-cancelado-el-playabus-de-logrono\/\" rel=\"nofollow\"><\/p>\n<p>WHATSAPP<\/p>\n<p><\/a><br \/>\n<a href=\"http:\/\/nuevecuatrouno.com\/cdn-cgi\/l\/email-protection#a49bd7d1c6cec1c7d099e5d5d1670984cacb84ccc5dd84d4c8c5ddc59e84c7c5cac7c1c8c5c0cb84c1c88482879c9695929fd4c8c5ddc5c6d1d782879c9695939f84c0c184e8cbc3d6cb6715cb82c5c9d49fe6ebe0fd99661bf5d1670d84d2cdc0c59b84ecc184d2cdd7d0cb84c1d7d0c184c5d6d06709c7d1c8cb84c1ca84cad1c1d2c1c7d1c5d0d6cbd1cacb8ac7cbc984dd84c7d6c1cb84d5d1c184d0c184d4d1c1c0c184cdcad0c1d6c1d7c5d69e84ccd0d0d4d79e8b8bcad1c1d2c1c7d1c5d0d6cbd1cacb8ac7cbc98b969496928b949c8b94938bc5d5d1cd89cacb89ccc5dd89d4c8c5ddc589c7c5cac7c1c8c5c0cb89c1c889d4c8c5ddc5c6d1d789c0c189c8cbc3d6cbcacb8b\" rel=\"nofollow noopener\" target=\"_blank\"><\/p>\n<p>Email<\/p>\n<p><\/a><\/p>\n<p>Los viajes en autob\u00fas entre Logro\u00f1o y varios destinos de playa han quedado cancelados. La suspensi\u00f3n afecta al conocido servicio de \u2018playab\u00fas\u2019, que permite realizar excursiones de ida y vuelta en el mismo d\u00eda desde la capital riojana hasta diferentes localidades de la costa cant\u00e1brica y francesa.<\/p>\n<p>La medida afecta, entre otras, a las salidas organizadas por las agencias Go Travel Tour y Azul Marino, que han cerrado temporalmente la venta de plazas para este servicio. Los usuarios que ya hab\u00edan realizado la inscripci\u00f3n y abonado el viaje est\u00e1n recibiendo el reembolso de las cantidades pagadas.<\/p>\n<p>Entre los desplazamientos cancelados se encuentran los previstos para este viernes 7 de agosto con destino a Castro Urdiales y Biarritz, as\u00ed como los programados para el s\u00e1bado 8 a Zarautz y Santo\u00f1a y para el domingo 9 a Biarritz y San Sebasti\u00e1n.<\/p>\n<p>Por el momento no se han detallado oficialmente las causas concretas de la suspensi\u00f3n. La cancelaci\u00f3n afecta de forma general a los pr\u00f3ximos trayectos previstos y las agencias han dejado de aceptar nuevas reservas mientras se mantiene esta situaci\u00f3n.<\/p>\n<p><img decoding=\"async\" src=\"https:\/\/www.europesays.com\/es\/wp-content\/uploads\/2026\/08\/1786118717_569_cabecera-nuevecuatrouno-2026.png\"\/><\/p>\n","protected":false},"excerpt":{"rendered":"COMPARTE POSTEA WHATSAPP Email Los viajes en autob\u00fas entre Logro\u00f1o y varios destinos de playa han quedado cancelados.&hellip;\n","protected":false},"author":2,"featured_media":699454,"comment_status":"","ping_status":"","sticky":false,"template":"","format":"standard","meta":{"footnotes":""},"categories":[8],"tags":[111568,17,18,25,24,13,14,11,19,20,6173,9,10,15,16,126116,23,12,21,22],"class_list":["post-699453","post","type-post","status-publish","format-standard","has-post-thumbnail","category-espana","tag-apertura-8","tag-breaking-news","tag-breakingnews","tag-es","tag-espana","tag-featured-news","tag-featurednews","tag-headlines","tag-latest-news","tag-latestnews","tag-logrono","tag-news","tag-noticias","tag-noticias-destacadas","tag-noticiasdestacadas","tag-playabus","tag-spain","tag-titulares","tag-ultimas-noticias","tag-ultimasnoticias"],"share_on_mastodon":{"url":"https:\/\/pubeurope.com\/@es\/117055084275002207","error":""},"_links":{"self":[{"href":"https:\/\/www.europesays.com\/es\/wp-json\/wp\/v2\/posts\/699453","targetHints":{"allow":["GET"]}}],"collection":[{"href":"https:\/\/www.europesays.com\/es\/wp-json\/wp\/v2\/posts"}],"about":[{"href":"https:\/\/www.europesays.com\/es\/wp-json\/wp\/v2\/types\/post"}],"author":[{"embeddable":true,"href":"https:\/\/www.europesays.com\/es\/wp-json\/wp\/v2\/users\/2"}],"replies":[{"embeddable":true,"href":"https:\/\/www.europesays.com\/es\/wp-json\/wp\/v2\/comments?post=699453"}],"version-history":[{"count":0,"href":"https:\/\/www.europesays.com\/es\/wp-json\/wp\/v2\/posts\/699453\/revisions"}],"wp:featuredmedia":[{"embeddable":true,"href":"https:\/\/www.europesays.com\/es\/wp-json\/wp\/v2\/media\/699454"}],"wp:attachment":[{"href":"https:\/\/www.europesays.com\/es\/wp-json\/wp\/v2\/media?parent=699453"}],"wp:term":[{"taxonomy":"category","embeddable":true,"href":"https:\/\/www.europesays.com\/es\/wp-json\/wp\/v2\/categories?post=699453"},{"taxonomy":"post_tag","embeddable":true,"href":"https:\/\/www.europesays.com\/es\/wp-json\/wp\/v2\/tags?post=699453"}],"curies":[{"name":"wp","href":"https:\/\/api.w.org\/{rel}","templated":true}]}}