{"id":699491,"date":"2026-08-07T16:34:28","date_gmt":"2026-08-07T16:34:28","guid":{"rendered":"https:\/\/www.europesays.com\/es\/699491\/"},"modified":"2026-08-07T16:34:28","modified_gmt":"2026-08-07T16:34:28","slug":"la-copa-leyendas-sera-un-enfrenamiento-entre-espana-e-italia","status":"publish","type":"post","link":"https:\/\/www.europesays.com\/es\/699491\/","title":{"rendered":"La Copa Leyendas ser\u00e1 un enfrenamiento entre Espa\u00f1a e Italia"},"content":{"rendered":"<p>El Club de Tenis Albacete confirm\u00f3 que la nueva edici\u00f3n de la Copa Leyendas, que hace unos a\u00f1os sustituy\u00f3 al Torneo Internacional Ciudad de Albacete, ser\u00e1 un homenaje para conmemorar los 25 a\u00f1os de la presencia de una eliminatoria de la Copa Davis en nuestra ciudad. Para el deporte albacete\u00f1o qued\u00f3 escrito en su historia aquel enfrentamiento que lleg\u00f3 despu\u00e9s de que en 2000 Espa\u00f1a consiguiera ante Australia su primera Ensaladera. Del 21 al 23 de septiembre, el Club de Tenis cambi\u00f3 su tradicional trofeo por la eliminatoria Espa\u00f1a-Uzbekist\u00e1n, que jugaron por la permanencia en el grupo Mundial.<\/p>\n<p>La fiesta que se vivi\u00f3 en el Club de Tenis no tiene parang\u00f3n, con la instalaci\u00f3n de gradas que hicieron posible que 4.500 personas acudieran al torneo, para el que el grupo de tres capitanes que entonces ten\u00eda Espa\u00f1a hab\u00eda seleccionado a Juan Carlos Ferrero, Carlos Moy\u00e1, \u00c1lex Corretja y Joan Balcells para disputar la eliminatoria, que comenz\u00f3\u00a0con la victoria de Ferrero sobre Ogorodov, por 7-5, 6-2 y 6-4. Acto seguido, Alex Corretja se impuso a Kutsenko por 6-0, 6-2, 6-7 y 6-0, dejando la desigual confrontaci\u00f3n pr\u00e1cticamente sentenciada el primer d\u00eda.\u00a0En un doble pasado por agua, Corretja y Balcells ganaron a Ogorodov y Kutsenko, por 6-7, 6-4, 6-3 y 6-4, consiguiendo el punto definitivo. Con todo decidido, Balcells salt\u00f3 a la pista para redondear el resultado.<\/p>\n<p>Para conmemorar este aniversario, el Club de Tenis Albacete, que celebrar\u00e1 su IV Copa leyendas del Tenis, ha apostado por un formato adaptado al sistema actual de Copa Davis, de dos individuales y un doble decisivo en caso de empate.\u00a0El evento tendr\u00e1 lugar los d\u00edas 26 y 27 de septiembre y ser\u00e1 una confrontaci\u00f3n internacional s\u00e9nior entre Espa\u00f1a e Italia, con leyendas del tenis de ambos pa\u00edses. En los pr\u00f3ximos d\u00edas, el Club de Tenis dar\u00e1 a conocer los componentes de ambos equipos.<\/p>\n","protected":false},"excerpt":{"rendered":"El Club de Tenis Albacete confirm\u00f3 que la nueva edici\u00f3n de la Copa Leyendas, que hace unos a\u00f1os&hellip;\n","protected":false},"author":2,"featured_media":699492,"comment_status":"","ping_status":"","sticky":false,"template":"","format":"standard","meta":{"footnotes":""},"categories":[274],"tags":[2545,4699,1872,13877,168,25,24,628,23,167,327,326],"class_list":["post-699491","post","type-post","status-publish","format-standard","has-post-thumbnail","category-tenis","tag-albacete","tag-australia","tag-carlos-moya","tag-copa-davis","tag-deportes","tag-es","tag-espana","tag-italia","tag-spain","tag-sports","tag-tenis","tag-tennis"],"share_on_mastodon":{"url":"https:\/\/pubeurope.com\/@es\/117055197565183958","error":""},"_links":{"self":[{"href":"https:\/\/www.europesays.com\/es\/wp-json\/wp\/v2\/posts\/699491","targetHints":{"allow":["GET"]}}],"collection":[{"href":"https:\/\/www.europesays.com\/es\/wp-json\/wp\/v2\/posts"}],"about":[{"href":"https:\/\/www.europesays.com\/es\/wp-json\/wp\/v2\/types\/post"}],"author":[{"embeddable":true,"href":"https:\/\/www.europesays.com\/es\/wp-json\/wp\/v2\/users\/2"}],"replies":[{"embeddable":true,"href":"https:\/\/www.europesays.com\/es\/wp-json\/wp\/v2\/comments?post=699491"}],"version-history":[{"count":0,"href":"https:\/\/www.europesays.com\/es\/wp-json\/wp\/v2\/posts\/699491\/revisions"}],"wp:featuredmedia":[{"embeddable":true,"href":"https:\/\/www.europesays.com\/es\/wp-json\/wp\/v2\/media\/699492"}],"wp:attachment":[{"href":"https:\/\/www.europesays.com\/es\/wp-json\/wp\/v2\/media?parent=699491"}],"wp:term":[{"taxonomy":"category","embeddable":true,"href":"https:\/\/www.europesays.com\/es\/wp-json\/wp\/v2\/categories?post=699491"},{"taxonomy":"post_tag","embeddable":true,"href":"https:\/\/www.europesays.com\/es\/wp-json\/wp\/v2\/tags?post=699491"}],"curies":[{"name":"wp","href":"https:\/\/api.w.org\/{rel}","templated":true}]}}