{"id":699575,"date":"2026-08-07T17:37:13","date_gmt":"2026-08-07T17:37:13","guid":{"rendered":"https:\/\/www.europesays.com\/es\/699575\/"},"modified":"2026-08-07T17:37:13","modified_gmt":"2026-08-07T17:37:13","slug":"el-mundial-de-motogp-retoma-la-lucha-por-el-titulo-mas-apretada-del-siglo-xxi-motociclismo-deportes","status":"publish","type":"post","link":"https:\/\/www.europesays.com\/es\/699575\/","title":{"rendered":"El Mundial de MotoGP retoma la lucha por el t\u00edtulo m\u00e1s apretada del siglo XXI | Motociclismo | Deportes"},"content":{"rendered":"<p class=\"\">Despu\u00e9s del habitual verano de posados de modelo en yates y playas de Menorca, Ibiza y otras islas paradis\u00edacas, los pilotos de MotoGP vuelven al ruedo <a href=\"https:\/\/elpais.com\/deportes\/motociclismo\/2026-08-07\/gp-de-gran-bretana-de-motogp-moto-2-y-moto3-horario-y-donde-ver-las-carreras.html\" target=\"_blank\" rel=\"noreferrer nofollow noopener\" title=\"https:\/\/elpais.com\/deportes\/motociclismo\/2026-08-07\/gp-de-gran-bretana-de-motogp-moto-2-y-moto3-horario-y-donde-ver-las-carreras.html\">este fin de semana en el GP de Gran Breta\u00f1a<\/a>. Este viernes, en el primer contacto con la pista en cuatro semanas, comand\u00f3 la jornada con r\u00e9cord de la pista (1.56,280) un Marco Bezzecchi que se encuentra entre los principales candidatos al cetro. El retorno a la acci\u00f3n es pr\u00e1cticamente el reinicio del Mundial m\u00e1s disputado que se recuerda. \u201cEmpezamos de cero\u201d, concuerdan varios pilotos. Con 11 grandes premios disputados y otros 11 por disputar, la diferencia entre los cinco primeros de la clasificaci\u00f3n general es de 24 puntos cuando cada triunfo en domingo suma 25. <a href=\"https:\/\/elpais.com\/deportes\/motociclismo\/2026-07-21\/honda-anuncia-los-fichajes-de-fabio-quartararo-y-david-alonso-en-motogp.html\" target=\"_blank\" rel=\"noreferrer nofollow noopener\" title=\"https:\/\/elpais.com\/deportes\/motociclismo\/2026-07-21\/honda-anuncia-los-fichajes-de-fabio-quartararo-y-david-alonso-en-motogp.html\">Los contendientes de Aprilia y Ducati<\/a> prev\u00e9n una lucha abierta e interesante sobre el asfalto, si bien todos ellos miran de reojo al campe\u00f3n reinante Marc M\u00e1rquez.<\/p>\n<p class=\"\">El madrile\u00f1o Jorge Mart\u00edn, campe\u00f3n de 2024, lidera la tabla sin apenas creerlo, perseguido a 14 puntos por el japon\u00e9s Ai Ogura y el defensor de la corona, tercero a 18. \u201cCreo que Marc es uno de los mejores pilotos de la historia, y sigue siendo el m\u00e1s fuerte y el favorito. El reto de plantarle cara ya es enorme, y no s\u00e9 si hay favoritos o no, pero lo importante ser\u00e1 estar all\u00ed a final de a\u00f1o\u201d, explica el espa\u00f1ol de Aprilia, que arrastr\u00f3 durante la primera mitad de curso las consecuencias de su 2025 plagado de lesiones y visitas al quir\u00f3fano. \u201cLa verdad, no entiendo c\u00f3mo lidero el Mundial todav\u00eda\u2026 son los dem\u00e1s los quienes deben pensar qu\u00e9 han hecho mal\u201d, a\u00f1ade el n\u00famero 89, cuarto en la jornada.<\/p>\n<p class=\"\">M\u00e1rquez mantiene la cautela y asegura que durante sus entrenamientos veraniegos ha entendido mejor qu\u00e9 puede hacer realmente su magullado hombro, operado hasta nueve veces desde 2019, la \u00faltima esta misma temporada a comienzos de mayo. Tras ausentarse de dos grandes premios, el heptacampe\u00f3n de MotoGP lleg\u00f3 a verse fuera de la contienda y a m\u00e1s de 100 puntos del l\u00edder, y sin embargo se planta con una desventaja m\u00ednima y una inercia muy positiva en el arranque del tramo decisivo, habiendo amasado tres victorias en las \u00faltimas cuatro citas.<\/p>\n<p class=\"\">\u201cDe los cinco que estamos luchando por el t\u00edtulo, ellos dicen que yo soy el favorito porque nadie quiere esa presi\u00f3n\u201d, <a href=\"https:\/\/elpais.com\/deportes\/motociclismo\/2026-07-12\/marc-marquez-se-corona-en-el-gp-de-alemania-para-irse-de-vacaciones-a-las-puertas-del-liderato-en-motogp.html\" target=\"_blank\" rel=\"noreferrer nofollow noopener\" title=\"https:\/\/elpais.com\/deportes\/motociclismo\/2026-07-12\/marc-marquez-se-corona-en-el-gp-de-alemania-para-irse-de-vacaciones-a-las-puertas-del-liderato-en-motogp.html\">asume el 93, un experto tambi\u00e9n en la batalla dialectal<\/a>. \u201cMe han regalado una segunda oportunidad, si el primero lo hubiera hecho medio bien, ya no lo habr\u00eda podido cazar. A m\u00ed, ganar otro t\u00edtulo no me cambiar\u00e1 la vida, a tres de ellos, s\u00ed\u201d, dispara en referencia a Fabio Di Giannantonio, Ogura y Bezzecchi, que jam\u00e1s hab\u00edan estado tan cerca de la corona en la \u00e9lite de la especialidad.<\/p>\n<p class=\"\">El f\u00edsico, indudablemente, puede resultar clave en el desenlace de la historia: M\u00e1rquez ha rendido por debajo de lo esperado por culpa del hombro; Mart\u00edn no ha estado todo lo fino que \u00e9l querr\u00eda; Bezzecchi, el anterior l\u00edder, se ha pasado todo el verano recuper\u00e1ndose de una fractura en la clav\u00edcula izquierda sufrida en el GP de Alemania; Di Giannantonio, la segunda Ducati en liza en quinta plaza, tambi\u00e9n se lesion\u00f3 una mano en el espeluznante accidente de <a href=\"https:\/\/elpais.com\/deportes\/motociclismo\/2026-07-06\/ktm-ficha-a-alex-marquez-para-liderar-su-proyecto-en-motogp.html\" target=\"_blank\" rel=\"noreferrer nofollow noopener\" title=\"https:\/\/elpais.com\/deportes\/motociclismo\/2026-07-06\/ktm-ficha-a-alex-marquez-para-liderar-su-proyecto-en-motogp.html\">Alex M\u00e1rquez en Montmel\u00f3<\/a>, que descart\u00f3 al vigente subcampe\u00f3n de la lucha. Ogura, campe\u00f3n de Moto2 en 2024 y el m\u00e1s joven de todos con 25 a\u00f1os, es quiz\u00e1s el piloto que llega en mejor forma a la batalla, pero tambi\u00e9n el que cuenta con menos experiencia en la categor\u00eda reina.<\/p>\n<p class=\"\">Un c\u00e1lculo matem\u00e1tico r\u00e1pido ilustra cu\u00e1n apretada est\u00e1 la lucha por el t\u00edtulo. <a href=\"https:\/\/elpais.com\/deportes\/2026-07-11\/marquez-reina-en-sachsenring-en-otra-jornada-negra-para-bezzecchi.html\" target=\"_blank\" rel=\"noreferrer nofollow noopener\" title=\"https:\/\/elpais.com\/deportes\/2026-07-11\/marquez-reina-en-sachsenring-en-otra-jornada-negra-para-bezzecchi.html\">Quedan un m\u00e1ximo de 407 puntos por repartirse<\/a>, 37 cada fin de semana \u201312 para el ganador de la \u2018sprint\u2019 del s\u00e1bado y 25 en el gran premio del domingo\u2013, y el grupo delantero al completo est\u00e1 a menos de una carrera de distancia. Por ahora, este s\u00e1bado estar\u00e1n todos en la lucha por la \u2018pole position\u2019 (13.15 horas) y buscar\u00e1n golpear primero en la \u2018sprint\u2019 (17.00 horas, DAZN) de Silverstone.<\/p>\n","protected":false},"excerpt":{"rendered":"Despu\u00e9s del habitual verano de posados de modelo en yates y playas de Menorca, Ibiza y otras islas&hellip;\n","protected":false},"author":2,"featured_media":699576,"comment_status":"","ping_status":"","sticky":false,"template":"","format":"standard","meta":{"footnotes":""},"categories":[93],"tags":[22855,1762,168,1764,25,24,118259,13638,14726,16628,22854,1760,23,167],"class_list":["post-699575","post","type-post","status-publish","format-standard","has-post-thumbnail","category-deportes","tag-alex-marquez","tag-circuitos-velocidad","tag-deportes","tag-deportes-motor","tag-es","tag-espana","tag-gp-gran-bretana","tag-marc-marquez","tag-moto-gp","tag-motociclismo","tag-mundial-motociclismo","tag-pilotos-deportivos","tag-spain","tag-sports"],"share_on_mastodon":{"url":"","error":""},"_links":{"self":[{"href":"https:\/\/www.europesays.com\/es\/wp-json\/wp\/v2\/posts\/699575","targetHints":{"allow":["GET"]}}],"collection":[{"href":"https:\/\/www.europesays.com\/es\/wp-json\/wp\/v2\/posts"}],"about":[{"href":"https:\/\/www.europesays.com\/es\/wp-json\/wp\/v2\/types\/post"}],"author":[{"embeddable":true,"href":"https:\/\/www.europesays.com\/es\/wp-json\/wp\/v2\/users\/2"}],"replies":[{"embeddable":true,"href":"https:\/\/www.europesays.com\/es\/wp-json\/wp\/v2\/comments?post=699575"}],"version-history":[{"count":0,"href":"https:\/\/www.europesays.com\/es\/wp-json\/wp\/v2\/posts\/699575\/revisions"}],"wp:featuredmedia":[{"embeddable":true,"href":"https:\/\/www.europesays.com\/es\/wp-json\/wp\/v2\/media\/699576"}],"wp:attachment":[{"href":"https:\/\/www.europesays.com\/es\/wp-json\/wp\/v2\/media?parent=699575"}],"wp:term":[{"taxonomy":"category","embeddable":true,"href":"https:\/\/www.europesays.com\/es\/wp-json\/wp\/v2\/categories?post=699575"},{"taxonomy":"post_tag","embeddable":true,"href":"https:\/\/www.europesays.com\/es\/wp-json\/wp\/v2\/tags?post=699575"}],"curies":[{"name":"wp","href":"https:\/\/api.w.org\/{rel}","templated":true}]}}